{"id":169894,"date":"2024-12-04T13:30:14","date_gmt":"2024-12-04T13:30:14","guid":{"rendered":"https:\/?p=169894"},"modified":"2024-12-04T20:43:31","modified_gmt":"2024-12-04T20:43:31","slug":"lufthansa-group-announces-new-european-destinations-for-summer-2025","status":"publish","type":"post","link":"https:\/\/aviacionaldia.com\/en\/2024\/12\/lufthansa-group-announces-new-european-destinations-for-summer-2025.html","title":{"rendered":"Lufthansa Group announces new European destinations for summer 2025"},"content":{"rendered":"\n<p>The <strong>Lufthansa Group<\/strong> announced Wednesday that it will add new European summer destinations to the flight schedule of <strong>Lufthansa Airlines, Swiss International Air Lines and Brussels Airlines.<\/strong><\/p>\n\n\n\n<p>Lufthansa Airlines will offer a new route between Frankfurt and Lamezia Terme (Calabria) starting April 6, 2025. The airline will fly to southern Italy every Sunday and from May 1, 2025, also on Thursdays.<\/p>\n\n\n\n<p>Figari in Corsica (France) will also be new in the schedule for Lufthansa Airlines from Frankfurt. The Corsican city will be served once a week (Saturday) from May 17, 2025.<\/p>\n\n\n\n<p><strong><em>\u2192 <a href=\"https:\/en\/2024\/11\/lufthansa-group-to-fly-to-more-than-300-destinations-by-summer-2025.html\">Lufthansa Group to fly to more than 300 destinations by summer 2025<\/a><\/em><\/strong><\/p>\n\n\n\n<p>Swiss International Air Lines will offer flights to the Croatian city of Dubrovnik from Zurich from April 17, 2025. The historic city will be accessible up to five times a week during the summer.<\/p>\n\n\n\n<p>Brussels Airlines is offering flights to Funchal (Madeira\/Portugal) from Brussels for the first time. The flight will be available once a week (Saturday) from April 5, 2025.<\/p>\n\n\n\n<p>The Lufthansa Group airlines will thus offer their guests over 12,000 weekly connections to over 300 destinations in more than 100 countries via their hubs in Germany, Switzerland, Austria and Belgium.<\/p>\n\n\n\n<h2 class=\"wp-block-heading\" id=\"related-topics\">Related Topics<\/h2>\n\n\n\n\t\t\t<div class=\"wp-block-uagb-post-grid uagb-post-grid  uagb-post__image-position-top uagb-post__image-enabled uagb-block-815d8787     uagb-post__items uagb-post__columns-2 is-grid uagb-post__columns-tablet-2 uagb-post__columns-mobile-1 uagb-post__equal-height\" data-total=\"418\" style=\"\">\n\n\t\t\t\t\t\t\t\t\t\t\t\t<article class=\"uagb-post__inner-wrap\">\t\t\t\t\t\t\t\t<div class='uagb-post__image'>\n\t\t\t\t\t\t\t\t\t<a href=\"https:\/\/aviacionaldia.com\/en\/2026\/04\/avianca-seeks-authorization-to-launch-bogota-maracaibo-service.html\" target=\"_self\" rel=\"bookmark noopener noreferrer\" class='uagb-image-ratio-inherit'><img decoding=\"async\" width=\"800\" height=\"400\" src=\"https:\/\/aviacionaldia.com\/wp-content\/uploads\/2021\/04\/Avianca-A320.jpg\" class=\"attachment-large size-large\" alt=\"\" srcset=\"https:\/\/aviacionaldia.com\/wp-content\/uploads\/2021\/04\/Avianca-A320.jpg 800w, https:\/\/aviacionaldia.com\/wp-content\/uploads\/2021\/04\/Avianca-A320-300x150.jpg 300w, https:\/\/aviacionaldia.com\/wp-content\/uploads\/2021\/04\/Avianca-A320-768x384.jpg 768w, https:\/\/aviacionaldia.com\/wp-content\/uploads\/2021\/04\/Avianca-A320-380x190.jpg 380w\" sizes=\"(max-width: 800px) 100vw, 800px\" \/>\t\t\t\t\t<\/a>\n\t\t\t\t\t\t\t<\/div>\n\t\t\t\t\t\t<h4 class=\"uagb-post__title uagb-post__text\">\n\t\t\t\t<a href=\"https:\/\/aviacionaldia.com\/en\/2026\/04\/avianca-seeks-authorization-to-launch-bogota-maracaibo-service.html\" target=\"_self\" rel=\"bookmark noopener noreferrer\">Avianca Seeks Authorization to Launch Bogot\u00e1\u2013Maracaibo Service<\/a>\n\t\t\t<\/h4>\n\t\t\t\t\t\t<div class='uagb-post__text uagb-post-grid-byline'>\n\t\t\t\t\t\t\t<\/div>\n\t\t\t\t\t\t<div class=\"uagb-post__text uagb-post__cta wp-block-button\">\n\t\t\t\t<a class=\"wp-block-button__link uagb-text-link\" style=\"\" href=\"https:\/\/aviacionaldia.com\/en\/2026\/04\/avianca-seeks-authorization-to-launch-bogota-maracaibo-service.html\" target=\"_self\" rel=\"bookmark noopener noreferrer\">Read More<\/a>\n\t\t\t<\/div>\n\t\t\t\n\t\t\t\t\t\t\t\t\t<\/article>\n\t\t\t\t\t\t\t\t\t\t\t\t\t\t\t\t<article class=\"uagb-post__inner-wrap\">\t\t\t\t\t\t\t\t<div class='uagb-post__image'>\n\t\t\t\t\t\t\t\t\t<a href=\"https:\/\/aviacionaldia.com\/en\/2026\/04\/latam-airlines-reduces-co2-emissions-by-one-million-tons-annually-through-technological-innovation-and-operational-efficiency.html\" target=\"_self\" rel=\"bookmark noopener noreferrer\" class='uagb-image-ratio-inherit'><img decoding=\"async\" width=\"800\" height=\"400\" src=\"https:\/\/aviacionaldia.com\/wp-content\/uploads\/2023\/02\/Latam-Airlines-avion.jpg\" class=\"attachment-large size-large\" alt=\"\" srcset=\"https:\/\/aviacionaldia.com\/wp-content\/uploads\/2023\/02\/Latam-Airlines-avion.jpg 800w, https:\/\/aviacionaldia.com\/wp-content\/uploads\/2023\/02\/Latam-Airlines-avion-300x150.jpg 300w, https:\/\/aviacionaldia.com\/wp-content\/uploads\/2023\/02\/Latam-Airlines-avion-768x384.jpg 768w, https:\/\/aviacionaldia.com\/wp-content\/uploads\/2023\/02\/Latam-Airlines-avion-380x190.jpg 380w\" sizes=\"(max-width: 800px) 100vw, 800px\" \/>\t\t\t\t\t<\/a>\n\t\t\t\t\t\t\t<\/div>\n\t\t\t\t\t\t<h4 class=\"uagb-post__title uagb-post__text\">\n\t\t\t\t<a href=\"https:\/\/aviacionaldia.com\/en\/2026\/04\/latam-airlines-reduces-co2-emissions-by-one-million-tons-annually-through-technological-innovation-and-operational-efficiency.html\" target=\"_self\" rel=\"bookmark noopener noreferrer\">LATAM Airlines Reduces CO2 Emissions by One Million Tons Annually Through Technological Innovation and Operational Efficiency<\/a>\n\t\t\t<\/h4>\n\t\t\t\t\t\t<div class='uagb-post__text uagb-post-grid-byline'>\n\t\t\t\t\t\t\t<\/div>\n\t\t\t\t\t\t<div class=\"uagb-post__text uagb-post__cta wp-block-button\">\n\t\t\t\t<a class=\"wp-block-button__link uagb-text-link\" style=\"\" href=\"https:\/\/aviacionaldia.com\/en\/2026\/04\/latam-airlines-reduces-co2-emissions-by-one-million-tons-annually-through-technological-innovation-and-operational-efficiency.html\" target=\"_self\" rel=\"bookmark noopener noreferrer\">Read More<\/a>\n\t\t\t<\/div>\n\t\t\t\n\t\t\t\t\t\t\t\t\t<\/article>\n\t\t\t\t\t\t\t\t\t\t\t\t\t\t\t\t<article class=\"uagb-post__inner-wrap\">\t\t\t\t\t\t\t\t<div class='uagb-post__image'>\n\t\t\t\t\t\t\t\t\t<a href=\"https:\/\/aviacionaldia.com\/en\/2026\/04\/alta-maps-out-roadmap-to-net-zero-challenges-and-opportunities-for-aviation-in-latin-america-and-the-caribbean.html\" target=\"_self\" rel=\"bookmark noopener noreferrer\" class='uagb-image-ratio-inherit'><img decoding=\"async\" width=\"800\" height=\"400\" src=\"https:\/\/aviacionaldia.com\/wp-content\/uploads\/2026\/04\/Avion-Emisiones.webp\" class=\"attachment-large size-large\" alt=\"\" srcset=\"https:\/\/aviacionaldia.com\/wp-content\/uploads\/2026\/04\/Avion-Emisiones.webp 800w, https:\/\/aviacionaldia.com\/wp-content\/uploads\/2026\/04\/Avion-Emisiones-300x150.webp 300w, https:\/\/aviacionaldia.com\/wp-content\/uploads\/2026\/04\/Avion-Emisiones-768x384.webp 768w, https:\/\/aviacionaldia.com\/wp-content\/uploads\/2026\/04\/Avion-Emisiones-380x190.webp 380w\" sizes=\"(max-width: 800px) 100vw, 800px\" \/>\t\t\t\t\t<\/a>\n\t\t\t\t\t\t\t<\/div>\n\t\t\t\t\t\t<h4 class=\"uagb-post__title uagb-post__text\">\n\t\t\t\t<a href=\"https:\/\/aviacionaldia.com\/en\/2026\/04\/alta-maps-out-roadmap-to-net-zero-challenges-and-opportunities-for-aviation-in-latin-america-and-the-caribbean.html\" target=\"_self\" rel=\"bookmark noopener noreferrer\">ALTA Maps Out Roadmap to Net Zero: Challenges and Opportunities for Aviation in Latin America and the Caribbean<\/a>\n\t\t\t<\/h4>\n\t\t\t\t\t\t<div class='uagb-post__text uagb-post-grid-byline'>\n\t\t\t\t\t\t\t<\/div>\n\t\t\t\t\t\t<div class=\"uagb-post__text uagb-post__cta wp-block-button\">\n\t\t\t\t<a class=\"wp-block-button__link uagb-text-link\" style=\"\" href=\"https:\/\/aviacionaldia.com\/en\/2026\/04\/alta-maps-out-roadmap-to-net-zero-challenges-and-opportunities-for-aviation-in-latin-america-and-the-caribbean.html\" target=\"_self\" rel=\"bookmark noopener noreferrer\">Read More<\/a>\n\t\t\t<\/div>\n\t\t\t\n\t\t\t\t\t\t\t\t\t<\/article>\n\t\t\t\t\t\t\t\t\t\t\t\t\t\t\t\t<article class=\"uagb-post__inner-wrap\">\t\t\t\t\t\t\t\t<div class='uagb-post__image'>\n\t\t\t\t\t\t\t\t\t<a href=\"https:\/\/aviacionaldia.com\/en\/2026\/04\/air-traffic-in-latin-america-and-the-caribbean-grows-6-6-in-february.html\" target=\"_self\" rel=\"bookmark noopener noreferrer\" class='uagb-image-ratio-inherit'><img decoding=\"async\" width=\"800\" height=\"400\" src=\"https:\/\/aviacionaldia.com\/wp-content\/uploads\/2021\/11\/Pasajeros-de-avion.jpg\" class=\"attachment-large size-large\" alt=\"\" srcset=\"https:\/\/aviacionaldia.com\/wp-content\/uploads\/2021\/11\/Pasajeros-de-avion.jpg 800w, https:\/\/aviacionaldia.com\/wp-content\/uploads\/2021\/11\/Pasajeros-de-avion-300x150.jpg 300w, https:\/\/aviacionaldia.com\/wp-content\/uploads\/2021\/11\/Pasajeros-de-avion-768x384.jpg 768w, https:\/\/aviacionaldia.com\/wp-content\/uploads\/2021\/11\/Pasajeros-de-avion-380x190.jpg 380w\" sizes=\"(max-width: 800px) 100vw, 800px\" \/>\t\t\t\t\t<\/a>\n\t\t\t\t\t\t\t<\/div>\n\t\t\t\t\t\t<h4 class=\"uagb-post__title uagb-post__text\">\n\t\t\t\t<a href=\"https:\/\/aviacionaldia.com\/en\/2026\/04\/air-traffic-in-latin-america-and-the-caribbean-grows-6-6-in-february.html\" target=\"_self\" rel=\"bookmark noopener noreferrer\">Air Traffic in Latin America and the Caribbean Grows 6.6% in February<\/a>\n\t\t\t<\/h4>\n\t\t\t\t\t\t<div class='uagb-post__text uagb-post-grid-byline'>\n\t\t\t\t\t\t\t<\/div>\n\t\t\t\t\t\t<div class=\"uagb-post__text uagb-post__cta wp-block-button\">\n\t\t\t\t<a class=\"wp-block-button__link uagb-text-link\" style=\"\" href=\"https:\/\/aviacionaldia.com\/en\/2026\/04\/air-traffic-in-latin-america-and-the-caribbean-grows-6-6-in-february.html\" target=\"_self\" rel=\"bookmark noopener noreferrer\">Read More<\/a>\n\t\t\t<\/div>\n\t\t\t\n\t\t\t\t\t\t\t\t\t<\/article>\n\t\t\t\t\t\t\t\t\t\t\t<\/div>\n\t\t\t","protected":false},"excerpt":{"rendered":"The Lufthansa Group announced Wednesday that it will add new European summer destinations to the flight schedule of&hellip;\n","protected":false},"author":4316,"featured_media":169887,"comment_status":"open","ping_status":"closed","sticky":false,"template":"","format":"standard","meta":{"_uag_custom_page_level_css":"","footnotes":""},"categories":[1],"tags":[603,230,269,198,203],"class_list":{"0":"post-169894","1":"post","2":"type-post","3":"status-publish","4":"format-standard","5":"has-post-thumbnail","7":"category-airlines","8":"tag-aerolinea-en-2","9":"tag-airline","10":"tag-europe","11":"tag-flights","12":"tag-lufthansa-2"},"uagb_featured_image_src":{"full":["https:\/\/aviacionaldia.com\/wp-content\/uploads\/2024\/12\/Lufthansa-Airlines-Swiss-International-Air-Lines-y-Brussels-Airlines.jpg",800,400,false],"thumbnail":["https:\/\/aviacionaldia.com\/wp-content\/uploads\/2024\/12\/Lufthansa-Airlines-Swiss-International-Air-Lines-y-Brussels-Airlines-150x150.jpg",150,150,true],"medium":["https:\/\/aviacionaldia.com\/wp-content\/uploads\/2024\/12\/Lufthansa-Airlines-Swiss-International-Air-Lines-y-Brussels-Airlines-300x150.jpg",300,150,true],"medium_large":["https:\/\/aviacionaldia.com\/wp-content\/uploads\/2024\/12\/Lufthansa-Airlines-Swiss-International-Air-Lines-y-Brussels-Airlines-768x384.jpg",768,384,true],"large":["https:\/\/aviacionaldia.com\/wp-content\/uploads\/2024\/12\/Lufthansa-Airlines-Swiss-International-Air-Lines-y-Brussels-Airlines.jpg",800,400,false],"1536x1536":["https:\/\/aviacionaldia.com\/wp-content\/uploads\/2024\/12\/Lufthansa-Airlines-Swiss-International-Air-Lines-y-Brussels-Airlines.jpg",800,400,false],"2048x2048":["https:\/\/aviacionaldia.com\/wp-content\/uploads\/2024\/12\/Lufthansa-Airlines-Swiss-International-Air-Lines-y-Brussels-Airlines.jpg",800,400,false],"pk-small":["https:\/\/aviacionaldia.com\/wp-content\/uploads\/2024\/12\/Lufthansa-Airlines-Swiss-International-Air-Lines-y-Brussels-Airlines.jpg",80,40,false],"pk-thumbnail":["https:\/\/aviacionaldia.com\/wp-content\/uploads\/2024\/12\/Lufthansa-Airlines-Swiss-International-Air-Lines-y-Brussels-Airlines.jpg",300,150,false],"csco-small":["https:\/\/aviacionaldia.com\/wp-content\/uploads\/2024\/12\/Lufthansa-Airlines-Swiss-International-Air-Lines-y-Brussels-Airlines-80x80.jpg",80,80,true],"csco-intermediate":["https:\/\/aviacionaldia.com\/wp-content\/uploads\/2024\/12\/Lufthansa-Airlines-Swiss-International-Air-Lines-y-Brussels-Airlines-200x140.jpg",200,140,true],"csco-thumbnail":["https:\/\/aviacionaldia.com\/wp-content\/uploads\/2024\/12\/Lufthansa-Airlines-Swiss-International-Air-Lines-y-Brussels-Airlines-380x220.jpg",380,220,true],"csco-thumbnail-alternative":["https:\/\/aviacionaldia.com\/wp-content\/uploads\/2024\/12\/Lufthansa-Airlines-Swiss-International-Air-Lines-y-Brussels-Airlines-300x180.jpg",300,180,true],"csco-thumbnail-uncropped":["https:\/\/aviacionaldia.com\/wp-content\/uploads\/2024\/12\/Lufthansa-Airlines-Swiss-International-Air-Lines-y-Brussels-Airlines-380x190.jpg",380,190,true],"csco-medium":["https:\/\/aviacionaldia.com\/wp-content\/uploads\/2024\/12\/Lufthansa-Airlines-Swiss-International-Air-Lines-y-Brussels-Airlines.jpg",800,400,false],"csco-medium-alternative":["https:\/\/aviacionaldia.com\/wp-content\/uploads\/2024\/12\/Lufthansa-Airlines-Swiss-International-Air-Lines-y-Brussels-Airlines-560x336.jpg",560,336,true],"csco-medium-uncropped":["https:\/\/aviacionaldia.com\/wp-content\/uploads\/2024\/12\/Lufthansa-Airlines-Swiss-International-Air-Lines-y-Brussels-Airlines.jpg",800,400,false],"csco-large":["https:\/\/aviacionaldia.com\/wp-content\/uploads\/2024\/12\/Lufthansa-Airlines-Swiss-International-Air-Lines-y-Brussels-Airlines.jpg",800,400,false],"csco-large-uncropped":["https:\/\/aviacionaldia.com\/wp-content\/uploads\/2024\/12\/Lufthansa-Airlines-Swiss-International-Air-Lines-y-Brussels-Airlines.jpg",800,400,false],"csco-extra-large":["https:\/\/aviacionaldia.com\/wp-content\/uploads\/2024\/12\/Lufthansa-Airlines-Swiss-International-Air-Lines-y-Brussels-Airlines.jpg",800,400,false]},"uagb_author_info":{"display_name":"Redacci\u00f3n - Aviaci\u00f3n al D\u00eda","author_link":"https:\/\/aviacionaldia.com\/en\/author\/aad"},"uagb_comment_info":0,"uagb_excerpt":"The Lufthansa Group announced Wednesday that it will add new European summer destinations to the flight schedule of&hellip;","amp_enabled":true,"_links":{"self":[{"href":"https:\/\/aviacionaldia.com\/en\/wp-json\/wp\/v2\/posts\/169894","targetHints":{"allow":["GET"]}}],"collection":[{"href":"https:\/\/aviacionaldia.com\/en\/wp-json\/wp\/v2\/posts"}],"about":[{"href":"https:\/\/aviacionaldia.com\/en\/wp-json\/wp\/v2\/types\/post"}],"author":[{"embeddable":true,"href":"https:\/\/aviacionaldia.com\/en\/wp-json\/wp\/v2\/users\/4316"}],"replies":[{"embeddable":true,"href":"https:\/\/aviacionaldia.com\/en\/wp-json\/wp\/v2\/comments?post=169894"}],"version-history":[{"count":2,"href":"https:\/\/aviacionaldia.com\/en\/wp-json\/wp\/v2\/posts\/169894\/revisions"}],"predecessor-version":[{"id":169909,"href":"https:\/\/aviacionaldia.com\/en\/wp-json\/wp\/v2\/posts\/169894\/revisions\/169909"}],"wp:featuredmedia":[{"embeddable":true,"href":"https:\/\/aviacionaldia.com\/en\/wp-json\/wp\/v2\/media\/169887"}],"wp:attachment":[{"href":"https:\/\/aviacionaldia.com\/en\/wp-json\/wp\/v2\/media?parent=169894"}],"wp:term":[{"taxonomy":"category","embeddable":true,"href":"https:\/\/aviacionaldia.com\/en\/wp-json\/wp\/v2\/categories?post=169894"},{"taxonomy":"post_tag","embeddable":true,"href":"https:\/\/aviacionaldia.com\/en\/wp-json\/wp\/v2\/tags?post=169894"}],"curies":[{"name":"wp","href":"https:\/\/api.w.org\/{rel}","templated":true}]}}