{"id":170210,"date":"2024-12-19T13:00:42","date_gmt":"2024-12-19T13:00:42","guid":{"rendered":"https:\/?p=170210"},"modified":"2024-12-19T23:43:02","modified_gmt":"2024-12-19T23:43:02","slug":"qatar-airways-requested-authorization-from-aerocivil-to-operate-the-doha-bogota-caracas-route","status":"publish","type":"post","link":"https:\/\/aviacionaldia.com\/en\/2024\/12\/qatar-airways-requested-authorization-from-aerocivil-to-operate-the-doha-bogota-caracas-route.html","title":{"rendered":"Qatar Airways requested authorization from Aerocivil to operate the Doha-Bogot\u00e1-Caracas route"},"content":{"rendered":"\n<p>The Civil Aeronautics confirmed on Thursday, through the social network X, that <strong>Qatar Airways <\/strong>requested authorization to operate the Doha-Bogot\u00e1-Caracas (technical stop)-Doha route.<\/p>\n\n\n\n<p>The application indicates that the route will operate twice weekly frequencies and on Boeing B777-300ER and Airbus A350-1000 aircraft.<\/p>\n\n\n\n<p><strong><em>\u2192 <a href=\"https:\/en\/2024\/12\/qatar-airways-to-resume-flights-to-canberra-australia-in-2025.html\">Qatar Airways to resume flights to Canberra (Australia) in 2025<\/a><\/em><\/strong><\/p>\n\n\n\n<p>On November 23, during the IATA World Slots Conference, the Civil Aeronautics announced the airline&#8217;s plans to connect the capitals of Colombia and Qatar.<\/p>\n\n\n\n<p>If completed, Qatar Airways would be the second Middle Eastern airline to fly to Colombia, after Emirates began operations in June of this year.<\/p>\n\n\n\n<figure class=\"wp-block-image size-full\"><img decoding=\"async\" width=\"700\" height=\"931\" src=\"http:\/\/aviacionaldia.com\/wp-content\/uploads\/2024\/12\/Solicitud-Qatar-Airways-para-volar-Doha-Bogota-Caracas.jpg\" alt=\"\" class=\"wp-image-170186\" srcset=\"https:\/\/aviacionaldia.com\/wp-content\/uploads\/2024\/12\/Solicitud-Qatar-Airways-para-volar-Doha-Bogota-Caracas.jpg 700w, https:\/\/aviacionaldia.com\/wp-content\/uploads\/2024\/12\/Solicitud-Qatar-Airways-para-volar-Doha-Bogota-Caracas-226x300.jpg 226w, https:\/\/aviacionaldia.com\/wp-content\/uploads\/2024\/12\/Solicitud-Qatar-Airways-para-volar-Doha-Bogota-Caracas-380x505.jpg 380w\" sizes=\"(max-width: 700px) 100vw, 700px\" \/><\/figure>\n\n\n\n<h2 class=\"wp-block-heading\" id=\"related-topics\">Related Topics<\/h2>\n\n\n\n\t\t\t<div class=\"wp-block-uagb-post-grid uagb-post-grid  uagb-post__image-position-top uagb-post__image-enabled uagb-block-815d8787     uagb-post__items uagb-post__columns-2 is-grid uagb-post__columns-tablet-2 uagb-post__columns-mobile-1 uagb-post__equal-height\" data-total=\"202\" style=\"\">\n\n\t\t\t\t\t\t\t\t\t\t\t\t<article class=\"uagb-post__inner-wrap\">\t\t\t\t\t\t\t\t<div class='uagb-post__image'>\n\t\t\t\t\t\t\t\t\t<a href=\"https:\/\/aviacionaldia.com\/en\/2026\/04\/humanoid-robots-on-ramp-jal-and-gmo-air-to-launch-pilot-program-at-tokyo-haneda-airport.html\" target=\"_self\" rel=\"bookmark noopener noreferrer\" class='uagb-image-ratio-inherit'><img decoding=\"async\" width=\"800\" height=\"400\" src=\"https:\/\/aviacionaldia.com\/wp-content\/uploads\/2026\/04\/Japan-Airlines-Robots-en-aeropuerto.webp\" class=\"attachment-large size-large\" alt=\"\" srcset=\"https:\/\/aviacionaldia.com\/wp-content\/uploads\/2026\/04\/Japan-Airlines-Robots-en-aeropuerto.webp 800w, https:\/\/aviacionaldia.com\/wp-content\/uploads\/2026\/04\/Japan-Airlines-Robots-en-aeropuerto-300x150.webp 300w, https:\/\/aviacionaldia.com\/wp-content\/uploads\/2026\/04\/Japan-Airlines-Robots-en-aeropuerto-768x384.webp 768w, https:\/\/aviacionaldia.com\/wp-content\/uploads\/2026\/04\/Japan-Airlines-Robots-en-aeropuerto-380x190.webp 380w\" sizes=\"(max-width: 800px) 100vw, 800px\" \/>\t\t\t\t\t<\/a>\n\t\t\t\t\t\t\t<\/div>\n\t\t\t\t\t\t<h4 class=\"uagb-post__title uagb-post__text\">\n\t\t\t\t<a href=\"https:\/\/aviacionaldia.com\/en\/2026\/04\/humanoid-robots-on-ramp-jal-and-gmo-air-to-launch-pilot-program-at-tokyo-haneda-airport.html\" target=\"_self\" rel=\"bookmark noopener noreferrer\">Humanoid Robots on Ramp: JAL and GMO AIR to Launch Pilot Program at Tokyo-Haneda Airport<\/a>\n\t\t\t<\/h4>\n\t\t\t\t\t\t<div class='uagb-post__text uagb-post-grid-byline'>\n\t\t\t\t\t\t\t<\/div>\n\t\t\t\t\t\t<div class=\"uagb-post__text uagb-post__cta wp-block-button\">\n\t\t\t\t<a class=\"wp-block-button__link uagb-text-link\" style=\"\" href=\"https:\/\/aviacionaldia.com\/en\/2026\/04\/humanoid-robots-on-ramp-jal-and-gmo-air-to-launch-pilot-program-at-tokyo-haneda-airport.html\" target=\"_self\" rel=\"bookmark noopener noreferrer\">Read More<\/a>\n\t\t\t<\/div>\n\t\t\t\n\t\t\t\t\t\t\t\t\t<\/article>\n\t\t\t\t\t\t\t\t\t\t\t\t\t\t\t\t<article class=\"uagb-post__inner-wrap\">\t\t\t\t\t\t\t\t<div class='uagb-post__image'>\n\t\t\t\t\t\t\t\t\t<a href=\"https:\/\/aviacionaldia.com\/en\/2026\/04\/air-china-announces-new-direct-route-between-beijing-and-venice-for-summer.html\" target=\"_self\" rel=\"bookmark noopener noreferrer\" class='uagb-image-ratio-inherit'><img decoding=\"async\" width=\"800\" height=\"400\" src=\"https:\/\/aviacionaldia.com\/wp-content\/uploads\/2026\/04\/Air-China-Airbus-A330.webp\" class=\"attachment-large size-large\" alt=\"\" srcset=\"https:\/\/aviacionaldia.com\/wp-content\/uploads\/2026\/04\/Air-China-Airbus-A330.webp 800w, https:\/\/aviacionaldia.com\/wp-content\/uploads\/2026\/04\/Air-China-Airbus-A330-300x150.webp 300w, https:\/\/aviacionaldia.com\/wp-content\/uploads\/2026\/04\/Air-China-Airbus-A330-768x384.webp 768w, https:\/\/aviacionaldia.com\/wp-content\/uploads\/2026\/04\/Air-China-Airbus-A330-380x190.webp 380w\" sizes=\"(max-width: 800px) 100vw, 800px\" \/>\t\t\t\t\t<\/a>\n\t\t\t\t\t\t\t<\/div>\n\t\t\t\t\t\t<h4 class=\"uagb-post__title uagb-post__text\">\n\t\t\t\t<a href=\"https:\/\/aviacionaldia.com\/en\/2026\/04\/air-china-announces-new-direct-route-between-beijing-and-venice-for-summer.html\" target=\"_self\" rel=\"bookmark noopener noreferrer\">Air China Announces New Direct Route Between Beijing and Venice for Summer<\/a>\n\t\t\t<\/h4>\n\t\t\t\t\t\t<div class='uagb-post__text uagb-post-grid-byline'>\n\t\t\t\t\t\t\t<\/div>\n\t\t\t\t\t\t<div class=\"uagb-post__text uagb-post__cta wp-block-button\">\n\t\t\t\t<a class=\"wp-block-button__link uagb-text-link\" style=\"\" href=\"https:\/\/aviacionaldia.com\/en\/2026\/04\/air-china-announces-new-direct-route-between-beijing-and-venice-for-summer.html\" target=\"_self\" rel=\"bookmark noopener noreferrer\">Read More<\/a>\n\t\t\t<\/div>\n\t\t\t\n\t\t\t\t\t\t\t\t\t<\/article>\n\t\t\t\t\t\t\t\t\t\t\t\t\t\t\t\t<article class=\"uagb-post__inner-wrap\">\t\t\t\t\t\t\t\t<div class='uagb-post__image'>\n\t\t\t\t\t\t\t\t\t<a href=\"https:\/\/aviacionaldia.com\/en\/2026\/04\/air-premia-launches-new-route-between-seoul-and-washington-d-c.html\" target=\"_self\" rel=\"bookmark noopener noreferrer\" class='uagb-image-ratio-inherit'><img decoding=\"async\" width=\"800\" height=\"400\" src=\"https:\/\/aviacionaldia.com\/wp-content\/uploads\/2026\/04\/Air-Premia-Vuelos-a-Washington-D.C.webp\" class=\"attachment-large size-large\" alt=\"\" srcset=\"https:\/\/aviacionaldia.com\/wp-content\/uploads\/2026\/04\/Air-Premia-Vuelos-a-Washington-D.C.webp 800w, https:\/\/aviacionaldia.com\/wp-content\/uploads\/2026\/04\/Air-Premia-Vuelos-a-Washington-D.C-300x150.webp 300w, https:\/\/aviacionaldia.com\/wp-content\/uploads\/2026\/04\/Air-Premia-Vuelos-a-Washington-D.C-768x384.webp 768w, https:\/\/aviacionaldia.com\/wp-content\/uploads\/2026\/04\/Air-Premia-Vuelos-a-Washington-D.C-380x190.webp 380w\" sizes=\"(max-width: 800px) 100vw, 800px\" \/>\t\t\t\t\t<\/a>\n\t\t\t\t\t\t\t<\/div>\n\t\t\t\t\t\t<h4 class=\"uagb-post__title uagb-post__text\">\n\t\t\t\t<a href=\"https:\/\/aviacionaldia.com\/en\/2026\/04\/air-premia-launches-new-route-between-seoul-and-washington-d-c.html\" target=\"_self\" rel=\"bookmark noopener noreferrer\">Air Premia Launches New Route Between Seoul and Washington D.C.<\/a>\n\t\t\t<\/h4>\n\t\t\t\t\t\t<div class='uagb-post__text uagb-post-grid-byline'>\n\t\t\t\t\t\t\t<\/div>\n\t\t\t\t\t\t<div class=\"uagb-post__text uagb-post__cta wp-block-button\">\n\t\t\t\t<a class=\"wp-block-button__link uagb-text-link\" style=\"\" href=\"https:\/\/aviacionaldia.com\/en\/2026\/04\/air-premia-launches-new-route-between-seoul-and-washington-d-c.html\" target=\"_self\" rel=\"bookmark noopener noreferrer\">Read More<\/a>\n\t\t\t<\/div>\n\t\t\t\n\t\t\t\t\t\t\t\t\t<\/article>\n\t\t\t\t\t\t\t\t\t\t\t\t\t\t\t\t<article class=\"uagb-post__inner-wrap\">\t\t\t\t\t\t\t\t<div class='uagb-post__image'>\n\t\t\t\t\t\t\t\t\t<a href=\"https:\/\/aviacionaldia.com\/en\/2026\/04\/ita-airways-expands-asian-presence-with-increased-flights-to-bangkok-and-new-delhi.html\" target=\"_self\" rel=\"bookmark noopener noreferrer\" class='uagb-image-ratio-inherit'><img decoding=\"async\" width=\"800\" height=\"400\" src=\"https:\/\/aviacionaldia.com\/wp-content\/uploads\/2025\/12\/ITA-Airways-Airbus-A350.webp\" class=\"attachment-large size-large\" alt=\"\" srcset=\"https:\/\/aviacionaldia.com\/wp-content\/uploads\/2025\/12\/ITA-Airways-Airbus-A350.webp 800w, https:\/\/aviacionaldia.com\/wp-content\/uploads\/2025\/12\/ITA-Airways-Airbus-A350-300x150.webp 300w, https:\/\/aviacionaldia.com\/wp-content\/uploads\/2025\/12\/ITA-Airways-Airbus-A350-768x384.webp 768w, https:\/\/aviacionaldia.com\/wp-content\/uploads\/2025\/12\/ITA-Airways-Airbus-A350-380x190.webp 380w\" sizes=\"(max-width: 800px) 100vw, 800px\" \/>\t\t\t\t\t<\/a>\n\t\t\t\t\t\t\t<\/div>\n\t\t\t\t\t\t<h4 class=\"uagb-post__title uagb-post__text\">\n\t\t\t\t<a href=\"https:\/\/aviacionaldia.com\/en\/2026\/04\/ita-airways-expands-asian-presence-with-increased-flights-to-bangkok-and-new-delhi.html\" target=\"_self\" rel=\"bookmark noopener noreferrer\">ITA Airways Expands Asian Presence with Increased Flights to Bangkok and New Delhi<\/a>\n\t\t\t<\/h4>\n\t\t\t\t\t\t<div class='uagb-post__text uagb-post-grid-byline'>\n\t\t\t\t\t\t\t<\/div>\n\t\t\t\t\t\t<div class=\"uagb-post__text uagb-post__cta wp-block-button\">\n\t\t\t\t<a class=\"wp-block-button__link uagb-text-link\" style=\"\" href=\"https:\/\/aviacionaldia.com\/en\/2026\/04\/ita-airways-expands-asian-presence-with-increased-flights-to-bangkok-and-new-delhi.html\" target=\"_self\" rel=\"bookmark noopener noreferrer\">Read More<\/a>\n\t\t\t<\/div>\n\t\t\t\n\t\t\t\t\t\t\t\t\t<\/article>\n\t\t\t\t\t\t\t\t\t\t\t<\/div>\n\t\t\t","protected":false},"excerpt":{"rendered":"The Civil Aeronautics confirmed on Thursday, through the social network X, that Qatar Airways requested authorization to operate&hellip;\n","protected":false},"author":4316,"featured_media":99082,"comment_status":"open","ping_status":"closed","sticky":false,"template":"","format":"standard","meta":{"_uag_custom_page_level_css":"","footnotes":""},"categories":[1],"tags":[230,196,198,211,234,278],"class_list":{"0":"post-170210","1":"post","2":"type-post","3":"status-publish","4":"format-standard","5":"has-post-thumbnail","7":"category-airlines","8":"tag-airline","9":"tag-colombia-2","10":"tag-flights","11":"tag-latin-america","12":"tag-qatar-airways-2","13":"tag-venezuela-2"},"uagb_featured_image_src":{"full":["https:\/\/aviacionaldia.com\/wp-content\/uploads\/2020\/08\/Qatar-Airways-777-300.jpg",800,400,false],"thumbnail":["https:\/\/aviacionaldia.com\/wp-content\/uploads\/2020\/08\/Qatar-Airways-777-300-150x150.jpg",150,150,true],"medium":["https:\/\/aviacionaldia.com\/wp-content\/uploads\/2020\/08\/Qatar-Airways-777-300-300x150.jpg",300,150,true],"medium_large":["https:\/\/aviacionaldia.com\/wp-content\/uploads\/2020\/08\/Qatar-Airways-777-300-768x384.jpg",768,384,true],"large":["https:\/\/aviacionaldia.com\/wp-content\/uploads\/2020\/08\/Qatar-Airways-777-300.jpg",800,400,false],"1536x1536":["https:\/\/aviacionaldia.com\/wp-content\/uploads\/2020\/08\/Qatar-Airways-777-300.jpg",800,400,false],"2048x2048":["https:\/\/aviacionaldia.com\/wp-content\/uploads\/2020\/08\/Qatar-Airways-777-300.jpg",800,400,false],"pk-small":["https:\/\/aviacionaldia.com\/wp-content\/uploads\/2020\/08\/Qatar-Airways-777-300.jpg",80,40,false],"pk-thumbnail":["https:\/\/aviacionaldia.com\/wp-content\/uploads\/2020\/08\/Qatar-Airways-777-300.jpg",300,150,false],"csco-small":["https:\/\/aviacionaldia.com\/wp-content\/uploads\/2020\/08\/Qatar-Airways-777-300-80x80.jpg",80,80,true],"csco-intermediate":["https:\/\/aviacionaldia.com\/wp-content\/uploads\/2020\/08\/Qatar-Airways-777-300-200x140.jpg",200,140,true],"csco-thumbnail":["https:\/\/aviacionaldia.com\/wp-content\/uploads\/2020\/08\/Qatar-Airways-777-300-380x220.jpg",380,220,true],"csco-thumbnail-alternative":["https:\/\/aviacionaldia.com\/wp-content\/uploads\/2020\/08\/Qatar-Airways-777-300-300x180.jpg",300,180,true],"csco-thumbnail-uncropped":["https:\/\/aviacionaldia.com\/wp-content\/uploads\/2020\/08\/Qatar-Airways-777-300-380x190.jpg",380,190,true],"csco-medium":["https:\/\/aviacionaldia.com\/wp-content\/uploads\/2020\/08\/Qatar-Airways-777-300.jpg",800,400,false],"csco-medium-alternative":["https:\/\/aviacionaldia.com\/wp-content\/uploads\/2020\/08\/Qatar-Airways-777-300-560x336.jpg",560,336,true],"csco-medium-uncropped":["https:\/\/aviacionaldia.com\/wp-content\/uploads\/2020\/08\/Qatar-Airways-777-300.jpg",800,400,false],"csco-large":["https:\/\/aviacionaldia.com\/wp-content\/uploads\/2020\/08\/Qatar-Airways-777-300.jpg",800,400,false],"csco-large-uncropped":["https:\/\/aviacionaldia.com\/wp-content\/uploads\/2020\/08\/Qatar-Airways-777-300.jpg",800,400,false],"csco-extra-large":["https:\/\/aviacionaldia.com\/wp-content\/uploads\/2020\/08\/Qatar-Airways-777-300.jpg",800,400,false]},"uagb_author_info":{"display_name":"Redacci\u00f3n - Aviaci\u00f3n al D\u00eda","author_link":"https:\/\/aviacionaldia.com\/en\/author\/aad"},"uagb_comment_info":0,"uagb_excerpt":"The Civil Aeronautics confirmed on Thursday, through the social network X, that Qatar Airways requested authorization to operate&hellip;","amp_enabled":true,"_links":{"self":[{"href":"https:\/\/aviacionaldia.com\/en\/wp-json\/wp\/v2\/posts\/170210","targetHints":{"allow":["GET"]}}],"collection":[{"href":"https:\/\/aviacionaldia.com\/en\/wp-json\/wp\/v2\/posts"}],"about":[{"href":"https:\/\/aviacionaldia.com\/en\/wp-json\/wp\/v2\/types\/post"}],"author":[{"embeddable":true,"href":"https:\/\/aviacionaldia.com\/en\/wp-json\/wp\/v2\/users\/4316"}],"replies":[{"embeddable":true,"href":"https:\/\/aviacionaldia.com\/en\/wp-json\/wp\/v2\/comments?post=170210"}],"version-history":[{"count":1,"href":"https:\/\/aviacionaldia.com\/en\/wp-json\/wp\/v2\/posts\/170210\/revisions"}],"predecessor-version":[{"id":170211,"href":"https:\/\/aviacionaldia.com\/en\/wp-json\/wp\/v2\/posts\/170210\/revisions\/170211"}],"wp:featuredmedia":[{"embeddable":true,"href":"https:\/\/aviacionaldia.com\/en\/wp-json\/wp\/v2\/media\/99082"}],"wp:attachment":[{"href":"https:\/\/aviacionaldia.com\/en\/wp-json\/wp\/v2\/media?parent=170210"}],"wp:term":[{"taxonomy":"category","embeddable":true,"href":"https:\/\/aviacionaldia.com\/en\/wp-json\/wp\/v2\/categories?post=170210"},{"taxonomy":"post_tag","embeddable":true,"href":"https:\/\/aviacionaldia.com\/en\/wp-json\/wp\/v2\/tags?post=170210"}],"curies":[{"name":"wp","href":"https:\/\/api.w.org\/{rel}","templated":true}]}}