{"id":171205,"date":"2025-01-30T16:00:40","date_gmt":"2025-01-30T16:00:40","guid":{"rendered":"https:\/?p=171205"},"modified":"2025-01-30T22:42:56","modified_gmt":"2025-01-30T22:42:56","slug":"copa-airlines-alas-academy-graduates-new-panamanian-pilots","status":"publish","type":"post","link":"https:\/\/aviacionaldia.com\/en\/2025\/01\/copa-airlines-alas-academy-graduates-new-panamanian-pilots.html","title":{"rendered":"Copa Airlines&#8217; ALAS Academy Graduates New Panamanian Pilots"},"content":{"rendered":"\n<p>The Latin American Superior Aviation Academy (ALAS), a nonprofit aviation school supported by <strong>Copa Airlines<\/strong>, celebrated National Pilot Day with the graduation of 27 new Panamanian commercial pilots. This event marks a milestone in the development of local talent, strengthening the country&#8217;s aeronautical sector. Notably, 11% of the graduates are women, highlighting the growth of female inclusion in the industry.<\/p>\n\n\n\n<p><strong>Copa Airlines&#8217; Commitment to Aeronautical Training<\/strong><\/p>\n\n\n\n<p>Captain Pedro Herrera, director of ALAS, expressed Copa Airlines&#8217; commitment to education and the professional development of Panamanian pilots:<\/p>\n\n\n\n<p>&#8220;ALAS is the result of Copa Airlines&#8217; commitment to contribute to educational advancement and specialized technical training for local talent. We are proud to celebrate today, on National Pilot Day, the achievements of these young individuals who have completed their training.&#8221;<\/p>\n\n\n\n<p>Throughout its 20 promotions, ALAS has graduated over 250 Panamanian pilots, who now serve as first officers and captains for Copa Airlines.<\/p>\n\n\n\n<p><strong><em>\u2192 <a href=\"https:\/en\/2025\/01\/copa-airlines-latin-americas-leader-in-punctuality-for-the-tenth-time.html\">Copa Airlines: Latin America\u2019s Leader in Punctuality for the Tenth Time<\/a><\/em><\/strong><\/p>\n\n\n\n<p><strong>Industry Growth and the Need for New Pilots<\/strong><\/p>\n\n\n\n<p>According to Captain Bol\u00edvar Dom\u00ednguez Gonz\u00e1lez, Vice President of Flight Operations at Copa Airlines, the airline currently employs nearly 1,400 commercial pilots, 11% of whom are women. This percentage is among the highest rates of female participation in aviation worldwide. Furthermore, due to industry growth projections in Panama, it is estimated that more than 160 pilots will be needed this year.<\/p>\n\n\n\n<p><strong>ALAS: High-Quality Education at an Affordable Cost<\/strong><\/p>\n\n\n\n<p>ALAS stands out for offering training that meets high international standards at a lower cost than the industry average, as it operates as a nonprofit institution subsidized by Copa Airlines.<\/p>\n\n\n\n<p>This year, 40% of the graduates completed their studies with partial scholarships granted by Copa Airlines and the Panamanian Union of Commercial Aviators (UNPAC), facilitating access to quality education for more young Panamanians.<\/p>\n\n\n\n<p><strong>Boosting Aviation in Panama<\/strong><\/p>\n\n\n\n<p>Copa Airlines has developed a comprehensive professional training model through specialized academies for pilots, aeronautical technicians, and cabin crew.<\/p>\n\n\n\n<p>Currently, 131 students are part of the academy, 28% of whom are women, marking a significant step toward inclusion and diversity in aviation.<\/p>\n\n\n\n<p><strong>ALAS Selection Process<\/strong><\/p>\n\n\n\n<p>ALAS keeps its selection process open year-round, allowing young individuals interested in becoming commercial pilots to apply at any time.<\/p>\n\n\n\n<p><strong>Requirements to Apply to ALAS:<\/strong><\/p>\n\n\n\n<ul class=\"wp-block-list\">\n<li>Minimum Age: 19 years old.<\/li>\n\n\n\n<li>Nationality: Panamanian or naturalized.<\/li>\n\n\n\n<li>Education: Completed secondary education.<\/li>\n\n\n\n<li>Language: Proficiency in English.<\/li>\n\n\n\n<li>Physical and Psychological Conditions: Pass exams from the Civil Aeronautics Authority (AAC).<\/li>\n<\/ul>\n\n\n\n<p>Interested candidates can send their documentation to <strong>reclutamiento@alaspanama.com<\/strong> or visit the website <a href=\"http:\/\/alaspanama.com\" target=\"_blank\" rel=\"noreferrer noopener nofollow\">alaspanama.com<\/a> for more information.<\/p>\n\n\n\n<h2 class=\"wp-block-heading\" id=\"related-topics\">Related Topics<\/h2>\n\n\n\n\t\t\t<div class=\"wp-block-uagb-post-grid uagb-post-grid  uagb-post__image-position-top uagb-post__image-enabled uagb-block-815d8787     uagb-post__items uagb-post__columns-2 is-grid uagb-post__columns-tablet-2 uagb-post__columns-mobile-1 uagb-post__equal-height\" data-total=\"470\" style=\"\">\n\n\t\t\t\t\t\t\t\t\t\t\t\t<article class=\"uagb-post__inner-wrap\">\t\t\t\t\t\t\t\t<div class='uagb-post__image'>\n\t\t\t\t\t\t\t\t\t<a href=\"https:\/\/aviacionaldia.com\/en\/2026\/05\/united-airlines-bolsters-in-flight-entertainment-with-exclusive-peacock-channel-launch.html\" target=\"_self\" rel=\"bookmark noopener noreferrer\" class='uagb-image-ratio-inherit'><img decoding=\"async\" width=\"800\" height=\"400\" src=\"https:\/\/aviacionaldia.com\/wp-content\/uploads\/2026\/05\/United-Airlines-canal-exclusivo-de-Peacock.webp\" class=\"attachment-large size-large\" alt=\"\" srcset=\"https:\/\/aviacionaldia.com\/wp-content\/uploads\/2026\/05\/United-Airlines-canal-exclusivo-de-Peacock.webp 800w, https:\/\/aviacionaldia.com\/wp-content\/uploads\/2026\/05\/United-Airlines-canal-exclusivo-de-Peacock-300x150.webp 300w, https:\/\/aviacionaldia.com\/wp-content\/uploads\/2026\/05\/United-Airlines-canal-exclusivo-de-Peacock-768x384.webp 768w, https:\/\/aviacionaldia.com\/wp-content\/uploads\/2026\/05\/United-Airlines-canal-exclusivo-de-Peacock-380x190.webp 380w\" sizes=\"(max-width: 800px) 100vw, 800px\" \/>\t\t\t\t\t<\/a>\n\t\t\t\t\t\t\t<\/div>\n\t\t\t\t\t\t<h4 class=\"uagb-post__title uagb-post__text\">\n\t\t\t\t<a href=\"https:\/\/aviacionaldia.com\/en\/2026\/05\/united-airlines-bolsters-in-flight-entertainment-with-exclusive-peacock-channel-launch.html\" target=\"_self\" rel=\"bookmark noopener noreferrer\">United Airlines Bolsters In-Flight Entertainment with Exclusive Peacock Channel Launch<\/a>\n\t\t\t<\/h4>\n\t\t\t\t\t\t<div class='uagb-post__text uagb-post-grid-byline'>\n\t\t\t\t\t\t\t<\/div>\n\t\t\t\t\t\t<div class=\"uagb-post__text uagb-post__cta wp-block-button\">\n\t\t\t\t<a class=\"wp-block-button__link uagb-text-link\" style=\"\" href=\"https:\/\/aviacionaldia.com\/en\/2026\/05\/united-airlines-bolsters-in-flight-entertainment-with-exclusive-peacock-channel-launch.html\" target=\"_self\" rel=\"bookmark noopener noreferrer\">Read More<\/a>\n\t\t\t<\/div>\n\t\t\t\n\t\t\t\t\t\t\t\t\t<\/article>\n\t\t\t\t\t\t\t\t\t\t\t\t\t\t\t\t<article class=\"uagb-post__inner-wrap\">\t\t\t\t\t\t\t\t<div class='uagb-post__image'>\n\t\t\t\t\t\t\t\t\t<a href=\"https:\/\/aviacionaldia.com\/en\/2026\/04\/american-airlines-resumes-direct-flights-between-miami-and-caracas-after-seven-year-hiatus.html\" target=\"_self\" rel=\"bookmark noopener noreferrer\" class='uagb-image-ratio-inherit'><img decoding=\"async\" width=\"800\" height=\"400\" src=\"https:\/\/aviacionaldia.com\/wp-content\/uploads\/2026\/04\/American-Airlines-Embraer-175.webp\" class=\"attachment-large size-large\" alt=\"\" srcset=\"https:\/\/aviacionaldia.com\/wp-content\/uploads\/2026\/04\/American-Airlines-Embraer-175.webp 800w, https:\/\/aviacionaldia.com\/wp-content\/uploads\/2026\/04\/American-Airlines-Embraer-175-300x150.webp 300w, https:\/\/aviacionaldia.com\/wp-content\/uploads\/2026\/04\/American-Airlines-Embraer-175-768x384.webp 768w, https:\/\/aviacionaldia.com\/wp-content\/uploads\/2026\/04\/American-Airlines-Embraer-175-380x190.webp 380w\" sizes=\"(max-width: 800px) 100vw, 800px\" \/>\t\t\t\t\t<\/a>\n\t\t\t\t\t\t\t<\/div>\n\t\t\t\t\t\t<h4 class=\"uagb-post__title uagb-post__text\">\n\t\t\t\t<a href=\"https:\/\/aviacionaldia.com\/en\/2026\/04\/american-airlines-resumes-direct-flights-between-miami-and-caracas-after-seven-year-hiatus.html\" target=\"_self\" rel=\"bookmark noopener noreferrer\">American Airlines Resumes Direct Flights Between Miami and Caracas After Seven-Year Hiatus<\/a>\n\t\t\t<\/h4>\n\t\t\t\t\t\t<div class='uagb-post__text uagb-post-grid-byline'>\n\t\t\t\t\t\t\t<\/div>\n\t\t\t\t\t\t<div class=\"uagb-post__text uagb-post__cta wp-block-button\">\n\t\t\t\t<a class=\"wp-block-button__link uagb-text-link\" style=\"\" href=\"https:\/\/aviacionaldia.com\/en\/2026\/04\/american-airlines-resumes-direct-flights-between-miami-and-caracas-after-seven-year-hiatus.html\" target=\"_self\" rel=\"bookmark noopener noreferrer\">Read More<\/a>\n\t\t\t<\/div>\n\t\t\t\n\t\t\t\t\t\t\t\t\t<\/article>\n\t\t\t\t\t\t\t\t\t\t\t\t\t\t\t\t<article class=\"uagb-post__inner-wrap\">\t\t\t\t\t\t\t\t<div class='uagb-post__image'>\n\t\t\t\t\t\t\t\t\t<a href=\"https:\/\/aviacionaldia.com\/en\/2026\/04\/united-airlines-and-lyft-launch-pay-with-miles.html\" target=\"_self\" rel=\"bookmark noopener noreferrer\" class='uagb-image-ratio-inherit'><img decoding=\"async\" width=\"800\" height=\"400\" src=\"https:\/\/aviacionaldia.com\/wp-content\/uploads\/2026\/04\/United-Airlines-Lyft.webp\" class=\"attachment-large size-large\" alt=\"\" srcset=\"https:\/\/aviacionaldia.com\/wp-content\/uploads\/2026\/04\/United-Airlines-Lyft.webp 800w, https:\/\/aviacionaldia.com\/wp-content\/uploads\/2026\/04\/United-Airlines-Lyft-300x150.webp 300w, https:\/\/aviacionaldia.com\/wp-content\/uploads\/2026\/04\/United-Airlines-Lyft-768x384.webp 768w, https:\/\/aviacionaldia.com\/wp-content\/uploads\/2026\/04\/United-Airlines-Lyft-380x190.webp 380w\" sizes=\"(max-width: 800px) 100vw, 800px\" \/>\t\t\t\t\t<\/a>\n\t\t\t\t\t\t\t<\/div>\n\t\t\t\t\t\t<h4 class=\"uagb-post__title uagb-post__text\">\n\t\t\t\t<a href=\"https:\/\/aviacionaldia.com\/en\/2026\/04\/united-airlines-and-lyft-launch-pay-with-miles.html\" target=\"_self\" rel=\"bookmark noopener noreferrer\">United Airlines and Lyft Launch &#8220;Pay with Miles&#8221;<\/a>\n\t\t\t<\/h4>\n\t\t\t\t\t\t<div class='uagb-post__text uagb-post-grid-byline'>\n\t\t\t\t\t\t\t<\/div>\n\t\t\t\t\t\t<div class=\"uagb-post__text uagb-post__cta wp-block-button\">\n\t\t\t\t<a class=\"wp-block-button__link uagb-text-link\" style=\"\" href=\"https:\/\/aviacionaldia.com\/en\/2026\/04\/united-airlines-and-lyft-launch-pay-with-miles.html\" target=\"_self\" rel=\"bookmark noopener noreferrer\">Read More<\/a>\n\t\t\t<\/div>\n\t\t\t\n\t\t\t\t\t\t\t\t\t<\/article>\n\t\t\t\t\t\t\t\t\t\t\t\t\t\t\t\t<article class=\"uagb-post__inner-wrap\">\t\t\t\t\t\t\t\t<div class='uagb-post__image'>\n\t\t\t\t\t\t\t\t\t<a href=\"https:\/\/aviacionaldia.com\/en\/2026\/04\/avelo-airlines-celebrates-its-fifth-anniversary-consolidating-growth-and-operational-reliability.html\" target=\"_self\" rel=\"bookmark noopener noreferrer\" class='uagb-image-ratio-inherit'><img decoding=\"async\" width=\"800\" height=\"400\" src=\"https:\/\/aviacionaldia.com\/wp-content\/uploads\/2025\/02\/Avelo-Airlines-Boeing-737-800.webp\" class=\"attachment-large size-large\" alt=\"\" srcset=\"https:\/\/aviacionaldia.com\/wp-content\/uploads\/2025\/02\/Avelo-Airlines-Boeing-737-800.webp 800w, https:\/\/aviacionaldia.com\/wp-content\/uploads\/2025\/02\/Avelo-Airlines-Boeing-737-800-300x150.webp 300w, https:\/\/aviacionaldia.com\/wp-content\/uploads\/2025\/02\/Avelo-Airlines-Boeing-737-800-768x384.webp 768w, https:\/\/aviacionaldia.com\/wp-content\/uploads\/2025\/02\/Avelo-Airlines-Boeing-737-800-380x190.webp 380w\" sizes=\"(max-width: 800px) 100vw, 800px\" \/>\t\t\t\t\t<\/a>\n\t\t\t\t\t\t\t<\/div>\n\t\t\t\t\t\t<h4 class=\"uagb-post__title uagb-post__text\">\n\t\t\t\t<a href=\"https:\/\/aviacionaldia.com\/en\/2026\/04\/avelo-airlines-celebrates-its-fifth-anniversary-consolidating-growth-and-operational-reliability.html\" target=\"_self\" rel=\"bookmark noopener noreferrer\">Avelo Airlines Celebrates Its Fifth Anniversary, Consolidating Growth and Operational Reliability<\/a>\n\t\t\t<\/h4>\n\t\t\t\t\t\t<div class='uagb-post__text uagb-post-grid-byline'>\n\t\t\t\t\t\t\t<\/div>\n\t\t\t\t\t\t<div class=\"uagb-post__text uagb-post__cta wp-block-button\">\n\t\t\t\t<a class=\"wp-block-button__link uagb-text-link\" style=\"\" href=\"https:\/\/aviacionaldia.com\/en\/2026\/04\/avelo-airlines-celebrates-its-fifth-anniversary-consolidating-growth-and-operational-reliability.html\" target=\"_self\" rel=\"bookmark noopener noreferrer\">Read More<\/a>\n\t\t\t<\/div>\n\t\t\t\n\t\t\t\t\t\t\t\t\t<\/article>\n\t\t\t\t\t\t\t\t\t\t\t<\/div>\n\t\t\t","protected":false},"excerpt":{"rendered":"The Latin American Superior Aviation Academy (ALAS), a nonprofit aviation school supported by Copa Airlines, celebrated National Pilot&hellip;\n","protected":false},"author":4312,"featured_media":171185,"comment_status":"open","ping_status":"closed","sticky":false,"template":"","format":"standard","meta":{"_uag_custom_page_level_css":"","footnotes":""},"categories":[1],"tags":[230,261,247,204],"class_list":{"0":"post-171205","1":"post","2":"type-post","3":"status-publish","4":"format-standard","5":"has-post-thumbnail","7":"category-airlines","8":"tag-airline","9":"tag-copa-airlines-2","10":"tag-panama-2","11":"tag-pilots"},"uagb_featured_image_src":{"full":["https:\/\/aviacionaldia.com\/wp-content\/uploads\/2025\/01\/ALAS-gradua-27-nuevos-pilotos.jpg",800,400,false],"thumbnail":["https:\/\/aviacionaldia.com\/wp-content\/uploads\/2025\/01\/ALAS-gradua-27-nuevos-pilotos-150x150.jpg",150,150,true],"medium":["https:\/\/aviacionaldia.com\/wp-content\/uploads\/2025\/01\/ALAS-gradua-27-nuevos-pilotos-300x150.jpg",300,150,true],"medium_large":["https:\/\/aviacionaldia.com\/wp-content\/uploads\/2025\/01\/ALAS-gradua-27-nuevos-pilotos-768x384.jpg",768,384,true],"large":["https:\/\/aviacionaldia.com\/wp-content\/uploads\/2025\/01\/ALAS-gradua-27-nuevos-pilotos.jpg",800,400,false],"1536x1536":["https:\/\/aviacionaldia.com\/wp-content\/uploads\/2025\/01\/ALAS-gradua-27-nuevos-pilotos.jpg",800,400,false],"2048x2048":["https:\/\/aviacionaldia.com\/wp-content\/uploads\/2025\/01\/ALAS-gradua-27-nuevos-pilotos.jpg",800,400,false],"pk-small":["https:\/\/aviacionaldia.com\/wp-content\/uploads\/2025\/01\/ALAS-gradua-27-nuevos-pilotos.jpg",80,40,false],"pk-thumbnail":["https:\/\/aviacionaldia.com\/wp-content\/uploads\/2025\/01\/ALAS-gradua-27-nuevos-pilotos.jpg",300,150,false],"csco-small":["https:\/\/aviacionaldia.com\/wp-content\/uploads\/2025\/01\/ALAS-gradua-27-nuevos-pilotos-80x80.jpg",80,80,true],"csco-intermediate":["https:\/\/aviacionaldia.com\/wp-content\/uploads\/2025\/01\/ALAS-gradua-27-nuevos-pilotos-200x140.jpg",200,140,true],"csco-thumbnail":["https:\/\/aviacionaldia.com\/wp-content\/uploads\/2025\/01\/ALAS-gradua-27-nuevos-pilotos-380x220.jpg",380,220,true],"csco-thumbnail-alternative":["https:\/\/aviacionaldia.com\/wp-content\/uploads\/2025\/01\/ALAS-gradua-27-nuevos-pilotos-300x180.jpg",300,180,true],"csco-thumbnail-uncropped":["https:\/\/aviacionaldia.com\/wp-content\/uploads\/2025\/01\/ALAS-gradua-27-nuevos-pilotos-380x190.jpg",380,190,true],"csco-medium":["https:\/\/aviacionaldia.com\/wp-content\/uploads\/2025\/01\/ALAS-gradua-27-nuevos-pilotos.jpg",800,400,false],"csco-medium-alternative":["https:\/\/aviacionaldia.com\/wp-content\/uploads\/2025\/01\/ALAS-gradua-27-nuevos-pilotos-560x336.jpg",560,336,true],"csco-medium-uncropped":["https:\/\/aviacionaldia.com\/wp-content\/uploads\/2025\/01\/ALAS-gradua-27-nuevos-pilotos.jpg",800,400,false],"csco-large":["https:\/\/aviacionaldia.com\/wp-content\/uploads\/2025\/01\/ALAS-gradua-27-nuevos-pilotos.jpg",800,400,false],"csco-large-uncropped":["https:\/\/aviacionaldia.com\/wp-content\/uploads\/2025\/01\/ALAS-gradua-27-nuevos-pilotos.jpg",800,400,false],"csco-extra-large":["https:\/\/aviacionaldia.com\/wp-content\/uploads\/2025\/01\/ALAS-gradua-27-nuevos-pilotos.jpg",800,400,false]},"uagb_author_info":{"display_name":"Dergam Mousa","author_link":"https:\/\/aviacionaldia.com\/en\/author\/dmousa"},"uagb_comment_info":0,"uagb_excerpt":"The Latin American Superior Aviation Academy (ALAS), a nonprofit aviation school supported by Copa Airlines, celebrated National Pilot&hellip;","amp_enabled":true,"_links":{"self":[{"href":"https:\/\/aviacionaldia.com\/en\/wp-json\/wp\/v2\/posts\/171205","targetHints":{"allow":["GET"]}}],"collection":[{"href":"https:\/\/aviacionaldia.com\/en\/wp-json\/wp\/v2\/posts"}],"about":[{"href":"https:\/\/aviacionaldia.com\/en\/wp-json\/wp\/v2\/types\/post"}],"author":[{"embeddable":true,"href":"https:\/\/aviacionaldia.com\/en\/wp-json\/wp\/v2\/users\/4312"}],"replies":[{"embeddable":true,"href":"https:\/\/aviacionaldia.com\/en\/wp-json\/wp\/v2\/comments?post=171205"}],"version-history":[{"count":2,"href":"https:\/\/aviacionaldia.com\/en\/wp-json\/wp\/v2\/posts\/171205\/revisions"}],"predecessor-version":[{"id":171218,"href":"https:\/\/aviacionaldia.com\/en\/wp-json\/wp\/v2\/posts\/171205\/revisions\/171218"}],"wp:featuredmedia":[{"embeddable":true,"href":"https:\/\/aviacionaldia.com\/en\/wp-json\/wp\/v2\/media\/171185"}],"wp:attachment":[{"href":"https:\/\/aviacionaldia.com\/en\/wp-json\/wp\/v2\/media?parent=171205"}],"wp:term":[{"taxonomy":"category","embeddable":true,"href":"https:\/\/aviacionaldia.com\/en\/wp-json\/wp\/v2\/categories?post=171205"},{"taxonomy":"post_tag","embeddable":true,"href":"https:\/\/aviacionaldia.com\/en\/wp-json\/wp\/v2\/tags?post=171205"}],"curies":[{"name":"wp","href":"https:\/\/api.w.org\/{rel}","templated":true}]}}