{"id":171761,"date":"2025-02-18T14:30:52","date_gmt":"2025-02-18T14:30:52","guid":{"rendered":"https:\/?p=171761"},"modified":"2025-02-18T20:25:22","modified_gmt":"2025-02-18T20:25:22","slug":"panama-tocumen-airport-expands-its-connectivity-in-2025-with-new-international-routes","status":"publish","type":"post","link":"https:\/\/aviacionaldia.com\/en\/2025\/02\/panama-tocumen-airport-expands-its-connectivity-in-2025-with-new-international-routes.html","title":{"rendered":"Panama: Tocumen Airport Expands Its Connectivity in 2025 with New International Routes"},"content":{"rendered":"\n<p>The<strong> Tocumen International Airport<\/strong>, Panama&#8217;s main air terminal, is reinforcing its strategic role as a regional connection hub with the addition of new international routes. In 2025, the airport will significantly expand its operations with the arrival of airlines such as Condor and the return of Aerom\u00e9xico and Air China, as well as the expansion of routes by United Airlines, according to the airport&#8217;s Operations Manager, Claudio Dutary.<\/p>\n\n\n\n<h2 class=\"wp-block-heading\"><strong>Impact on Tourism and Global Connectivity<\/strong><\/h2>\n\n\n\n<p>Currently, the airport connects to 87 destinations in South America, Central America, the Caribbean, the United States, and Europe, including major cities such as Madrid, Paris, Amsterdam, and Istanbul. In 2024, it closed with the operation of 12 commercial airlines and 17 cargo airlines, with an average of 430 daily flights.<\/p>\n\n\n\n<p><strong><em>\u2192 <a href=\"https:\/en\/2025\/02\/heathrow-airport-multi-billion-dollar-modernization-and-expansion-plan.html\">Heathrow Airport: Multi-billion dollar Modernization and Expansion Plan<\/a><\/em><\/strong><\/p>\n\n\n\n<h2 class=\"wp-block-heading\"><strong>New International Connections<\/strong><\/h2>\n\n\n\n<p><strong>United Airlines: <\/strong>Starting May 22, it will inaugurate a direct route between San Francisco and Panama City, operated daily with a Boeing 737 MAX 8 with a capacity for 166 passengers.<\/p>\n\n\n\n<p><strong>Condor:<\/strong> It will begin operations on June 11 with flights between Frankfurt and Panama twice a week, using Airbus A330-900neo aircraft with a capacity for 310 passengers.<\/p>\n\n\n\n<p><strong>Aerom\u00e9xico:<\/strong> It returns with a direct route between Mexico City and Tocumen starting June 12, with daily flights operated by Boeing 737 aircraft.<\/p>\n\n\n\n<p><strong>Air China:<\/strong> It is expected to resume operations between June and July of this year after suspending its flights in 2020 due to the pandemic.<\/p>\n\n\n\n<h2 class=\"wp-block-heading\"><strong>Consolidation of Tocumen as a Regional Hub<\/strong><\/h2>\n\n\n\n<p>The Tocumen International Airport continues to strengthen its position as a central connection hub between North America, Central America, South America, and Europe. These expansions not only benefit travelers but also boost tourism and trade, positioning Panama as a key destination in international aviation.<\/p>\n\n\n\n<h2 class=\"wp-block-heading\" id=\"related-topics\">Related Topics<\/h2>\n\n\n\n\t\t\t<div class=\"wp-block-uagb-post-grid uagb-post-grid  uagb-post__image-position-top uagb-post__image-enabled uagb-block-815d8787     uagb-post__items uagb-post__columns-2 is-grid uagb-post__columns-tablet-2 uagb-post__columns-mobile-1 uagb-post__equal-height\" data-total=\"207\" style=\"\">\n\n\t\t\t\t\t\t\t\t\t\t\t\t<article class=\"uagb-post__inner-wrap\">\t\t\t\t\t\t\t\t<div class='uagb-post__image'>\n\t\t\t\t\t\t\t\t\t<a href=\"https:\/\/aviacionaldia.com\/en\/2026\/04\/global-passenger-demand-rises-2-1-in-march-despite-middle-east-conflict-impact.html\" target=\"_self\" rel=\"bookmark noopener noreferrer\" class='uagb-image-ratio-inherit'><img decoding=\"async\" width=\"800\" height=\"400\" src=\"https:\/\/aviacionaldia.com\/wp-content\/uploads\/2022\/01\/aeropuerto-pasajeros.jpg\" class=\"attachment-large size-large\" alt=\"\" srcset=\"https:\/\/aviacionaldia.com\/wp-content\/uploads\/2022\/01\/aeropuerto-pasajeros.jpg 800w, https:\/\/aviacionaldia.com\/wp-content\/uploads\/2022\/01\/aeropuerto-pasajeros-300x150.jpg 300w, https:\/\/aviacionaldia.com\/wp-content\/uploads\/2022\/01\/aeropuerto-pasajeros-768x384.jpg 768w, https:\/\/aviacionaldia.com\/wp-content\/uploads\/2022\/01\/aeropuerto-pasajeros-380x190.jpg 380w\" sizes=\"(max-width: 800px) 100vw, 800px\" \/>\t\t\t\t\t<\/a>\n\t\t\t\t\t\t\t<\/div>\n\t\t\t\t\t\t<h4 class=\"uagb-post__title uagb-post__text\">\n\t\t\t\t<a href=\"https:\/\/aviacionaldia.com\/en\/2026\/04\/global-passenger-demand-rises-2-1-in-march-despite-middle-east-conflict-impact.html\" target=\"_self\" rel=\"bookmark noopener noreferrer\">Global Passenger Demand Rises 2.1% in March Despite Middle East Conflict Impact<\/a>\n\t\t\t<\/h4>\n\t\t\t\t\t\t<div class='uagb-post__text uagb-post-grid-byline'>\n\t\t\t\t\t\t\t<\/div>\n\t\t\t\t\t\t<div class=\"uagb-post__text uagb-post__cta wp-block-button\">\n\t\t\t\t<a class=\"wp-block-button__link uagb-text-link\" style=\"\" href=\"https:\/\/aviacionaldia.com\/en\/2026\/04\/global-passenger-demand-rises-2-1-in-march-despite-middle-east-conflict-impact.html\" target=\"_self\" rel=\"bookmark noopener noreferrer\">Read More<\/a>\n\t\t\t<\/div>\n\t\t\t\n\t\t\t\t\t\t\t\t\t<\/article>\n\t\t\t\t\t\t\t\t\t\t\t\t\t\t\t\t<article class=\"uagb-post__inner-wrap\">\t\t\t\t\t\t\t\t<div class='uagb-post__image'>\n\t\t\t\t\t\t\t\t\t<a href=\"https:\/\/aviacionaldia.com\/en\/2026\/04\/humanoid-robots-on-ramp-jal-and-gmo-air-to-launch-pilot-program-at-tokyo-haneda-airport.html\" target=\"_self\" rel=\"bookmark noopener noreferrer\" class='uagb-image-ratio-inherit'><img decoding=\"async\" width=\"800\" height=\"400\" src=\"https:\/\/aviacionaldia.com\/wp-content\/uploads\/2026\/04\/Japan-Airlines-Robots-en-aeropuerto.webp\" class=\"attachment-large size-large\" alt=\"\" srcset=\"https:\/\/aviacionaldia.com\/wp-content\/uploads\/2026\/04\/Japan-Airlines-Robots-en-aeropuerto.webp 800w, https:\/\/aviacionaldia.com\/wp-content\/uploads\/2026\/04\/Japan-Airlines-Robots-en-aeropuerto-300x150.webp 300w, https:\/\/aviacionaldia.com\/wp-content\/uploads\/2026\/04\/Japan-Airlines-Robots-en-aeropuerto-768x384.webp 768w, https:\/\/aviacionaldia.com\/wp-content\/uploads\/2026\/04\/Japan-Airlines-Robots-en-aeropuerto-380x190.webp 380w\" sizes=\"(max-width: 800px) 100vw, 800px\" \/>\t\t\t\t\t<\/a>\n\t\t\t\t\t\t\t<\/div>\n\t\t\t\t\t\t<h4 class=\"uagb-post__title uagb-post__text\">\n\t\t\t\t<a href=\"https:\/\/aviacionaldia.com\/en\/2026\/04\/humanoid-robots-on-ramp-jal-and-gmo-air-to-launch-pilot-program-at-tokyo-haneda-airport.html\" target=\"_self\" rel=\"bookmark noopener noreferrer\">Humanoid Robots on Ramp: JAL and GMO AIR to Launch Pilot Program at Tokyo-Haneda Airport<\/a>\n\t\t\t<\/h4>\n\t\t\t\t\t\t<div class='uagb-post__text uagb-post-grid-byline'>\n\t\t\t\t\t\t\t<\/div>\n\t\t\t\t\t\t<div class=\"uagb-post__text uagb-post__cta wp-block-button\">\n\t\t\t\t<a class=\"wp-block-button__link uagb-text-link\" style=\"\" href=\"https:\/\/aviacionaldia.com\/en\/2026\/04\/humanoid-robots-on-ramp-jal-and-gmo-air-to-launch-pilot-program-at-tokyo-haneda-airport.html\" target=\"_self\" rel=\"bookmark noopener noreferrer\">Read More<\/a>\n\t\t\t<\/div>\n\t\t\t\n\t\t\t\t\t\t\t\t\t<\/article>\n\t\t\t\t\t\t\t\t\t\t\t\t\t\t\t\t<article class=\"uagb-post__inner-wrap\">\t\t\t\t\t\t\t\t<div class='uagb-post__image'>\n\t\t\t\t\t\t\t\t\t<a href=\"https:\/\/aviacionaldia.com\/en\/2026\/04\/colombia-solidifies-aviation-growth-15-million-passengers-transported-in-q1-2026.html\" target=\"_self\" rel=\"bookmark noopener noreferrer\" class='uagb-image-ratio-inherit'><img decoding=\"async\" width=\"800\" height=\"400\" src=\"https:\/\/aviacionaldia.com\/wp-content\/uploads\/2020\/08\/aeropuerto-el-dorado-Bogota.jpg\" class=\"attachment-large size-large\" alt=\"\" srcset=\"https:\/\/aviacionaldia.com\/wp-content\/uploads\/2020\/08\/aeropuerto-el-dorado-Bogota.jpg 800w, https:\/\/aviacionaldia.com\/wp-content\/uploads\/2020\/08\/aeropuerto-el-dorado-Bogota-300x150.jpg 300w, https:\/\/aviacionaldia.com\/wp-content\/uploads\/2020\/08\/aeropuerto-el-dorado-Bogota-768x384.jpg 768w, https:\/\/aviacionaldia.com\/wp-content\/uploads\/2020\/08\/aeropuerto-el-dorado-Bogota-380x190.jpg 380w\" sizes=\"(max-width: 800px) 100vw, 800px\" \/>\t\t\t\t\t<\/a>\n\t\t\t\t\t\t\t<\/div>\n\t\t\t\t\t\t<h4 class=\"uagb-post__title uagb-post__text\">\n\t\t\t\t<a href=\"https:\/\/aviacionaldia.com\/en\/2026\/04\/colombia-solidifies-aviation-growth-15-million-passengers-transported-in-q1-2026.html\" target=\"_self\" rel=\"bookmark noopener noreferrer\">Colombia Solidifies Aviation Growth: 15 Million Passengers Transported in Q1 2026<\/a>\n\t\t\t<\/h4>\n\t\t\t\t\t\t<div class='uagb-post__text uagb-post-grid-byline'>\n\t\t\t\t\t\t\t<\/div>\n\t\t\t\t\t\t<div class=\"uagb-post__text uagb-post__cta wp-block-button\">\n\t\t\t\t<a class=\"wp-block-button__link uagb-text-link\" style=\"\" href=\"https:\/\/aviacionaldia.com\/en\/2026\/04\/colombia-solidifies-aviation-growth-15-million-passengers-transported-in-q1-2026.html\" target=\"_self\" rel=\"bookmark noopener noreferrer\">Read More<\/a>\n\t\t\t<\/div>\n\t\t\t\n\t\t\t\t\t\t\t\t\t<\/article>\n\t\t\t\t\t\t\t\t\t\t\t\t\t\t\t\t<article class=\"uagb-post__inner-wrap\">\t\t\t\t\t\t\t\t<div class='uagb-post__image'>\n\t\t\t\t\t\t\t\t\t<a href=\"https:\/\/aviacionaldia.com\/en\/2026\/04\/ntsb-runway-safety-system-failure-preceded-fatal-collision-between-air-canada-express-aircraft-and-fire-truck.html\" target=\"_self\" rel=\"bookmark noopener noreferrer\" class='uagb-image-ratio-inherit'><img decoding=\"async\" width=\"800\" height=\"400\" src=\"https:\/\/aviacionaldia.com\/wp-content\/uploads\/2026\/03\/Accidente-de-avion-de-Air-Canada-Express-en-LaGuardia.webp\" class=\"attachment-large size-large\" alt=\"\" srcset=\"https:\/\/aviacionaldia.com\/wp-content\/uploads\/2026\/03\/Accidente-de-avion-de-Air-Canada-Express-en-LaGuardia.webp 800w, https:\/\/aviacionaldia.com\/wp-content\/uploads\/2026\/03\/Accidente-de-avion-de-Air-Canada-Express-en-LaGuardia-300x150.webp 300w, https:\/\/aviacionaldia.com\/wp-content\/uploads\/2026\/03\/Accidente-de-avion-de-Air-Canada-Express-en-LaGuardia-768x384.webp 768w, https:\/\/aviacionaldia.com\/wp-content\/uploads\/2026\/03\/Accidente-de-avion-de-Air-Canada-Express-en-LaGuardia-380x190.webp 380w\" sizes=\"(max-width: 800px) 100vw, 800px\" \/>\t\t\t\t\t<\/a>\n\t\t\t\t\t\t\t<\/div>\n\t\t\t\t\t\t<h4 class=\"uagb-post__title uagb-post__text\">\n\t\t\t\t<a href=\"https:\/\/aviacionaldia.com\/en\/2026\/04\/ntsb-runway-safety-system-failure-preceded-fatal-collision-between-air-canada-express-aircraft-and-fire-truck.html\" target=\"_self\" rel=\"bookmark noopener noreferrer\">NTSB: Runway Safety System Failure Preceded Fatal Collision Between Air Canada Express Aircraft and Fire Truck<\/a>\n\t\t\t<\/h4>\n\t\t\t\t\t\t<div class='uagb-post__text uagb-post-grid-byline'>\n\t\t\t\t\t\t\t<\/div>\n\t\t\t\t\t\t<div class=\"uagb-post__text uagb-post__cta wp-block-button\">\n\t\t\t\t<a class=\"wp-block-button__link uagb-text-link\" style=\"\" href=\"https:\/\/aviacionaldia.com\/en\/2026\/04\/ntsb-runway-safety-system-failure-preceded-fatal-collision-between-air-canada-express-aircraft-and-fire-truck.html\" target=\"_self\" rel=\"bookmark noopener noreferrer\">Read More<\/a>\n\t\t\t<\/div>\n\t\t\t\n\t\t\t\t\t\t\t\t\t<\/article>\n\t\t\t\t\t\t\t\t\t\t\t<\/div>\n\t\t\t","protected":false},"excerpt":{"rendered":"The Tocumen International Airport, Panama&#8217;s main air terminal, is reinforcing its strategic role as a regional connection hub&hellip;\n","protected":false},"author":4316,"featured_media":168971,"comment_status":"open","ping_status":"closed","sticky":false,"template":"","format":"standard","meta":{"_uag_custom_page_level_css":"","footnotes":""},"categories":[189],"tags":[195,247],"class_list":{"0":"post-171761","1":"post","2":"type-post","3":"status-publish","4":"format-standard","5":"has-post-thumbnail","7":"category-airports","8":"tag-airport","9":"tag-panama-2"},"uagb_featured_image_src":{"full":["https:\/\/aviacionaldia.com\/wp-content\/uploads\/2024\/10\/Aeropuerto-de-Tocumen-Panama.jpg",800,400,false],"thumbnail":["https:\/\/aviacionaldia.com\/wp-content\/uploads\/2024\/10\/Aeropuerto-de-Tocumen-Panama-150x150.jpg",150,150,true],"medium":["https:\/\/aviacionaldia.com\/wp-content\/uploads\/2024\/10\/Aeropuerto-de-Tocumen-Panama-300x150.jpg",300,150,true],"medium_large":["https:\/\/aviacionaldia.com\/wp-content\/uploads\/2024\/10\/Aeropuerto-de-Tocumen-Panama-768x384.jpg",768,384,true],"large":["https:\/\/aviacionaldia.com\/wp-content\/uploads\/2024\/10\/Aeropuerto-de-Tocumen-Panama.jpg",800,400,false],"1536x1536":["https:\/\/aviacionaldia.com\/wp-content\/uploads\/2024\/10\/Aeropuerto-de-Tocumen-Panama.jpg",800,400,false],"2048x2048":["https:\/\/aviacionaldia.com\/wp-content\/uploads\/2024\/10\/Aeropuerto-de-Tocumen-Panama.jpg",800,400,false],"pk-small":["https:\/\/aviacionaldia.com\/wp-content\/uploads\/2024\/10\/Aeropuerto-de-Tocumen-Panama.jpg",80,40,false],"pk-thumbnail":["https:\/\/aviacionaldia.com\/wp-content\/uploads\/2024\/10\/Aeropuerto-de-Tocumen-Panama.jpg",300,150,false],"csco-small":["https:\/\/aviacionaldia.com\/wp-content\/uploads\/2024\/10\/Aeropuerto-de-Tocumen-Panama-80x80.jpg",80,80,true],"csco-intermediate":["https:\/\/aviacionaldia.com\/wp-content\/uploads\/2024\/10\/Aeropuerto-de-Tocumen-Panama-200x140.jpg",200,140,true],"csco-thumbnail":["https:\/\/aviacionaldia.com\/wp-content\/uploads\/2024\/10\/Aeropuerto-de-Tocumen-Panama-380x220.jpg",380,220,true],"csco-thumbnail-alternative":["https:\/\/aviacionaldia.com\/wp-content\/uploads\/2024\/10\/Aeropuerto-de-Tocumen-Panama-300x180.jpg",300,180,true],"csco-thumbnail-uncropped":["https:\/\/aviacionaldia.com\/wp-content\/uploads\/2024\/10\/Aeropuerto-de-Tocumen-Panama-380x190.jpg",380,190,true],"csco-medium":["https:\/\/aviacionaldia.com\/wp-content\/uploads\/2024\/10\/Aeropuerto-de-Tocumen-Panama.jpg",800,400,false],"csco-medium-alternative":["https:\/\/aviacionaldia.com\/wp-content\/uploads\/2024\/10\/Aeropuerto-de-Tocumen-Panama-560x336.jpg",560,336,true],"csco-medium-uncropped":["https:\/\/aviacionaldia.com\/wp-content\/uploads\/2024\/10\/Aeropuerto-de-Tocumen-Panama.jpg",800,400,false],"csco-large":["https:\/\/aviacionaldia.com\/wp-content\/uploads\/2024\/10\/Aeropuerto-de-Tocumen-Panama.jpg",800,400,false],"csco-large-uncropped":["https:\/\/aviacionaldia.com\/wp-content\/uploads\/2024\/10\/Aeropuerto-de-Tocumen-Panama.jpg",800,400,false],"csco-extra-large":["https:\/\/aviacionaldia.com\/wp-content\/uploads\/2024\/10\/Aeropuerto-de-Tocumen-Panama.jpg",800,400,false]},"uagb_author_info":{"display_name":"Redacci\u00f3n - Aviaci\u00f3n al D\u00eda","author_link":"https:\/\/aviacionaldia.com\/en\/author\/aad"},"uagb_comment_info":0,"uagb_excerpt":"The Tocumen International Airport, Panama&#8217;s main air terminal, is reinforcing its strategic role as a regional connection hub&hellip;","amp_enabled":true,"_links":{"self":[{"href":"https:\/\/aviacionaldia.com\/en\/wp-json\/wp\/v2\/posts\/171761","targetHints":{"allow":["GET"]}}],"collection":[{"href":"https:\/\/aviacionaldia.com\/en\/wp-json\/wp\/v2\/posts"}],"about":[{"href":"https:\/\/aviacionaldia.com\/en\/wp-json\/wp\/v2\/types\/post"}],"author":[{"embeddable":true,"href":"https:\/\/aviacionaldia.com\/en\/wp-json\/wp\/v2\/users\/4316"}],"replies":[{"embeddable":true,"href":"https:\/\/aviacionaldia.com\/en\/wp-json\/wp\/v2\/comments?post=171761"}],"version-history":[{"count":2,"href":"https:\/\/aviacionaldia.com\/en\/wp-json\/wp\/v2\/posts\/171761\/revisions"}],"predecessor-version":[{"id":171767,"href":"https:\/\/aviacionaldia.com\/en\/wp-json\/wp\/v2\/posts\/171761\/revisions\/171767"}],"wp:featuredmedia":[{"embeddable":true,"href":"https:\/\/aviacionaldia.com\/en\/wp-json\/wp\/v2\/media\/168971"}],"wp:attachment":[{"href":"https:\/\/aviacionaldia.com\/en\/wp-json\/wp\/v2\/media?parent=171761"}],"wp:term":[{"taxonomy":"category","embeddable":true,"href":"https:\/\/aviacionaldia.com\/en\/wp-json\/wp\/v2\/categories?post=171761"},{"taxonomy":"post_tag","embeddable":true,"href":"https:\/\/aviacionaldia.com\/en\/wp-json\/wp\/v2\/tags?post=171761"}],"curies":[{"name":"wp","href":"https:\/\/api.w.org\/{rel}","templated":true}]}}