{"id":173637,"date":"2025-04-24T13:30:51","date_gmt":"2025-04-24T13:30:51","guid":{"rendered":"https:\/\/aviacionaldia.com\/?p=173637"},"modified":"2025-04-24T22:07:06","modified_gmt":"2025-04-24T22:07:06","slug":"boeing-responds-to-tariff-impact-seeks-to-resell-aircraft-intended-for-china-and-targets-new-markets","status":"publish","type":"post","link":"https:\/\/aviacionaldia.com\/en\/2025\/04\/boeing-responds-to-tariff-impact-seeks-to-resell-aircraft-intended-for-china-and-targets-new-markets.html","title":{"rendered":"Boeing Responds to Tariff Impact: Seeks to Resell Aircraft Intended for China and Targets New Markets"},"content":{"rendered":"\n<p><strong>Boeing <\/strong>is looking to resell new aircraft originally destined for Chinese airlines, which have been affected by increased tariffs between the United States and China. The company has already repatriated three planes and plans to offer dozens of units to new buyers in markets such as India, Latin America, and Southeast Asia.<\/p>\n\n\n\n<h2 class=\"wp-block-heading\">A Preventive Move Amid Trade Tensions<\/h2>\n\n\n\n<p>Aware of the economic impact of storing aircraft without buyers, Boeing decided to avoid stockpiling planes, as it experienced during the 737 MAX delivery freeze in China. CFO Brian West explained during an analyst call that demand exists in the current market: &#8220;Customers are calling, asking for more aircraft.&#8221;<\/p>\n\n\n\n<h2 class=\"wp-block-heading\">Rising Tariffs Escalate Tensions<\/h2>\n\n\n\n<p>Tensions between the world\u2019s two largest economies intensified this month when the U.S. raised base tariffs on Chinese imports to as high as 145%. In response, China imposed a 125% duty on U.S. products. As a result, several Chinese airlines informed Boeing they would not accept the ordered aircraft, as confirmed by CEO Kelly Ortberg.<\/p>\n\n\n\n<p><strong><em>\u2192 <a href=\"https:\/\/aviacionaldia.com\/en\/2025\/03\/boc-aviation-places-mega-order-for-120-airbus-and-boeing-aircraft.html\">BOC Aviation Places Mega Order for 120 Airbus and Boeing Aircraft<\/a><\/em><\/strong><\/p>\n\n\n\n<h2 class=\"wp-block-heading\">An Indirect Message to Beijing and Washington<\/h2>\n\n\n\n<p>Industry analysts interpret this move as a warning about the negative effects of the trade conflict, especially as airlines compete for capacity and Boeing works to recover from recent crises. Although Washington has shown willingness to ease tensions, the situation remains volatile.<\/p>\n\n\n\n<h2 class=\"wp-block-heading\">Alternative Markets and Operational Challenges<\/h2>\n\n\n\n<p>India, Latin America, and Southeast Asia emerge as potential destinations for these aircraft, but discussions are still in early stages. Air India, through its low-cost subsidiary Air India Express, is reportedly among the interested parties.<\/p>\n\n\n\n<p>However, reconfiguring already manufactured planes is neither simple nor cost-effective. According to Leeham News, adapting cabins or other customized components can cost millions and require complex contract renegotiations.<\/p>\n\n\n\n<h2 class=\"wp-block-heading\">China: Latent Demand and Internal Restrictions<\/h2>\n\n\n\n<p>Despite the conflict, Chinese airlines need new aircraft to meet domestic demand and comply with fleet age restrictions. Still, China has urged the U.S. to remove tariffs while delaying key purchasing decisions amid a tense geopolitical climate.<\/p>\n\n\n\n<h2 class=\"wp-block-heading\">Repatriation Underway<\/h2>\n\n\n\n<p>Boeing\u2019s move marks a contrast with previous approaches. This time, the company refuses to keep building planes for customers who won\u2019t receive them. In the past week, two jets bound for Xiamen Airlines returned from China to Seattle. A third 737 MAX, originally intended for Air China, flew from Boeing\u2019s completion center in Zhoushan to Guam, part of its delivery route back to the U.S.<\/p>\n\n\n\n<p>That aircraft had left Seattle on April 5, between Trump\u2019s initial tariff announcement and Beijing\u2019s implementation.<\/p>\n\n\n\n<p>Boeing had planned to deliver around 50 new aircraft to China this year, according to West. It is now exploring options to remarket 41 already built or in production.<\/p>\n\n\n\n<h2 class=\"wp-block-heading\">Airbus Looms as a Competitor<\/h2>\n\n\n\n<p>China accounts for roughly 10% of Boeing\u2019s commercial portfolio, and the company has lost ground to Airbus in recent years. The European manufacturer has been in intermittent negotiations for a mega-order of up to 500 aircraft, though any decision is delayed by geopolitical uncertainty, according to industry sources.<\/p>\n\n\n\n<p>Airbus has remained silent, stating it does not comment on ongoing or potential commercial negotiations.<\/p>\n\n\n\n<p>It remains unclear how the U.S.-China rift will affect the European manufacturer.<\/p>\n\n\n\n<h2 class=\"wp-block-heading\" id=\"related-topics\">Related Topics<\/h2>\n\n\n\n\t\t\t<div class=\"wp-block-uagb-post-grid uagb-post-grid  uagb-post__image-position-top uagb-post__image-enabled uagb-block-815d8787     uagb-post__items uagb-post__columns-2 is-grid uagb-post__columns-tablet-2 uagb-post__columns-mobile-1 uagb-post__equal-height\" data-total=\"37\" style=\"\">\n\n\t\t\t\t\t\t\t\t\t\t\t\t<article class=\"uagb-post__inner-wrap\">\t\t\t\t\t\t\t\t<div class='uagb-post__image'>\n\t\t\t\t\t\t\t\t\t<a href=\"https:\/\/aviacionaldia.com\/en\/2026\/04\/embraer-accelerates-delivery-pace-47-increase-during-first-quarter-of-2026.html\" target=\"_self\" rel=\"bookmark noopener noreferrer\" class='uagb-image-ratio-inherit'><img decoding=\"async\" width=\"800\" height=\"400\" src=\"https:\/\/aviacionaldia.com\/wp-content\/uploads\/2019\/08\/Embraer.jpg\" class=\"attachment-large size-large\" alt=\"\" srcset=\"https:\/\/aviacionaldia.com\/wp-content\/uploads\/2019\/08\/Embraer.jpg 800w, https:\/\/aviacionaldia.com\/wp-content\/uploads\/2019\/08\/Embraer-300x150.jpg 300w, https:\/\/aviacionaldia.com\/wp-content\/uploads\/2019\/08\/Embraer-768x384.jpg 768w, https:\/\/aviacionaldia.com\/wp-content\/uploads\/2019\/08\/Embraer-380x190.jpg 380w\" sizes=\"(max-width: 800px) 100vw, 800px\" \/>\t\t\t\t\t<\/a>\n\t\t\t\t\t\t\t<\/div>\n\t\t\t\t\t\t<h4 class=\"uagb-post__title uagb-post__text\">\n\t\t\t\t<a href=\"https:\/\/aviacionaldia.com\/en\/2026\/04\/embraer-accelerates-delivery-pace-47-increase-during-first-quarter-of-2026.html\" target=\"_self\" rel=\"bookmark noopener noreferrer\">Embraer Accelerates Delivery Pace: 47% Increase During First Quarter of 2026<\/a>\n\t\t\t<\/h4>\n\t\t\t\t\t\t<div class='uagb-post__text uagb-post-grid-byline'>\n\t\t\t\t\t\t\t<\/div>\n\t\t\t\t\t\t<div class=\"uagb-post__text uagb-post__cta wp-block-button\">\n\t\t\t\t<a class=\"wp-block-button__link uagb-text-link\" style=\"\" href=\"https:\/\/aviacionaldia.com\/en\/2026\/04\/embraer-accelerates-delivery-pace-47-increase-during-first-quarter-of-2026.html\" target=\"_self\" rel=\"bookmark noopener noreferrer\">Read More<\/a>\n\t\t\t<\/div>\n\t\t\t\n\t\t\t\t\t\t\t\t\t<\/article>\n\t\t\t\t\t\t\t\t\t\t\t\t\t\t\t\t<article class=\"uagb-post__inner-wrap\">\t\t\t\t\t\t\t\t<div class='uagb-post__image'>\n\t\t\t\t\t\t\t\t\t<a href=\"https:\/\/aviacionaldia.com\/en\/2026\/03\/finnair-renews-regional-fleet-orders-up-to-46-embraer-e195-e2-aircraft.html\" target=\"_self\" rel=\"bookmark noopener noreferrer\" class='uagb-image-ratio-inherit'><img decoding=\"async\" width=\"800\" height=\"400\" src=\"https:\/\/aviacionaldia.com\/wp-content\/uploads\/2026\/03\/Finnair-Embraer-E195-E2.webp\" class=\"attachment-large size-large\" alt=\"\" srcset=\"https:\/\/aviacionaldia.com\/wp-content\/uploads\/2026\/03\/Finnair-Embraer-E195-E2.webp 800w, https:\/\/aviacionaldia.com\/wp-content\/uploads\/2026\/03\/Finnair-Embraer-E195-E2-300x150.webp 300w, https:\/\/aviacionaldia.com\/wp-content\/uploads\/2026\/03\/Finnair-Embraer-E195-E2-768x384.webp 768w, https:\/\/aviacionaldia.com\/wp-content\/uploads\/2026\/03\/Finnair-Embraer-E195-E2-380x190.webp 380w\" sizes=\"(max-width: 800px) 100vw, 800px\" \/>\t\t\t\t\t<\/a>\n\t\t\t\t\t\t\t<\/div>\n\t\t\t\t\t\t<h4 class=\"uagb-post__title uagb-post__text\">\n\t\t\t\t<a href=\"https:\/\/aviacionaldia.com\/en\/2026\/03\/finnair-renews-regional-fleet-orders-up-to-46-embraer-e195-e2-aircraft.html\" target=\"_self\" rel=\"bookmark noopener noreferrer\">Finnair Renews Regional Fleet: Orders Up to 46 Embraer E195-E2 Aircraft<\/a>\n\t\t\t<\/h4>\n\t\t\t\t\t\t<div class='uagb-post__text uagb-post-grid-byline'>\n\t\t\t\t\t\t\t<\/div>\n\t\t\t\t\t\t<div class=\"uagb-post__text uagb-post__cta wp-block-button\">\n\t\t\t\t<a class=\"wp-block-button__link uagb-text-link\" style=\"\" href=\"https:\/\/aviacionaldia.com\/en\/2026\/03\/finnair-renews-regional-fleet-orders-up-to-46-embraer-e195-e2-aircraft.html\" target=\"_self\" rel=\"bookmark noopener noreferrer\">Read More<\/a>\n\t\t\t<\/div>\n\t\t\t\n\t\t\t\t\t\t\t\t\t<\/article>\n\t\t\t\t\t\t\t\t\t\t\t\t\t\t\t\t<article class=\"uagb-post__inner-wrap\">\t\t\t\t\t\t\t\t<div class='uagb-post__image'>\n\t\t\t\t\t\t\t\t\t<a href=\"https:\/\/aviacionaldia.com\/en\/2026\/02\/u-s-tariff-shift-exemption-for-aircraft-and-engines-boosts-embraer-u-s-airlines-and-aerospace-sector.html\" target=\"_self\" rel=\"bookmark noopener noreferrer\" class='uagb-image-ratio-inherit'><img decoding=\"async\" width=\"800\" height=\"400\" src=\"https:\/\/aviacionaldia.com\/wp-content\/uploads\/2022\/12\/Embraer-E195-E2-y-E190-E2.jpg\" class=\"attachment-large size-large\" alt=\"\" srcset=\"https:\/\/aviacionaldia.com\/wp-content\/uploads\/2022\/12\/Embraer-E195-E2-y-E190-E2.jpg 800w, https:\/\/aviacionaldia.com\/wp-content\/uploads\/2022\/12\/Embraer-E195-E2-y-E190-E2-300x150.jpg 300w, https:\/\/aviacionaldia.com\/wp-content\/uploads\/2022\/12\/Embraer-E195-E2-y-E190-E2-768x384.jpg 768w, https:\/\/aviacionaldia.com\/wp-content\/uploads\/2022\/12\/Embraer-E195-E2-y-E190-E2-380x190.jpg 380w\" sizes=\"(max-width: 800px) 100vw, 800px\" \/>\t\t\t\t\t<\/a>\n\t\t\t\t\t\t\t<\/div>\n\t\t\t\t\t\t<h4 class=\"uagb-post__title uagb-post__text\">\n\t\t\t\t<a href=\"https:\/\/aviacionaldia.com\/en\/2026\/02\/u-s-tariff-shift-exemption-for-aircraft-and-engines-boosts-embraer-u-s-airlines-and-aerospace-sector.html\" target=\"_self\" rel=\"bookmark noopener noreferrer\">U.S. Tariff Shift: Exemption for Aircraft and Engines Boosts Embraer, U.S. Airlines, and Aerospace Sector<\/a>\n\t\t\t<\/h4>\n\t\t\t\t\t\t<div class='uagb-post__text uagb-post-grid-byline'>\n\t\t\t\t\t\t\t<\/div>\n\t\t\t\t\t\t<div class=\"uagb-post__text uagb-post__cta wp-block-button\">\n\t\t\t\t<a class=\"wp-block-button__link uagb-text-link\" style=\"\" href=\"https:\/\/aviacionaldia.com\/en\/2026\/02\/u-s-tariff-shift-exemption-for-aircraft-and-engines-boosts-embraer-u-s-airlines-and-aerospace-sector.html\" target=\"_self\" rel=\"bookmark noopener noreferrer\">Read More<\/a>\n\t\t\t<\/div>\n\t\t\t\n\t\t\t\t\t\t\t\t\t<\/article>\n\t\t\t\t\t\t\t\t\t\t\t\t\t\t\t\t<article class=\"uagb-post__inner-wrap\">\t\t\t\t\t\t\t\t<div class='uagb-post__image'>\n\t\t\t\t\t\t\t\t\t<a href=\"https:\/\/aviacionaldia.com\/en\/2026\/02\/embraer-and-adani-defence-aerospace-elevate-alliance-agreement-for-an-e175-final-assembly-line-in-india.html\" target=\"_self\" rel=\"bookmark noopener noreferrer\" class='uagb-image-ratio-inherit'><img decoding=\"async\" width=\"800\" height=\"400\" src=\"https:\/\/aviacionaldia.com\/wp-content\/uploads\/2026\/02\/Embraer-E175.webp\" class=\"attachment-large size-large\" alt=\"\" srcset=\"https:\/\/aviacionaldia.com\/wp-content\/uploads\/2026\/02\/Embraer-E175.webp 800w, https:\/\/aviacionaldia.com\/wp-content\/uploads\/2026\/02\/Embraer-E175-300x150.webp 300w, https:\/\/aviacionaldia.com\/wp-content\/uploads\/2026\/02\/Embraer-E175-768x384.webp 768w, https:\/\/aviacionaldia.com\/wp-content\/uploads\/2026\/02\/Embraer-E175-380x190.webp 380w\" sizes=\"(max-width: 800px) 100vw, 800px\" \/>\t\t\t\t\t<\/a>\n\t\t\t\t\t\t\t<\/div>\n\t\t\t\t\t\t<h4 class=\"uagb-post__title uagb-post__text\">\n\t\t\t\t<a href=\"https:\/\/aviacionaldia.com\/en\/2026\/02\/embraer-and-adani-defence-aerospace-elevate-alliance-agreement-for-an-e175-final-assembly-line-in-india.html\" target=\"_self\" rel=\"bookmark noopener noreferrer\">Embraer and Adani Defence &#038; Aerospace Elevate Alliance: Agreement for an E175 Final Assembly Line in India<\/a>\n\t\t\t<\/h4>\n\t\t\t\t\t\t<div class='uagb-post__text uagb-post-grid-byline'>\n\t\t\t\t\t\t\t<\/div>\n\t\t\t\t\t\t<div class=\"uagb-post__text uagb-post__cta wp-block-button\">\n\t\t\t\t<a class=\"wp-block-button__link uagb-text-link\" style=\"\" href=\"https:\/\/aviacionaldia.com\/en\/2026\/02\/embraer-and-adani-defence-aerospace-elevate-alliance-agreement-for-an-e175-final-assembly-line-in-india.html\" target=\"_self\" rel=\"bookmark noopener noreferrer\">Read More<\/a>\n\t\t\t<\/div>\n\t\t\t\n\t\t\t\t\t\t\t\t\t<\/article>\n\t\t\t\t\t\t\t\t\t\t\t<\/div>\n\t\t\t","protected":false},"excerpt":{"rendered":"Boeing is looking to resell new aircraft originally destined for Chinese airlines, which have been affected by increased&hellip;\n","protected":false},"author":4316,"featured_media":106494,"comment_status":"open","ping_status":"closed","sticky":false,"template":"","format":"standard","meta":{"_uag_custom_page_level_css":"","footnotes":""},"categories":[190],"tags":[222,220],"class_list":{"0":"post-173637","1":"post","2":"type-post","3":"status-publish","4":"format-standard","5":"has-post-thumbnail","7":"category-the-industry","8":"tag-aircraft","9":"tag-boeing-2"},"uagb_featured_image_src":{"full":["https:\/\/aviacionaldia.com\/wp-content\/uploads\/2021\/02\/Boeing-Fabrica-737.jpg",800,400,false],"thumbnail":["https:\/\/aviacionaldia.com\/wp-content\/uploads\/2021\/02\/Boeing-Fabrica-737-150x150.jpg",150,150,true],"medium":["https:\/\/aviacionaldia.com\/wp-content\/uploads\/2021\/02\/Boeing-Fabrica-737-300x150.jpg",300,150,true],"medium_large":["https:\/\/aviacionaldia.com\/wp-content\/uploads\/2021\/02\/Boeing-Fabrica-737-768x384.jpg",768,384,true],"large":["https:\/\/aviacionaldia.com\/wp-content\/uploads\/2021\/02\/Boeing-Fabrica-737.jpg",800,400,false],"1536x1536":["https:\/\/aviacionaldia.com\/wp-content\/uploads\/2021\/02\/Boeing-Fabrica-737.jpg",800,400,false],"2048x2048":["https:\/\/aviacionaldia.com\/wp-content\/uploads\/2021\/02\/Boeing-Fabrica-737.jpg",800,400,false],"pk-small":["https:\/\/aviacionaldia.com\/wp-content\/uploads\/2021\/02\/Boeing-Fabrica-737.jpg",80,40,false],"pk-thumbnail":["https:\/\/aviacionaldia.com\/wp-content\/uploads\/2021\/02\/Boeing-Fabrica-737.jpg",300,150,false],"csco-small":["https:\/\/aviacionaldia.com\/wp-content\/uploads\/2021\/02\/Boeing-Fabrica-737-80x80.jpg",80,80,true],"csco-intermediate":["https:\/\/aviacionaldia.com\/wp-content\/uploads\/2021\/02\/Boeing-Fabrica-737-200x140.jpg",200,140,true],"csco-thumbnail":["https:\/\/aviacionaldia.com\/wp-content\/uploads\/2021\/02\/Boeing-Fabrica-737-380x220.jpg",380,220,true],"csco-thumbnail-alternative":["https:\/\/aviacionaldia.com\/wp-content\/uploads\/2021\/02\/Boeing-Fabrica-737-300x180.jpg",300,180,true],"csco-thumbnail-uncropped":["https:\/\/aviacionaldia.com\/wp-content\/uploads\/2021\/02\/Boeing-Fabrica-737-380x190.jpg",380,190,true],"csco-medium":["https:\/\/aviacionaldia.com\/wp-content\/uploads\/2021\/02\/Boeing-Fabrica-737.jpg",800,400,false],"csco-medium-alternative":["https:\/\/aviacionaldia.com\/wp-content\/uploads\/2021\/02\/Boeing-Fabrica-737-560x336.jpg",560,336,true],"csco-medium-uncropped":["https:\/\/aviacionaldia.com\/wp-content\/uploads\/2021\/02\/Boeing-Fabrica-737.jpg",800,400,false],"csco-large":["https:\/\/aviacionaldia.com\/wp-content\/uploads\/2021\/02\/Boeing-Fabrica-737.jpg",800,400,false],"csco-large-uncropped":["https:\/\/aviacionaldia.com\/wp-content\/uploads\/2021\/02\/Boeing-Fabrica-737.jpg",800,400,false],"csco-extra-large":["https:\/\/aviacionaldia.com\/wp-content\/uploads\/2021\/02\/Boeing-Fabrica-737.jpg",800,400,false]},"uagb_author_info":{"display_name":"Redacci\u00f3n - Aviaci\u00f3n al D\u00eda","author_link":"https:\/\/aviacionaldia.com\/en\/author\/aad"},"uagb_comment_info":0,"uagb_excerpt":"Boeing is looking to resell new aircraft originally destined for Chinese airlines, which have been affected by increased&hellip;","amp_enabled":true,"_links":{"self":[{"href":"https:\/\/aviacionaldia.com\/en\/wp-json\/wp\/v2\/posts\/173637","targetHints":{"allow":["GET"]}}],"collection":[{"href":"https:\/\/aviacionaldia.com\/en\/wp-json\/wp\/v2\/posts"}],"about":[{"href":"https:\/\/aviacionaldia.com\/en\/wp-json\/wp\/v2\/types\/post"}],"author":[{"embeddable":true,"href":"https:\/\/aviacionaldia.com\/en\/wp-json\/wp\/v2\/users\/4316"}],"replies":[{"embeddable":true,"href":"https:\/\/aviacionaldia.com\/en\/wp-json\/wp\/v2\/comments?post=173637"}],"version-history":[{"count":1,"href":"https:\/\/aviacionaldia.com\/en\/wp-json\/wp\/v2\/posts\/173637\/revisions"}],"predecessor-version":[{"id":173638,"href":"https:\/\/aviacionaldia.com\/en\/wp-json\/wp\/v2\/posts\/173637\/revisions\/173638"}],"wp:featuredmedia":[{"embeddable":true,"href":"https:\/\/aviacionaldia.com\/en\/wp-json\/wp\/v2\/media\/106494"}],"wp:attachment":[{"href":"https:\/\/aviacionaldia.com\/en\/wp-json\/wp\/v2\/media?parent=173637"}],"wp:term":[{"taxonomy":"category","embeddable":true,"href":"https:\/\/aviacionaldia.com\/en\/wp-json\/wp\/v2\/categories?post=173637"},{"taxonomy":"post_tag","embeddable":true,"href":"https:\/\/aviacionaldia.com\/en\/wp-json\/wp\/v2\/tags?post=173637"}],"curies":[{"name":"wp","href":"https:\/\/api.w.org\/{rel}","templated":true}]}}