{"id":173643,"date":"2025-04-24T15:00:44","date_gmt":"2025-04-24T15:00:44","guid":{"rendered":"https:\/\/aviacionaldia.com\/?p=173643"},"modified":"2025-04-24T22:18:59","modified_gmt":"2025-04-24T22:18:59","slug":"arajet-expands-its-fleet-smbc-aviation-capital-to-lease-5-boeing-737-max-8","status":"publish","type":"post","link":"https:\/\/aviacionaldia.com\/en\/2025\/04\/arajet-expands-its-fleet-smbc-aviation-capital-to-lease-5-boeing-737-max-8.html","title":{"rendered":"Arajet Expands Its Fleet: SMBC Aviation Capital to Lease 5 Boeing 737 MAX 8"},"content":{"rendered":"\n<p><strong>SMBC Aviation Capital and Arajet<\/strong> have signed a significant lease agreement under the SLB (Sale and Leaseback) model for five <strong>Boeing 737 MAX 8<\/strong> aircraft, which will be delivered between 2026 and 2027. This move strengthens the expansion plans of the Dominican airline and solidifies SMBC&#8217;s position as a leader in the global aircraft leasing market.<\/p>\n\n\n\n<p>These aircraft will join the airline&#8217;s current fleet, which already operates 10 planes of the same model.<\/p>\n\n\n\n<p><strong><em>\u2192 <a href=\"https:\/\/aviacionaldia.com\/en\/2025\/04\/arajet-lands-in-u-s-a-historic-takeoff-for-dominican-aviation.html\">Arajet Lands in U.S.: A Historic Takeoff for Dominican Aviation<\/a><\/em><\/strong><\/p>\n\n\n\n<p>Conor Stafford, Head of Airline Marketing at SMBC Aviation Capital, remarked: &#8220;We are delighted to partner with Arajet on this important agreement and welcome them as a new customer. These aircraft will significantly contribute to the success of their operations, demonstrating our commitment to providing tailored leasing solutions that meet our partners&#8217; needs.&#8221;<\/p>\n\n\n\n<p>V\u00edctor Pacheco M\u00e9ndez, CEO of Arajet, stated: &#8220;Continuing our collaboration with SMBC Aviation Capital is key to delivering safe, efficient, and affordable travel. This step reinforces our business model and our vision for sustainable growth in the industry.&#8221;<\/p>\n\n\n\n<p>With this expansion, Arajet is poised to increase its presence in the Americas market, offering passengers more flight options with a focus on comfort and competitive pricing.<\/p>\n\n\n\n<h2 class=\"wp-block-heading\" id=\"related-topics\">Related Topics<\/h2>\n\n\n\n\t\t\t<div class=\"wp-block-uagb-post-grid uagb-post-grid  uagb-post__image-position-top uagb-post__image-enabled uagb-block-815d8787     uagb-post__items uagb-post__columns-2 is-grid uagb-post__columns-tablet-2 uagb-post__columns-mobile-1 uagb-post__equal-height\" data-total=\"203\" style=\"\">\n\n\t\t\t\t\t\t\t\t\t\t\t\t<article class=\"uagb-post__inner-wrap\">\t\t\t\t\t\t\t\t<div class='uagb-post__image'>\n\t\t\t\t\t\t\t\t\t<a href=\"https:\/\/aviacionaldia.com\/en\/2026\/04\/chinas-big-three-airlines-return-to-profitability-in-q1-2026.html\" target=\"_self\" rel=\"bookmark noopener noreferrer\" class='uagb-image-ratio-inherit'><img decoding=\"async\" width=\"800\" height=\"400\" src=\"https:\/\/aviacionaldia.com\/wp-content\/uploads\/2025\/03\/China-Southern-Airlines-Air-China-y-China-Eastern.webp\" class=\"attachment-large size-large\" alt=\"\" srcset=\"https:\/\/aviacionaldia.com\/wp-content\/uploads\/2025\/03\/China-Southern-Airlines-Air-China-y-China-Eastern.webp 800w, https:\/\/aviacionaldia.com\/wp-content\/uploads\/2025\/03\/China-Southern-Airlines-Air-China-y-China-Eastern-300x150.webp 300w, https:\/\/aviacionaldia.com\/wp-content\/uploads\/2025\/03\/China-Southern-Airlines-Air-China-y-China-Eastern-768x384.webp 768w, https:\/\/aviacionaldia.com\/wp-content\/uploads\/2025\/03\/China-Southern-Airlines-Air-China-y-China-Eastern-380x190.webp 380w\" sizes=\"(max-width: 800px) 100vw, 800px\" \/>\t\t\t\t\t<\/a>\n\t\t\t\t\t\t\t<\/div>\n\t\t\t\t\t\t<h4 class=\"uagb-post__title uagb-post__text\">\n\t\t\t\t<a href=\"https:\/\/aviacionaldia.com\/en\/2026\/04\/chinas-big-three-airlines-return-to-profitability-in-q1-2026.html\" target=\"_self\" rel=\"bookmark noopener noreferrer\">China\u2019s &#8220;Big Three&#8221; Airlines Return to Profitability in Q1 2026<\/a>\n\t\t\t<\/h4>\n\t\t\t\t\t\t<div class='uagb-post__text uagb-post-grid-byline'>\n\t\t\t\t\t\t\t<\/div>\n\t\t\t\t\t\t<div class=\"uagb-post__text uagb-post__cta wp-block-button\">\n\t\t\t\t<a class=\"wp-block-button__link uagb-text-link\" style=\"\" href=\"https:\/\/aviacionaldia.com\/en\/2026\/04\/chinas-big-three-airlines-return-to-profitability-in-q1-2026.html\" target=\"_self\" rel=\"bookmark noopener noreferrer\">Read More<\/a>\n\t\t\t<\/div>\n\t\t\t\n\t\t\t\t\t\t\t\t\t<\/article>\n\t\t\t\t\t\t\t\t\t\t\t\t\t\t\t\t<article class=\"uagb-post__inner-wrap\">\t\t\t\t\t\t\t\t<div class='uagb-post__image'>\n\t\t\t\t\t\t\t\t\t<a href=\"https:\/\/aviacionaldia.com\/en\/2026\/04\/china-southern-airlines-seals-deal-with-airbus-for-137-a320neo-jets.html\" target=\"_self\" rel=\"bookmark noopener noreferrer\" class='uagb-image-ratio-inherit'><img decoding=\"async\" width=\"800\" height=\"400\" src=\"https:\/\/aviacionaldia.com\/wp-content\/uploads\/2026\/04\/China-Southern-Airlines-Airbus-A320neo.webp\" class=\"attachment-large size-large\" alt=\"\" srcset=\"https:\/\/aviacionaldia.com\/wp-content\/uploads\/2026\/04\/China-Southern-Airlines-Airbus-A320neo.webp 800w, https:\/\/aviacionaldia.com\/wp-content\/uploads\/2026\/04\/China-Southern-Airlines-Airbus-A320neo-300x150.webp 300w, https:\/\/aviacionaldia.com\/wp-content\/uploads\/2026\/04\/China-Southern-Airlines-Airbus-A320neo-768x384.webp 768w, https:\/\/aviacionaldia.com\/wp-content\/uploads\/2026\/04\/China-Southern-Airlines-Airbus-A320neo-380x190.webp 380w\" sizes=\"(max-width: 800px) 100vw, 800px\" \/>\t\t\t\t\t<\/a>\n\t\t\t\t\t\t\t<\/div>\n\t\t\t\t\t\t<h4 class=\"uagb-post__title uagb-post__text\">\n\t\t\t\t<a href=\"https:\/\/aviacionaldia.com\/en\/2026\/04\/china-southern-airlines-seals-deal-with-airbus-for-137-a320neo-jets.html\" target=\"_self\" rel=\"bookmark noopener noreferrer\">China Southern Airlines Seals Deal with Airbus for 137 A320neo Jets<\/a>\n\t\t\t<\/h4>\n\t\t\t\t\t\t<div class='uagb-post__text uagb-post-grid-byline'>\n\t\t\t\t\t\t\t<\/div>\n\t\t\t\t\t\t<div class=\"uagb-post__text uagb-post__cta wp-block-button\">\n\t\t\t\t<a class=\"wp-block-button__link uagb-text-link\" style=\"\" href=\"https:\/\/aviacionaldia.com\/en\/2026\/04\/china-southern-airlines-seals-deal-with-airbus-for-137-a320neo-jets.html\" target=\"_self\" rel=\"bookmark noopener noreferrer\">Read More<\/a>\n\t\t\t<\/div>\n\t\t\t\n\t\t\t\t\t\t\t\t\t<\/article>\n\t\t\t\t\t\t\t\t\t\t\t\t\t\t\t\t<article class=\"uagb-post__inner-wrap\">\t\t\t\t\t\t\t\t<div class='uagb-post__image'>\n\t\t\t\t\t\t\t\t\t<a href=\"https:\/\/aviacionaldia.com\/en\/2026\/04\/indian-airlines-warn-of-groundings-amid-surging-fuel-costs.html\" target=\"_self\" rel=\"bookmark noopener noreferrer\" class='uagb-image-ratio-inherit'><img decoding=\"async\" width=\"800\" height=\"400\" src=\"https:\/\/aviacionaldia.com\/wp-content\/uploads\/2025\/11\/Aeropuerto-de-Delhi.webp\" class=\"attachment-large size-large\" alt=\"\" srcset=\"https:\/\/aviacionaldia.com\/wp-content\/uploads\/2025\/11\/Aeropuerto-de-Delhi.webp 800w, https:\/\/aviacionaldia.com\/wp-content\/uploads\/2025\/11\/Aeropuerto-de-Delhi-300x150.webp 300w, https:\/\/aviacionaldia.com\/wp-content\/uploads\/2025\/11\/Aeropuerto-de-Delhi-768x384.webp 768w, https:\/\/aviacionaldia.com\/wp-content\/uploads\/2025\/11\/Aeropuerto-de-Delhi-380x190.webp 380w\" sizes=\"(max-width: 800px) 100vw, 800px\" \/>\t\t\t\t\t<\/a>\n\t\t\t\t\t\t\t<\/div>\n\t\t\t\t\t\t<h4 class=\"uagb-post__title uagb-post__text\">\n\t\t\t\t<a href=\"https:\/\/aviacionaldia.com\/en\/2026\/04\/indian-airlines-warn-of-groundings-amid-surging-fuel-costs.html\" target=\"_self\" rel=\"bookmark noopener noreferrer\">Indian Airlines Warn of Groundings Amid Surging Fuel Costs<\/a>\n\t\t\t<\/h4>\n\t\t\t\t\t\t<div class='uagb-post__text uagb-post-grid-byline'>\n\t\t\t\t\t\t\t<\/div>\n\t\t\t\t\t\t<div class=\"uagb-post__text uagb-post__cta wp-block-button\">\n\t\t\t\t<a class=\"wp-block-button__link uagb-text-link\" style=\"\" href=\"https:\/\/aviacionaldia.com\/en\/2026\/04\/indian-airlines-warn-of-groundings-amid-surging-fuel-costs.html\" target=\"_self\" rel=\"bookmark noopener noreferrer\">Read More<\/a>\n\t\t\t<\/div>\n\t\t\t\n\t\t\t\t\t\t\t\t\t<\/article>\n\t\t\t\t\t\t\t\t\t\t\t\t\t\t\t\t<article class=\"uagb-post__inner-wrap\">\t\t\t\t\t\t\t\t<div class='uagb-post__image'>\n\t\t\t\t\t\t\t\t\t<a href=\"https:\/\/aviacionaldia.com\/en\/2026\/04\/humanoid-robots-on-ramp-jal-and-gmo-air-to-launch-pilot-program-at-tokyo-haneda-airport.html\" target=\"_self\" rel=\"bookmark noopener noreferrer\" class='uagb-image-ratio-inherit'><img decoding=\"async\" width=\"800\" height=\"400\" src=\"https:\/\/aviacionaldia.com\/wp-content\/uploads\/2026\/04\/Japan-Airlines-Robots-en-aeropuerto.webp\" class=\"attachment-large size-large\" alt=\"\" srcset=\"https:\/\/aviacionaldia.com\/wp-content\/uploads\/2026\/04\/Japan-Airlines-Robots-en-aeropuerto.webp 800w, https:\/\/aviacionaldia.com\/wp-content\/uploads\/2026\/04\/Japan-Airlines-Robots-en-aeropuerto-300x150.webp 300w, https:\/\/aviacionaldia.com\/wp-content\/uploads\/2026\/04\/Japan-Airlines-Robots-en-aeropuerto-768x384.webp 768w, https:\/\/aviacionaldia.com\/wp-content\/uploads\/2026\/04\/Japan-Airlines-Robots-en-aeropuerto-380x190.webp 380w\" sizes=\"(max-width: 800px) 100vw, 800px\" \/>\t\t\t\t\t<\/a>\n\t\t\t\t\t\t\t<\/div>\n\t\t\t\t\t\t<h4 class=\"uagb-post__title uagb-post__text\">\n\t\t\t\t<a href=\"https:\/\/aviacionaldia.com\/en\/2026\/04\/humanoid-robots-on-ramp-jal-and-gmo-air-to-launch-pilot-program-at-tokyo-haneda-airport.html\" target=\"_self\" rel=\"bookmark noopener noreferrer\">Humanoid Robots on Ramp: JAL and GMO AIR to Launch Pilot Program at Tokyo-Haneda Airport<\/a>\n\t\t\t<\/h4>\n\t\t\t\t\t\t<div class='uagb-post__text uagb-post-grid-byline'>\n\t\t\t\t\t\t\t<\/div>\n\t\t\t\t\t\t<div class=\"uagb-post__text uagb-post__cta wp-block-button\">\n\t\t\t\t<a class=\"wp-block-button__link uagb-text-link\" style=\"\" href=\"https:\/\/aviacionaldia.com\/en\/2026\/04\/humanoid-robots-on-ramp-jal-and-gmo-air-to-launch-pilot-program-at-tokyo-haneda-airport.html\" target=\"_self\" rel=\"bookmark noopener noreferrer\">Read More<\/a>\n\t\t\t<\/div>\n\t\t\t\n\t\t\t\t\t\t\t\t\t<\/article>\n\t\t\t\t\t\t\t\t\t\t\t<\/div>\n\t\t\t","protected":false},"excerpt":{"rendered":"SMBC Aviation Capital and Arajet have signed a significant lease agreement under the SLB (Sale and Leaseback) model&hellip;\n","protected":false},"author":4316,"featured_media":139905,"comment_status":"open","ping_status":"closed","sticky":false,"template":"","format":"standard","meta":{"_uag_custom_page_level_css":"","footnotes":""},"categories":[1],"tags":[603,222,230,872,220],"class_list":{"0":"post-173643","1":"post","2":"type-post","3":"status-publish","4":"format-standard","5":"has-post-thumbnail","7":"category-airlines","8":"tag-aerolinea-en-2","9":"tag-aircraft","10":"tag-airline","11":"tag-arajet-2","12":"tag-boeing-2"},"uagb_featured_image_src":{"full":["https:\/\/aviacionaldia.com\/wp-content\/uploads\/2023\/05\/Arajet-Boeing-737-MAX.jpg",800,400,false],"thumbnail":["https:\/\/aviacionaldia.com\/wp-content\/uploads\/2023\/05\/Arajet-Boeing-737-MAX-150x150.jpg",150,150,true],"medium":["https:\/\/aviacionaldia.com\/wp-content\/uploads\/2023\/05\/Arajet-Boeing-737-MAX-300x150.jpg",300,150,true],"medium_large":["https:\/\/aviacionaldia.com\/wp-content\/uploads\/2023\/05\/Arajet-Boeing-737-MAX-768x384.jpg",768,384,true],"large":["https:\/\/aviacionaldia.com\/wp-content\/uploads\/2023\/05\/Arajet-Boeing-737-MAX.jpg",800,400,false],"1536x1536":["https:\/\/aviacionaldia.com\/wp-content\/uploads\/2023\/05\/Arajet-Boeing-737-MAX.jpg",800,400,false],"2048x2048":["https:\/\/aviacionaldia.com\/wp-content\/uploads\/2023\/05\/Arajet-Boeing-737-MAX.jpg",800,400,false],"pk-small":["https:\/\/aviacionaldia.com\/wp-content\/uploads\/2023\/05\/Arajet-Boeing-737-MAX.jpg",80,40,false],"pk-thumbnail":["https:\/\/aviacionaldia.com\/wp-content\/uploads\/2023\/05\/Arajet-Boeing-737-MAX.jpg",300,150,false],"csco-small":["https:\/\/aviacionaldia.com\/wp-content\/uploads\/2023\/05\/Arajet-Boeing-737-MAX-80x80.jpg",80,80,true],"csco-intermediate":["https:\/\/aviacionaldia.com\/wp-content\/uploads\/2023\/05\/Arajet-Boeing-737-MAX-200x140.jpg",200,140,true],"csco-thumbnail":["https:\/\/aviacionaldia.com\/wp-content\/uploads\/2023\/05\/Arajet-Boeing-737-MAX-380x220.jpg",380,220,true],"csco-thumbnail-alternative":["https:\/\/aviacionaldia.com\/wp-content\/uploads\/2023\/05\/Arajet-Boeing-737-MAX-300x180.jpg",300,180,true],"csco-thumbnail-uncropped":["https:\/\/aviacionaldia.com\/wp-content\/uploads\/2023\/05\/Arajet-Boeing-737-MAX-380x190.jpg",380,190,true],"csco-medium":["https:\/\/aviacionaldia.com\/wp-content\/uploads\/2023\/05\/Arajet-Boeing-737-MAX.jpg",800,400,false],"csco-medium-alternative":["https:\/\/aviacionaldia.com\/wp-content\/uploads\/2023\/05\/Arajet-Boeing-737-MAX-560x336.jpg",560,336,true],"csco-medium-uncropped":["https:\/\/aviacionaldia.com\/wp-content\/uploads\/2023\/05\/Arajet-Boeing-737-MAX.jpg",800,400,false],"csco-large":["https:\/\/aviacionaldia.com\/wp-content\/uploads\/2023\/05\/Arajet-Boeing-737-MAX.jpg",800,400,false],"csco-large-uncropped":["https:\/\/aviacionaldia.com\/wp-content\/uploads\/2023\/05\/Arajet-Boeing-737-MAX.jpg",800,400,false],"csco-extra-large":["https:\/\/aviacionaldia.com\/wp-content\/uploads\/2023\/05\/Arajet-Boeing-737-MAX.jpg",800,400,false]},"uagb_author_info":{"display_name":"Redacci\u00f3n - Aviaci\u00f3n al D\u00eda","author_link":"https:\/\/aviacionaldia.com\/en\/author\/aad"},"uagb_comment_info":0,"uagb_excerpt":"SMBC Aviation Capital and Arajet have signed a significant lease agreement under the SLB (Sale and Leaseback) model&hellip;","amp_enabled":true,"_links":{"self":[{"href":"https:\/\/aviacionaldia.com\/en\/wp-json\/wp\/v2\/posts\/173643","targetHints":{"allow":["GET"]}}],"collection":[{"href":"https:\/\/aviacionaldia.com\/en\/wp-json\/wp\/v2\/posts"}],"about":[{"href":"https:\/\/aviacionaldia.com\/en\/wp-json\/wp\/v2\/types\/post"}],"author":[{"embeddable":true,"href":"https:\/\/aviacionaldia.com\/en\/wp-json\/wp\/v2\/users\/4316"}],"replies":[{"embeddable":true,"href":"https:\/\/aviacionaldia.com\/en\/wp-json\/wp\/v2\/comments?post=173643"}],"version-history":[{"count":1,"href":"https:\/\/aviacionaldia.com\/en\/wp-json\/wp\/v2\/posts\/173643\/revisions"}],"predecessor-version":[{"id":173644,"href":"https:\/\/aviacionaldia.com\/en\/wp-json\/wp\/v2\/posts\/173643\/revisions\/173644"}],"wp:featuredmedia":[{"embeddable":true,"href":"https:\/\/aviacionaldia.com\/en\/wp-json\/wp\/v2\/media\/139905"}],"wp:attachment":[{"href":"https:\/\/aviacionaldia.com\/en\/wp-json\/wp\/v2\/media?parent=173643"}],"wp:term":[{"taxonomy":"category","embeddable":true,"href":"https:\/\/aviacionaldia.com\/en\/wp-json\/wp\/v2\/categories?post=173643"},{"taxonomy":"post_tag","embeddable":true,"href":"https:\/\/aviacionaldia.com\/en\/wp-json\/wp\/v2\/tags?post=173643"}],"curies":[{"name":"wp","href":"https:\/\/api.w.org\/{rel}","templated":true}]}}