{"id":174243,"date":"2025-05-13T14:30:12","date_gmt":"2025-05-13T14:30:12","guid":{"rendered":"https:\/\/aviacionaldia.com\/?p=174243"},"modified":"2025-05-14T00:02:33","modified_gmt":"2025-05-14T00:02:33","slug":"latam-to-launch-flights-to-curacao-and-tucuman-from-lima-starting-december","status":"publish","type":"post","link":"https:\/\/aviacionaldia.com\/en\/2025\/05\/latam-to-launch-flights-to-curacao-and-tucuman-from-lima-starting-december.html","title":{"rendered":"LATAM to Launch Flights to Cura\u00e7ao and Tucum\u00e1n from Lima Starting December"},"content":{"rendered":"\n<p><strong>LATAM Airlines Per\u00fa <\/strong>continues to expand its route network with the announcement of two new international destinations from Lima, set to begin operations in December 2025, pending government approval. The new routes\u2014Cura\u00e7ao and Tucum\u00e1n (Argentina)\u2014are part of the airline\u2019s strategic plan to strengthen its presence in high-value tourism markets and connect Peru with more key regional destinations.<\/p>\n\n\n\n<h2 class=\"wp-block-heading\">Cura\u00e7ao: Bringing the Caribbean Closer to Peru<\/h2>\n\n\n\n<p>Starting December 2, LATAM will inaugurate its Lima\u2013Cura\u00e7ao route with three weekly flights\u2014operated on Tuesdays, Fridays, and Sundays\u2014using Airbus A319 and A320 aircraft.<\/p>\n\n\n\n<p><strong>Flight Schedule:<\/strong><\/p>\n\n\n\n<ul class=\"wp-block-list\">\n<li><strong>Lima\u2013Cura\u00e7ao<\/strong><br>Departure: 12:00 \u2014 Arrival: 17:40<\/li>\n<\/ul>\n\n\n\n<ul class=\"wp-block-list\">\n<li><strong>Cura\u00e7ao\u2013Lima<\/strong><br>Departure: 18:50 \u2014 Arrival: 22:25<\/li>\n<\/ul>\n\n\n\n<p><strong><em>\u2192 <a href=\"https:\/\/aviacionaldia.com\/en\/2025\/04\/latam-launches-premium-business-cabins-with-private-suites-a-new-era-in-south-american-aviation.html\">LATAM Launches Premium Business Cabins with Private Suites: A New Era in South American Aviation<\/a><\/em><\/strong><\/p>\n\n\n\n<p>The airline projects transporting over 34,500 passengers in the first year of operation on this route, underscoring its commitment to the growing international tourism market between Peru and the Caribbean.<\/p>\n\n\n\n<h2 class=\"wp-block-heading\">Direct Lima\u2013Tucum\u00e1n Flights Return<\/h2>\n\n\n\n<p>On December 14, LATAM will resume direct flights between Lima and Tucum\u00e1n, one of the most important cities in northwestern Argentina. With this relaunch, operating three times a week, the airline will now offer its seventh direct route from Peru to Argentina.<\/p>\n\n\n\n<p><strong>Flight Schedule:<\/strong><\/p>\n\n\n\n<ul class=\"wp-block-list\">\n<li><strong>Lima\u2013Tucum\u00e1n<\/strong><br>Departure: 23:50 \u2014 Arrival: 05:00<\/li>\n<\/ul>\n\n\n\n<ul class=\"wp-block-list\">\n<li><strong>Tucum\u00e1n\u2013Lima<\/strong><br>Departure: 06:00 \u2014 Arrival: 07:20<\/li>\n<\/ul>\n\n\n\n<p>The addition of Cura\u00e7ao and Tucum\u00e1n to LATAM Airlines Per\u00fa\u2019s network reflects its expansion strategy targeting emerging tourism markets with high growth potential. These routes not only provide new travel options but also reinforce Lima\u2019s position as an increasingly robust regional hub.<\/p>\n\n\n\n<h2 class=\"wp-block-heading\" id=\"related-topics\">Related Topics<\/h2>\n\n\n\n\t\t\t<div class=\"wp-block-uagb-post-grid uagb-post-grid  uagb-post__image-position-top uagb-post__image-enabled uagb-block-815d8787     uagb-post__items uagb-post__columns-2 is-grid uagb-post__columns-tablet-2 uagb-post__columns-mobile-1 uagb-post__equal-height\" data-total=\"516\" style=\"\">\n\n\t\t\t\t\t\t\t\t\t\t\t\t<article class=\"uagb-post__inner-wrap\">\t\t\t\t\t\t\t\t<div class='uagb-post__image'>\n\t\t\t\t\t\t\t\t\t<a href=\"https:\/\/aviacionaldia.com\/en\/2026\/04\/ryanair-urges-spanish-government-to-suspend-new-ees-border-control-system-until-september.html\" target=\"_self\" rel=\"bookmark noopener noreferrer\" class='uagb-image-ratio-inherit'><img decoding=\"async\" width=\"800\" height=\"400\" src=\"https:\/\/aviacionaldia.com\/wp-content\/uploads\/2026\/04\/Sistema-de-control-fronterizo-EES.webp\" class=\"attachment-large size-large\" alt=\"\" srcset=\"https:\/\/aviacionaldia.com\/wp-content\/uploads\/2026\/04\/Sistema-de-control-fronterizo-EES.webp 800w, https:\/\/aviacionaldia.com\/wp-content\/uploads\/2026\/04\/Sistema-de-control-fronterizo-EES-300x150.webp 300w, https:\/\/aviacionaldia.com\/wp-content\/uploads\/2026\/04\/Sistema-de-control-fronterizo-EES-768x384.webp 768w, https:\/\/aviacionaldia.com\/wp-content\/uploads\/2026\/04\/Sistema-de-control-fronterizo-EES-380x190.webp 380w\" sizes=\"(max-width: 800px) 100vw, 800px\" \/>\t\t\t\t\t<\/a>\n\t\t\t\t\t\t\t<\/div>\n\t\t\t\t\t\t<h4 class=\"uagb-post__title uagb-post__text\">\n\t\t\t\t<a href=\"https:\/\/aviacionaldia.com\/en\/2026\/04\/ryanair-urges-spanish-government-to-suspend-new-ees-border-control-system-until-september.html\" target=\"_self\" rel=\"bookmark noopener noreferrer\">Ryanair Urges Spanish Government to Suspend New EES Border Control System Until September<\/a>\n\t\t\t<\/h4>\n\t\t\t\t\t\t<div class='uagb-post__text uagb-post-grid-byline'>\n\t\t\t\t\t\t\t<\/div>\n\t\t\t\t\t\t<div class=\"uagb-post__text uagb-post__cta wp-block-button\">\n\t\t\t\t<a class=\"wp-block-button__link uagb-text-link\" style=\"\" href=\"https:\/\/aviacionaldia.com\/en\/2026\/04\/ryanair-urges-spanish-government-to-suspend-new-ees-border-control-system-until-september.html\" target=\"_self\" rel=\"bookmark noopener noreferrer\">Read More<\/a>\n\t\t\t<\/div>\n\t\t\t\n\t\t\t\t\t\t\t\t\t<\/article>\n\t\t\t\t\t\t\t\t\t\t\t\t\t\t\t\t<article class=\"uagb-post__inner-wrap\">\t\t\t\t\t\t\t\t<div class='uagb-post__image'>\n\t\t\t\t\t\t\t\t\t<a href=\"https:\/\/aviacionaldia.com\/en\/2026\/04\/alaska-airlines-crosses-the-atlantic-direct-flights-launched-between-seattle-and-rome.html\" target=\"_self\" rel=\"bookmark noopener noreferrer\" class='uagb-image-ratio-inherit'><img decoding=\"async\" width=\"800\" height=\"400\" src=\"https:\/\/aviacionaldia.com\/wp-content\/uploads\/2026\/04\/Alaska-Airlines-Boeing-787.webp\" class=\"attachment-large size-large\" alt=\"\" srcset=\"https:\/\/aviacionaldia.com\/wp-content\/uploads\/2026\/04\/Alaska-Airlines-Boeing-787.webp 800w, https:\/\/aviacionaldia.com\/wp-content\/uploads\/2026\/04\/Alaska-Airlines-Boeing-787-300x150.webp 300w, https:\/\/aviacionaldia.com\/wp-content\/uploads\/2026\/04\/Alaska-Airlines-Boeing-787-768x384.webp 768w, https:\/\/aviacionaldia.com\/wp-content\/uploads\/2026\/04\/Alaska-Airlines-Boeing-787-380x190.webp 380w\" sizes=\"(max-width: 800px) 100vw, 800px\" \/>\t\t\t\t\t<\/a>\n\t\t\t\t\t\t\t<\/div>\n\t\t\t\t\t\t<h4 class=\"uagb-post__title uagb-post__text\">\n\t\t\t\t<a href=\"https:\/\/aviacionaldia.com\/en\/2026\/04\/alaska-airlines-crosses-the-atlantic-direct-flights-launched-between-seattle-and-rome.html\" target=\"_self\" rel=\"bookmark noopener noreferrer\">Alaska Airlines Crosses the Atlantic: Direct Flights Launched Between Seattle and Rome<\/a>\n\t\t\t<\/h4>\n\t\t\t\t\t\t<div class='uagb-post__text uagb-post-grid-byline'>\n\t\t\t\t\t\t\t<\/div>\n\t\t\t\t\t\t<div class=\"uagb-post__text uagb-post__cta wp-block-button\">\n\t\t\t\t<a class=\"wp-block-button__link uagb-text-link\" style=\"\" href=\"https:\/\/aviacionaldia.com\/en\/2026\/04\/alaska-airlines-crosses-the-atlantic-direct-flights-launched-between-seattle-and-rome.html\" target=\"_self\" rel=\"bookmark noopener noreferrer\">Read More<\/a>\n\t\t\t<\/div>\n\t\t\t\n\t\t\t\t\t\t\t\t\t<\/article>\n\t\t\t\t\t\t\t\t\t\t\t\t\t\t\t\t<article class=\"uagb-post__inner-wrap\">\t\t\t\t\t\t\t\t<div class='uagb-post__image'>\n\t\t\t\t\t\t\t\t\t<a href=\"https:\/\/aviacionaldia.com\/en\/2026\/04\/lufthansa-strengthens-munich-hub-launches-new-stopover-program.html\" target=\"_self\" rel=\"bookmark noopener noreferrer\" class='uagb-image-ratio-inherit'><img decoding=\"async\" width=\"800\" height=\"400\" src=\"https:\/\/aviacionaldia.com\/wp-content\/uploads\/2026\/04\/Munich.webp\" class=\"attachment-large size-large\" alt=\"\" srcset=\"https:\/\/aviacionaldia.com\/wp-content\/uploads\/2026\/04\/Munich.webp 800w, https:\/\/aviacionaldia.com\/wp-content\/uploads\/2026\/04\/Munich-300x150.webp 300w, https:\/\/aviacionaldia.com\/wp-content\/uploads\/2026\/04\/Munich-768x384.webp 768w, https:\/\/aviacionaldia.com\/wp-content\/uploads\/2026\/04\/Munich-380x190.webp 380w\" sizes=\"(max-width: 800px) 100vw, 800px\" \/>\t\t\t\t\t<\/a>\n\t\t\t\t\t\t\t<\/div>\n\t\t\t\t\t\t<h4 class=\"uagb-post__title uagb-post__text\">\n\t\t\t\t<a href=\"https:\/\/aviacionaldia.com\/en\/2026\/04\/lufthansa-strengthens-munich-hub-launches-new-stopover-program.html\" target=\"_self\" rel=\"bookmark noopener noreferrer\">Lufthansa Strengthens Munich Hub: Launches New &#8220;Stopover&#8221; Program<\/a>\n\t\t\t<\/h4>\n\t\t\t\t\t\t<div class='uagb-post__text uagb-post-grid-byline'>\n\t\t\t\t\t\t\t<\/div>\n\t\t\t\t\t\t<div class=\"uagb-post__text uagb-post__cta wp-block-button\">\n\t\t\t\t<a class=\"wp-block-button__link uagb-text-link\" style=\"\" href=\"https:\/\/aviacionaldia.com\/en\/2026\/04\/lufthansa-strengthens-munich-hub-launches-new-stopover-program.html\" target=\"_self\" rel=\"bookmark noopener noreferrer\">Read More<\/a>\n\t\t\t<\/div>\n\t\t\t\n\t\t\t\t\t\t\t\t\t<\/article>\n\t\t\t\t\t\t\t\t\t\t\t\t\t\t\t\t<article class=\"uagb-post__inner-wrap\">\t\t\t\t\t\t\t\t<div class='uagb-post__image'>\n\t\t\t\t\t\t\t\t\t<a href=\"https:\/\/aviacionaldia.com\/en\/2026\/04\/ascend-airways-enters-liquidation-impact-of-operating-costs-and-rising-fuel-prices-in-uk.html\" target=\"_self\" rel=\"bookmark noopener noreferrer\" class='uagb-image-ratio-inherit'><img decoding=\"async\" width=\"800\" height=\"400\" src=\"https:\/\/aviacionaldia.com\/wp-content\/uploads\/2026\/04\/Ascend-Airways.webp\" class=\"attachment-large size-large\" alt=\"\" srcset=\"https:\/\/aviacionaldia.com\/wp-content\/uploads\/2026\/04\/Ascend-Airways.webp 800w, https:\/\/aviacionaldia.com\/wp-content\/uploads\/2026\/04\/Ascend-Airways-300x150.webp 300w, https:\/\/aviacionaldia.com\/wp-content\/uploads\/2026\/04\/Ascend-Airways-768x384.webp 768w, https:\/\/aviacionaldia.com\/wp-content\/uploads\/2026\/04\/Ascend-Airways-380x190.webp 380w\" sizes=\"(max-width: 800px) 100vw, 800px\" \/>\t\t\t\t\t<\/a>\n\t\t\t\t\t\t\t<\/div>\n\t\t\t\t\t\t<h4 class=\"uagb-post__title uagb-post__text\">\n\t\t\t\t<a href=\"https:\/\/aviacionaldia.com\/en\/2026\/04\/ascend-airways-enters-liquidation-impact-of-operating-costs-and-rising-fuel-prices-in-uk.html\" target=\"_self\" rel=\"bookmark noopener noreferrer\">Ascend Airways Enters Liquidation: Impact of Operating Costs and Rising Fuel Prices in UK<\/a>\n\t\t\t<\/h4>\n\t\t\t\t\t\t<div class='uagb-post__text uagb-post-grid-byline'>\n\t\t\t\t\t\t\t<\/div>\n\t\t\t\t\t\t<div class=\"uagb-post__text uagb-post__cta wp-block-button\">\n\t\t\t\t<a class=\"wp-block-button__link uagb-text-link\" style=\"\" href=\"https:\/\/aviacionaldia.com\/en\/2026\/04\/ascend-airways-enters-liquidation-impact-of-operating-costs-and-rising-fuel-prices-in-uk.html\" target=\"_self\" rel=\"bookmark noopener noreferrer\">Read More<\/a>\n\t\t\t<\/div>\n\t\t\t\n\t\t\t\t\t\t\t\t\t<\/article>\n\t\t\t\t\t\t\t\t\t\t\t<\/div>\n\t\t\t","protected":false},"excerpt":{"rendered":"LATAM Airlines Per\u00fa continues to expand its route network with the announcement of two new international destinations from&hellip;\n","protected":false},"author":4312,"featured_media":125193,"comment_status":"open","ping_status":"closed","sticky":false,"template":"","format":"standard","meta":{"_uag_custom_page_level_css":"","footnotes":""},"categories":[1],"tags":[230,295,198,199,211,376],"class_list":{"0":"post-174243","1":"post","2":"type-post","3":"status-publish","4":"format-standard","5":"has-post-thumbnail","7":"category-airlines","8":"tag-airline","9":"tag-argentina-2","10":"tag-flights","11":"tag-latam-airlines-2","12":"tag-latin-america","13":"tag-peru-2"},"uagb_featured_image_src":{"full":["https:\/\/aviacionaldia.com\/wp-content\/uploads\/2022\/04\/Latam-Airlines-A320.jpg",800,400,false],"thumbnail":["https:\/\/aviacionaldia.com\/wp-content\/uploads\/2022\/04\/Latam-Airlines-A320-150x150.jpg",150,150,true],"medium":["https:\/\/aviacionaldia.com\/wp-content\/uploads\/2022\/04\/Latam-Airlines-A320-300x150.jpg",300,150,true],"medium_large":["https:\/\/aviacionaldia.com\/wp-content\/uploads\/2022\/04\/Latam-Airlines-A320-768x384.jpg",768,384,true],"large":["https:\/\/aviacionaldia.com\/wp-content\/uploads\/2022\/04\/Latam-Airlines-A320.jpg",800,400,false],"1536x1536":["https:\/\/aviacionaldia.com\/wp-content\/uploads\/2022\/04\/Latam-Airlines-A320.jpg",800,400,false],"2048x2048":["https:\/\/aviacionaldia.com\/wp-content\/uploads\/2022\/04\/Latam-Airlines-A320.jpg",800,400,false],"pk-small":["https:\/\/aviacionaldia.com\/wp-content\/uploads\/2022\/04\/Latam-Airlines-A320.jpg",80,40,false],"pk-thumbnail":["https:\/\/aviacionaldia.com\/wp-content\/uploads\/2022\/04\/Latam-Airlines-A320.jpg",300,150,false],"csco-small":["https:\/\/aviacionaldia.com\/wp-content\/uploads\/2022\/04\/Latam-Airlines-A320-80x80.jpg",80,80,true],"csco-intermediate":["https:\/\/aviacionaldia.com\/wp-content\/uploads\/2022\/04\/Latam-Airlines-A320-200x140.jpg",200,140,true],"csco-thumbnail":["https:\/\/aviacionaldia.com\/wp-content\/uploads\/2022\/04\/Latam-Airlines-A320-380x220.jpg",380,220,true],"csco-thumbnail-alternative":["https:\/\/aviacionaldia.com\/wp-content\/uploads\/2022\/04\/Latam-Airlines-A320-300x180.jpg",300,180,true],"csco-thumbnail-uncropped":["https:\/\/aviacionaldia.com\/wp-content\/uploads\/2022\/04\/Latam-Airlines-A320-380x190.jpg",380,190,true],"csco-medium":["https:\/\/aviacionaldia.com\/wp-content\/uploads\/2022\/04\/Latam-Airlines-A320.jpg",800,400,false],"csco-medium-alternative":["https:\/\/aviacionaldia.com\/wp-content\/uploads\/2022\/04\/Latam-Airlines-A320-560x336.jpg",560,336,true],"csco-medium-uncropped":["https:\/\/aviacionaldia.com\/wp-content\/uploads\/2022\/04\/Latam-Airlines-A320.jpg",800,400,false],"csco-large":["https:\/\/aviacionaldia.com\/wp-content\/uploads\/2022\/04\/Latam-Airlines-A320.jpg",800,400,false],"csco-large-uncropped":["https:\/\/aviacionaldia.com\/wp-content\/uploads\/2022\/04\/Latam-Airlines-A320.jpg",800,400,false],"csco-extra-large":["https:\/\/aviacionaldia.com\/wp-content\/uploads\/2022\/04\/Latam-Airlines-A320.jpg",800,400,false]},"uagb_author_info":{"display_name":"Dergam Mousa","author_link":"https:\/\/aviacionaldia.com\/en\/author\/dmousa"},"uagb_comment_info":0,"uagb_excerpt":"LATAM Airlines Per\u00fa continues to expand its route network with the announcement of two new international destinations from&hellip;","amp_enabled":true,"_links":{"self":[{"href":"https:\/\/aviacionaldia.com\/en\/wp-json\/wp\/v2\/posts\/174243","targetHints":{"allow":["GET"]}}],"collection":[{"href":"https:\/\/aviacionaldia.com\/en\/wp-json\/wp\/v2\/posts"}],"about":[{"href":"https:\/\/aviacionaldia.com\/en\/wp-json\/wp\/v2\/types\/post"}],"author":[{"embeddable":true,"href":"https:\/\/aviacionaldia.com\/en\/wp-json\/wp\/v2\/users\/4312"}],"replies":[{"embeddable":true,"href":"https:\/\/aviacionaldia.com\/en\/wp-json\/wp\/v2\/comments?post=174243"}],"version-history":[{"count":2,"href":"https:\/\/aviacionaldia.com\/en\/wp-json\/wp\/v2\/posts\/174243\/revisions"}],"predecessor-version":[{"id":174280,"href":"https:\/\/aviacionaldia.com\/en\/wp-json\/wp\/v2\/posts\/174243\/revisions\/174280"}],"wp:featuredmedia":[{"embeddable":true,"href":"https:\/\/aviacionaldia.com\/en\/wp-json\/wp\/v2\/media\/125193"}],"wp:attachment":[{"href":"https:\/\/aviacionaldia.com\/en\/wp-json\/wp\/v2\/media?parent=174243"}],"wp:term":[{"taxonomy":"category","embeddable":true,"href":"https:\/\/aviacionaldia.com\/en\/wp-json\/wp\/v2\/categories?post=174243"},{"taxonomy":"post_tag","embeddable":true,"href":"https:\/\/aviacionaldia.com\/en\/wp-json\/wp\/v2\/tags?post=174243"}],"curies":[{"name":"wp","href":"https:\/\/api.w.org\/{rel}","templated":true}]}}