{"id":174609,"date":"2025-05-22T13:30:08","date_gmt":"2025-05-22T13:30:08","guid":{"rendered":"https:\/\/aviacionaldia.com\/?p=174609"},"modified":"2025-05-22T19:39:31","modified_gmt":"2025-05-22T19:39:31","slug":"lufthansa-reopens-its-first-class-lounge-in-munich-luxury-and-comfort-for-premium-travelers","status":"publish","type":"post","link":"https:\/\/aviacionaldia.com\/en\/2025\/05\/lufthansa-reopens-its-first-class-lounge-in-munich-luxury-and-comfort-for-premium-travelers.html","title":{"rendered":"Lufthansa Reopens Its First Class Lounge in Munich: Luxury and Comfort for Premium Travelers"},"content":{"rendered":"\n<p><strong>Lufthansa <\/strong>has reopened its<strong> First Class Lounge <\/strong>in Terminal 2 of Munich Airport, Germany, reinforcing its commitment to excellence in passenger service. Spanning approximately one thousand square meters, this VIP lounge redefines comfort and exclusivity for high-end travelers.<\/p>\n\n\n\n<h2 class=\"wp-block-heading\">Modern Design and High-End Services<\/h2>\n\n\n\n<p>The redesigned space reflects a clear focus on sophistication. The dining area has been completely transformed to offer a culinary experience that meets the most demanding standards. Passengers can choose from an \u00e0 la carte restaurant, a buffet with live cooking stations, and a brand-new bar, all designed to complement the lounge\u2019s elegant atmosphere.<\/p>\n\n\n\n<h2 class=\"wp-block-heading\">Comprehensive Comfort: More Than Just Waiting for a Flight<\/h2>\n\n\n\n<p>Beyond its gastronomic offerings, the lounge features quiet relaxation areas, refined designer bathrooms, and workspaces equipped with printers and photocopiers. It also includes entertainment options such as TV zones and a wide selection of international newspapers and magazines. Every detail is tailored to meet the needs of business and leisure travelers, ensuring a relaxing experience before takeoff.<\/p>\n\n\n\n<p><strong><em>\u2192 <a href=\"https:\/\/aviacionaldia.com\/en\/2025\/05\/lufthansa-group-expands-its-network-for-winter-season-2025-2026.html\">Lufthansa Group Expands Its Network for Winter Season 2025\/2026<\/a><\/em><\/strong><\/p>\n\n\n\n<h2 class=\"wp-block-heading\">Hours and Availability<\/h2>\n\n\n\n<p>The Lufthansa First Class Lounge in Munich is open daily from 5:00 AM to 10:00 PM, ensuring premium service for passengers regardless of their flight schedule.<\/p>\n\n\n\n<h2 class=\"wp-block-heading\">Part of a Broader Premium Strategy<\/h2>\n\n\n\n<p>The reopening of this lounge is just one component of the German airline\u2019s larger initiative to strengthen its high-end offerings. Alongside the revamped First Class check-in area in Munich, Lufthansa is rolling out its new Allegris product on Airbus A350-900 aircraft.<\/p>\n\n\n\n<p>During the summer season, this new cabin configuration\u2014featuring two individual suites and the innovative Suite Plus\u2014will operate from Munich to key destinations such as Chicago, San Francisco, San Diego, Shanghai, and Bengaluru, setting a new standard in commercial aviation.<\/p>\n\n\n\n<p>In summary, with the reopening of its First Class Lounge in Munich, Lufthansa is enhancing its premium infrastructure and reaffirming its leadership in the luxury segment of European air travel.<\/p>\n\n\n\n<h2 class=\"wp-block-heading\" id=\"related-topics\">Related Topics<\/h2>\n\n\n\n\t\t\t<div class=\"wp-block-uagb-post-grid uagb-post-grid  uagb-post__image-position-top uagb-post__image-enabled uagb-block-815d8787     uagb-post__items uagb-post__columns-2 is-grid uagb-post__columns-tablet-2 uagb-post__columns-mobile-1 uagb-post__equal-height\" data-total=\"471\" style=\"\">\n\n\t\t\t\t\t\t\t\t\t\t\t\t<article class=\"uagb-post__inner-wrap\">\t\t\t\t\t\t\t\t<div class='uagb-post__image'>\n\t\t\t\t\t\t\t\t\t<a href=\"https:\/\/aviacionaldia.com\/en\/2026\/05\/spirit-airlines-ceases-operations.html\" target=\"_self\" rel=\"bookmark noopener noreferrer\" class='uagb-image-ratio-inherit'><img decoding=\"async\" width=\"800\" height=\"400\" src=\"https:\/\/aviacionaldia.com\/wp-content\/uploads\/2026\/05\/Spirit-Airlines-Suspende-sus-operaciones.webp\" class=\"attachment-large size-large\" alt=\"\" srcset=\"https:\/\/aviacionaldia.com\/wp-content\/uploads\/2026\/05\/Spirit-Airlines-Suspende-sus-operaciones.webp 800w, https:\/\/aviacionaldia.com\/wp-content\/uploads\/2026\/05\/Spirit-Airlines-Suspende-sus-operaciones-300x150.webp 300w, https:\/\/aviacionaldia.com\/wp-content\/uploads\/2026\/05\/Spirit-Airlines-Suspende-sus-operaciones-768x384.webp 768w, https:\/\/aviacionaldia.com\/wp-content\/uploads\/2026\/05\/Spirit-Airlines-Suspende-sus-operaciones-380x190.webp 380w\" sizes=\"(max-width: 800px) 100vw, 800px\" \/>\t\t\t\t\t<\/a>\n\t\t\t\t\t\t\t<\/div>\n\t\t\t\t\t\t<h4 class=\"uagb-post__title uagb-post__text\">\n\t\t\t\t<a href=\"https:\/\/aviacionaldia.com\/en\/2026\/05\/spirit-airlines-ceases-operations.html\" target=\"_self\" rel=\"bookmark noopener noreferrer\">Spirit Airlines Ceases Operations<\/a>\n\t\t\t<\/h4>\n\t\t\t\t\t\t<div class='uagb-post__text uagb-post-grid-byline'>\n\t\t\t\t\t\t\t<\/div>\n\t\t\t\t\t\t<div class=\"uagb-post__text uagb-post__cta wp-block-button\">\n\t\t\t\t<a class=\"wp-block-button__link uagb-text-link\" style=\"\" href=\"https:\/\/aviacionaldia.com\/en\/2026\/05\/spirit-airlines-ceases-operations.html\" target=\"_self\" rel=\"bookmark noopener noreferrer\">Read More<\/a>\n\t\t\t<\/div>\n\t\t\t\n\t\t\t\t\t\t\t\t\t<\/article>\n\t\t\t\t\t\t\t\t\t\t\t\t\t\t\t\t<article class=\"uagb-post__inner-wrap\">\t\t\t\t\t\t\t\t<div class='uagb-post__image'>\n\t\t\t\t\t\t\t\t\t<a href=\"https:\/\/aviacionaldia.com\/en\/2026\/05\/laser-airlines-resumes-caracas-miami-route-through-strategic-alliance-with-global-x.html\" target=\"_self\" rel=\"bookmark noopener noreferrer\" class='uagb-image-ratio-inherit'><img decoding=\"async\" width=\"800\" height=\"400\" src=\"https:\/\/aviacionaldia.com\/wp-content\/uploads\/2026\/05\/Global-X-Airbus-A320.webp\" class=\"attachment-large size-large\" alt=\"\" srcset=\"https:\/\/aviacionaldia.com\/wp-content\/uploads\/2026\/05\/Global-X-Airbus-A320.webp 800w, https:\/\/aviacionaldia.com\/wp-content\/uploads\/2026\/05\/Global-X-Airbus-A320-300x150.webp 300w, https:\/\/aviacionaldia.com\/wp-content\/uploads\/2026\/05\/Global-X-Airbus-A320-768x384.webp 768w, https:\/\/aviacionaldia.com\/wp-content\/uploads\/2026\/05\/Global-X-Airbus-A320-380x190.webp 380w\" sizes=\"(max-width: 800px) 100vw, 800px\" \/>\t\t\t\t\t<\/a>\n\t\t\t\t\t\t\t<\/div>\n\t\t\t\t\t\t<h4 class=\"uagb-post__title uagb-post__text\">\n\t\t\t\t<a href=\"https:\/\/aviacionaldia.com\/en\/2026\/05\/laser-airlines-resumes-caracas-miami-route-through-strategic-alliance-with-global-x.html\" target=\"_self\" rel=\"bookmark noopener noreferrer\">Laser Airlines Resumes Caracas-Miami Route Through Strategic Alliance with Global X<\/a>\n\t\t\t<\/h4>\n\t\t\t\t\t\t<div class='uagb-post__text uagb-post-grid-byline'>\n\t\t\t\t\t\t\t<\/div>\n\t\t\t\t\t\t<div class=\"uagb-post__text uagb-post__cta wp-block-button\">\n\t\t\t\t<a class=\"wp-block-button__link uagb-text-link\" style=\"\" href=\"https:\/\/aviacionaldia.com\/en\/2026\/05\/laser-airlines-resumes-caracas-miami-route-through-strategic-alliance-with-global-x.html\" target=\"_self\" rel=\"bookmark noopener noreferrer\">Read More<\/a>\n\t\t\t<\/div>\n\t\t\t\n\t\t\t\t\t\t\t\t\t<\/article>\n\t\t\t\t\t\t\t\t\t\t\t\t\t\t\t\t<article class=\"uagb-post__inner-wrap\">\t\t\t\t\t\t\t\t<div class='uagb-post__image'>\n\t\t\t\t\t\t\t\t\t<a href=\"https:\/\/aviacionaldia.com\/en\/2026\/05\/spirit-airlines-at-brink-white-house-submits-final-rescue-proposal-to-avert-shutdown.html\" target=\"_self\" rel=\"bookmark noopener noreferrer\" class='uagb-image-ratio-inherit'><img decoding=\"async\" width=\"800\" height=\"400\" src=\"https:\/\/aviacionaldia.com\/wp-content\/uploads\/2025\/12\/Spirit-Airlines-Aviones.webp\" class=\"attachment-large size-large\" alt=\"\" srcset=\"https:\/\/aviacionaldia.com\/wp-content\/uploads\/2025\/12\/Spirit-Airlines-Aviones.webp 800w, https:\/\/aviacionaldia.com\/wp-content\/uploads\/2025\/12\/Spirit-Airlines-Aviones-300x150.webp 300w, https:\/\/aviacionaldia.com\/wp-content\/uploads\/2025\/12\/Spirit-Airlines-Aviones-768x384.webp 768w, https:\/\/aviacionaldia.com\/wp-content\/uploads\/2025\/12\/Spirit-Airlines-Aviones-380x190.webp 380w\" sizes=\"(max-width: 800px) 100vw, 800px\" \/>\t\t\t\t\t<\/a>\n\t\t\t\t\t\t\t<\/div>\n\t\t\t\t\t\t<h4 class=\"uagb-post__title uagb-post__text\">\n\t\t\t\t<a href=\"https:\/\/aviacionaldia.com\/en\/2026\/05\/spirit-airlines-at-brink-white-house-submits-final-rescue-proposal-to-avert-shutdown.html\" target=\"_self\" rel=\"bookmark noopener noreferrer\">Spirit Airlines at Brink: White House Submits Final Rescue Proposal to Avert Shutdown<\/a>\n\t\t\t<\/h4>\n\t\t\t\t\t\t<div class='uagb-post__text uagb-post-grid-byline'>\n\t\t\t\t\t\t\t<\/div>\n\t\t\t\t\t\t<div class=\"uagb-post__text uagb-post__cta wp-block-button\">\n\t\t\t\t<a class=\"wp-block-button__link uagb-text-link\" style=\"\" href=\"https:\/\/aviacionaldia.com\/en\/2026\/05\/spirit-airlines-at-brink-white-house-submits-final-rescue-proposal-to-avert-shutdown.html\" target=\"_self\" rel=\"bookmark noopener noreferrer\">Read More<\/a>\n\t\t\t<\/div>\n\t\t\t\n\t\t\t\t\t\t\t\t\t<\/article>\n\t\t\t\t\t\t\t\t\t\t\t\t\t\t\t\t<article class=\"uagb-post__inner-wrap\">\t\t\t\t\t\t\t\t<div class='uagb-post__image'>\n\t\t\t\t\t\t\t\t\t<a href=\"https:\/\/aviacionaldia.com\/en\/2026\/05\/united-airlines-bolsters-in-flight-entertainment-with-exclusive-peacock-channel-launch.html\" target=\"_self\" rel=\"bookmark noopener noreferrer\" class='uagb-image-ratio-inherit'><img decoding=\"async\" width=\"800\" height=\"400\" src=\"https:\/\/aviacionaldia.com\/wp-content\/uploads\/2026\/05\/United-Airlines-canal-exclusivo-de-Peacock.webp\" class=\"attachment-large size-large\" alt=\"\" srcset=\"https:\/\/aviacionaldia.com\/wp-content\/uploads\/2026\/05\/United-Airlines-canal-exclusivo-de-Peacock.webp 800w, https:\/\/aviacionaldia.com\/wp-content\/uploads\/2026\/05\/United-Airlines-canal-exclusivo-de-Peacock-300x150.webp 300w, https:\/\/aviacionaldia.com\/wp-content\/uploads\/2026\/05\/United-Airlines-canal-exclusivo-de-Peacock-768x384.webp 768w, https:\/\/aviacionaldia.com\/wp-content\/uploads\/2026\/05\/United-Airlines-canal-exclusivo-de-Peacock-380x190.webp 380w\" sizes=\"(max-width: 800px) 100vw, 800px\" \/>\t\t\t\t\t<\/a>\n\t\t\t\t\t\t\t<\/div>\n\t\t\t\t\t\t<h4 class=\"uagb-post__title uagb-post__text\">\n\t\t\t\t<a href=\"https:\/\/aviacionaldia.com\/en\/2026\/05\/united-airlines-bolsters-in-flight-entertainment-with-exclusive-peacock-channel-launch.html\" target=\"_self\" rel=\"bookmark noopener noreferrer\">United Airlines Bolsters In-Flight Entertainment with Exclusive Peacock Channel Launch<\/a>\n\t\t\t<\/h4>\n\t\t\t\t\t\t<div class='uagb-post__text uagb-post-grid-byline'>\n\t\t\t\t\t\t\t<\/div>\n\t\t\t\t\t\t<div class=\"uagb-post__text uagb-post__cta wp-block-button\">\n\t\t\t\t<a class=\"wp-block-button__link uagb-text-link\" style=\"\" href=\"https:\/\/aviacionaldia.com\/en\/2026\/05\/united-airlines-bolsters-in-flight-entertainment-with-exclusive-peacock-channel-launch.html\" target=\"_self\" rel=\"bookmark noopener noreferrer\">Read More<\/a>\n\t\t\t<\/div>\n\t\t\t\n\t\t\t\t\t\t\t\t\t<\/article>\n\t\t\t\t\t\t\t\t\t\t\t<\/div>\n\t\t\t","protected":false},"excerpt":{"rendered":"Lufthansa has reopened its First Class Lounge in Terminal 2 of Munich Airport, Germany, reinforcing its commitment to&hellip;\n","protected":false},"author":4316,"featured_media":174607,"comment_status":"open","ping_status":"closed","sticky":false,"template":"","format":"standard","meta":{"_uag_custom_page_level_css":"","footnotes":""},"categories":[1],"tags":[230,195,269,203],"class_list":{"0":"post-174609","1":"post","2":"type-post","3":"status-publish","4":"format-standard","5":"has-post-thumbnail","7":"category-airlines","8":"tag-airline","9":"tag-airport","10":"tag-europe","11":"tag-lufthansa-2"},"uagb_featured_image_src":{"full":["https:\/\/aviacionaldia.com\/wp-content\/uploads\/2025\/05\/Lufthansa-First-Class-Lounge-de-Munich.webp",800,400,false],"thumbnail":["https:\/\/aviacionaldia.com\/wp-content\/uploads\/2025\/05\/Lufthansa-First-Class-Lounge-de-Munich-150x150.webp",150,150,true],"medium":["https:\/\/aviacionaldia.com\/wp-content\/uploads\/2025\/05\/Lufthansa-First-Class-Lounge-de-Munich-300x150.webp",300,150,true],"medium_large":["https:\/\/aviacionaldia.com\/wp-content\/uploads\/2025\/05\/Lufthansa-First-Class-Lounge-de-Munich-768x384.webp",768,384,true],"large":["https:\/\/aviacionaldia.com\/wp-content\/uploads\/2025\/05\/Lufthansa-First-Class-Lounge-de-Munich.webp",800,400,false],"1536x1536":["https:\/\/aviacionaldia.com\/wp-content\/uploads\/2025\/05\/Lufthansa-First-Class-Lounge-de-Munich.webp",800,400,false],"2048x2048":["https:\/\/aviacionaldia.com\/wp-content\/uploads\/2025\/05\/Lufthansa-First-Class-Lounge-de-Munich.webp",800,400,false],"pk-small":["https:\/\/aviacionaldia.com\/wp-content\/uploads\/2025\/05\/Lufthansa-First-Class-Lounge-de-Munich-80x80.webp",80,80,true],"pk-thumbnail":["https:\/\/aviacionaldia.com\/wp-content\/uploads\/2025\/05\/Lufthansa-First-Class-Lounge-de-Munich-300x225.webp",300,225,true],"csco-small":["https:\/\/aviacionaldia.com\/wp-content\/uploads\/2025\/05\/Lufthansa-First-Class-Lounge-de-Munich-80x80.webp",80,80,true],"csco-intermediate":["https:\/\/aviacionaldia.com\/wp-content\/uploads\/2025\/05\/Lufthansa-First-Class-Lounge-de-Munich-200x140.webp",200,140,true],"csco-thumbnail":["https:\/\/aviacionaldia.com\/wp-content\/uploads\/2025\/05\/Lufthansa-First-Class-Lounge-de-Munich-380x220.webp",380,220,true],"csco-thumbnail-alternative":["https:\/\/aviacionaldia.com\/wp-content\/uploads\/2025\/05\/Lufthansa-First-Class-Lounge-de-Munich-300x180.webp",300,180,true],"csco-thumbnail-uncropped":["https:\/\/aviacionaldia.com\/wp-content\/uploads\/2025\/05\/Lufthansa-First-Class-Lounge-de-Munich-380x190.webp",380,190,true],"csco-medium":["https:\/\/aviacionaldia.com\/wp-content\/uploads\/2025\/05\/Lufthansa-First-Class-Lounge-de-Munich.webp",800,400,false],"csco-medium-alternative":["https:\/\/aviacionaldia.com\/wp-content\/uploads\/2025\/05\/Lufthansa-First-Class-Lounge-de-Munich-560x336.webp",560,336,true],"csco-medium-uncropped":["https:\/\/aviacionaldia.com\/wp-content\/uploads\/2025\/05\/Lufthansa-First-Class-Lounge-de-Munich.webp",800,400,false],"csco-large":["https:\/\/aviacionaldia.com\/wp-content\/uploads\/2025\/05\/Lufthansa-First-Class-Lounge-de-Munich.webp",800,400,false],"csco-large-uncropped":["https:\/\/aviacionaldia.com\/wp-content\/uploads\/2025\/05\/Lufthansa-First-Class-Lounge-de-Munich.webp",800,400,false],"csco-extra-large":["https:\/\/aviacionaldia.com\/wp-content\/uploads\/2025\/05\/Lufthansa-First-Class-Lounge-de-Munich.webp",800,400,false]},"uagb_author_info":{"display_name":"Redacci\u00f3n - Aviaci\u00f3n al D\u00eda","author_link":"https:\/\/aviacionaldia.com\/en\/author\/aad"},"uagb_comment_info":0,"uagb_excerpt":"Lufthansa has reopened its First Class Lounge in Terminal 2 of Munich Airport, Germany, reinforcing its commitment to&hellip;","amp_enabled":true,"_links":{"self":[{"href":"https:\/\/aviacionaldia.com\/en\/wp-json\/wp\/v2\/posts\/174609","targetHints":{"allow":["GET"]}}],"collection":[{"href":"https:\/\/aviacionaldia.com\/en\/wp-json\/wp\/v2\/posts"}],"about":[{"href":"https:\/\/aviacionaldia.com\/en\/wp-json\/wp\/v2\/types\/post"}],"author":[{"embeddable":true,"href":"https:\/\/aviacionaldia.com\/en\/wp-json\/wp\/v2\/users\/4316"}],"replies":[{"embeddable":true,"href":"https:\/\/aviacionaldia.com\/en\/wp-json\/wp\/v2\/comments?post=174609"}],"version-history":[{"count":2,"href":"https:\/\/aviacionaldia.com\/en\/wp-json\/wp\/v2\/posts\/174609\/revisions"}],"predecessor-version":[{"id":174618,"href":"https:\/\/aviacionaldia.com\/en\/wp-json\/wp\/v2\/posts\/174609\/revisions\/174618"}],"wp:featuredmedia":[{"embeddable":true,"href":"https:\/\/aviacionaldia.com\/en\/wp-json\/wp\/v2\/media\/174607"}],"wp:attachment":[{"href":"https:\/\/aviacionaldia.com\/en\/wp-json\/wp\/v2\/media?parent=174609"}],"wp:term":[{"taxonomy":"category","embeddable":true,"href":"https:\/\/aviacionaldia.com\/en\/wp-json\/wp\/v2\/categories?post=174609"},{"taxonomy":"post_tag","embeddable":true,"href":"https:\/\/aviacionaldia.com\/en\/wp-json\/wp\/v2\/tags?post=174609"}],"curies":[{"name":"wp","href":"https:\/\/api.w.org\/{rel}","templated":true}]}}