{"id":175640,"date":"2025-06-16T15:30:31","date_gmt":"2025-06-16T15:30:31","guid":{"rendered":"https:\/\/aviacionaldia.com\/?p=175640"},"modified":"2025-06-16T21:38:44","modified_gmt":"2025-06-16T21:38:44","slug":"dominican-republic-clarifies-it-is-still-evaluating-resumption-of-commercial-flights-to-and-from-venezuela","status":"publish","type":"post","link":"https:\/\/aviacionaldia.com\/en\/2025\/06\/dominican-republic-clarifies-it-is-still-evaluating-resumption-of-commercial-flights-to-and-from-venezuela.html","title":{"rendered":"Dominican Republic Clarifies It Is Still Evaluating Resumption of Commercial Flights to and from Venezuela"},"content":{"rendered":"\n<p>Through a statement, the president of the Dominican Republic\u2019s Civil Aviation Board (JAC), H\u00e9ctor Porcella, clarified that the decision regarding a potential resumption of commercial flights to and from the Bolivarian Republic of Venezuela is still under analysis.<\/p>\n\n\n\n<p>The official\u2019s statement comes after Venezuelan authorities published an official announcement declaring the resumption of air operations between the two countries, despite the corresponding process not yet being finalized in the Dominican Republic.<\/p>\n\n\n\n<p>The Dominican authority emphasized that any updates on the matter will be communicated exclusively through the country\u2019s official channels, thereby dismissing unconfirmed reports.<\/p>\n\n\n\n<p><strong><em>\u2192 <a href=\"https:\/\/aviacionaldia.com\/en\/2025\/05\/conviasa-announces-nonstop-flights-to-cancun-from-maracaibo-and-barquisimeto.html\">Conviasa Announces Nonstop Flights to Cancun from Maracaibo and Barquisimeto<\/a><\/em><\/strong><\/p>\n\n\n\n<p>Despite the Dominican Republic\u2019s official stance, Venezuela\u2019s National Institute of Civil Aeronautics (INAC) announced on Sunday, June 15, that passenger, cargo, and mail air operations with the Caribbean nation would resume.<\/p>\n\n\n\n<p>&#8220;The National Institute of Civil Aeronautics (INAC) announces the resumption of passenger, cargo, and mail air operations to and from the Dominican Republic,&#8221; the Venezuelan agency stated in a post on its Instagram account.<\/p>\n\n\n\n<p>However, INAC did not specify whether this measure would take immediate effect or provide details about the effective date for the flights.<\/p>\n\n\n\n<h2 class=\"wp-block-heading\" id=\"related-topics\">Related Topics<\/h2>\n\n\n\n\t\t\t<div class=\"wp-block-uagb-post-grid uagb-post-grid  uagb-post__image-position-top uagb-post__image-enabled uagb-block-815d8787     uagb-post__items uagb-post__columns-2 is-grid uagb-post__columns-tablet-2 uagb-post__columns-mobile-1 uagb-post__equal-height\" data-total=\"471\" style=\"\">\n\n\t\t\t\t\t\t\t\t\t\t\t\t<article class=\"uagb-post__inner-wrap\">\t\t\t\t\t\t\t\t<div class='uagb-post__image'>\n\t\t\t\t\t\t\t\t\t<a href=\"https:\/\/aviacionaldia.com\/en\/2026\/05\/spirit-airlines-ceases-operations.html\" target=\"_self\" rel=\"bookmark noopener noreferrer\" class='uagb-image-ratio-inherit'><img decoding=\"async\" width=\"800\" height=\"400\" src=\"https:\/\/aviacionaldia.com\/wp-content\/uploads\/2026\/05\/Spirit-Airlines-Suspende-sus-operaciones.webp\" class=\"attachment-large size-large\" alt=\"\" srcset=\"https:\/\/aviacionaldia.com\/wp-content\/uploads\/2026\/05\/Spirit-Airlines-Suspende-sus-operaciones.webp 800w, https:\/\/aviacionaldia.com\/wp-content\/uploads\/2026\/05\/Spirit-Airlines-Suspende-sus-operaciones-300x150.webp 300w, https:\/\/aviacionaldia.com\/wp-content\/uploads\/2026\/05\/Spirit-Airlines-Suspende-sus-operaciones-768x384.webp 768w, https:\/\/aviacionaldia.com\/wp-content\/uploads\/2026\/05\/Spirit-Airlines-Suspende-sus-operaciones-380x190.webp 380w\" sizes=\"(max-width: 800px) 100vw, 800px\" \/>\t\t\t\t\t<\/a>\n\t\t\t\t\t\t\t<\/div>\n\t\t\t\t\t\t<h4 class=\"uagb-post__title uagb-post__text\">\n\t\t\t\t<a href=\"https:\/\/aviacionaldia.com\/en\/2026\/05\/spirit-airlines-ceases-operations.html\" target=\"_self\" rel=\"bookmark noopener noreferrer\">Spirit Airlines Ceases Operations<\/a>\n\t\t\t<\/h4>\n\t\t\t\t\t\t<div class='uagb-post__text uagb-post-grid-byline'>\n\t\t\t\t\t\t\t<\/div>\n\t\t\t\t\t\t<div class=\"uagb-post__text uagb-post__cta wp-block-button\">\n\t\t\t\t<a class=\"wp-block-button__link uagb-text-link\" style=\"\" href=\"https:\/\/aviacionaldia.com\/en\/2026\/05\/spirit-airlines-ceases-operations.html\" target=\"_self\" rel=\"bookmark noopener noreferrer\">Read More<\/a>\n\t\t\t<\/div>\n\t\t\t\n\t\t\t\t\t\t\t\t\t<\/article>\n\t\t\t\t\t\t\t\t\t\t\t\t\t\t\t\t<article class=\"uagb-post__inner-wrap\">\t\t\t\t\t\t\t\t<div class='uagb-post__image'>\n\t\t\t\t\t\t\t\t\t<a href=\"https:\/\/aviacionaldia.com\/en\/2026\/05\/laser-airlines-resumes-caracas-miami-route-through-strategic-alliance-with-global-x.html\" target=\"_self\" rel=\"bookmark noopener noreferrer\" class='uagb-image-ratio-inherit'><img decoding=\"async\" width=\"800\" height=\"400\" src=\"https:\/\/aviacionaldia.com\/wp-content\/uploads\/2026\/05\/Global-X-Airbus-A320.webp\" class=\"attachment-large size-large\" alt=\"\" srcset=\"https:\/\/aviacionaldia.com\/wp-content\/uploads\/2026\/05\/Global-X-Airbus-A320.webp 800w, https:\/\/aviacionaldia.com\/wp-content\/uploads\/2026\/05\/Global-X-Airbus-A320-300x150.webp 300w, https:\/\/aviacionaldia.com\/wp-content\/uploads\/2026\/05\/Global-X-Airbus-A320-768x384.webp 768w, https:\/\/aviacionaldia.com\/wp-content\/uploads\/2026\/05\/Global-X-Airbus-A320-380x190.webp 380w\" sizes=\"(max-width: 800px) 100vw, 800px\" \/>\t\t\t\t\t<\/a>\n\t\t\t\t\t\t\t<\/div>\n\t\t\t\t\t\t<h4 class=\"uagb-post__title uagb-post__text\">\n\t\t\t\t<a href=\"https:\/\/aviacionaldia.com\/en\/2026\/05\/laser-airlines-resumes-caracas-miami-route-through-strategic-alliance-with-global-x.html\" target=\"_self\" rel=\"bookmark noopener noreferrer\">Laser Airlines Resumes Caracas-Miami Route Through Strategic Alliance with Global X<\/a>\n\t\t\t<\/h4>\n\t\t\t\t\t\t<div class='uagb-post__text uagb-post-grid-byline'>\n\t\t\t\t\t\t\t<\/div>\n\t\t\t\t\t\t<div class=\"uagb-post__text uagb-post__cta wp-block-button\">\n\t\t\t\t<a class=\"wp-block-button__link uagb-text-link\" style=\"\" href=\"https:\/\/aviacionaldia.com\/en\/2026\/05\/laser-airlines-resumes-caracas-miami-route-through-strategic-alliance-with-global-x.html\" target=\"_self\" rel=\"bookmark noopener noreferrer\">Read More<\/a>\n\t\t\t<\/div>\n\t\t\t\n\t\t\t\t\t\t\t\t\t<\/article>\n\t\t\t\t\t\t\t\t\t\t\t\t\t\t\t\t<article class=\"uagb-post__inner-wrap\">\t\t\t\t\t\t\t\t<div class='uagb-post__image'>\n\t\t\t\t\t\t\t\t\t<a href=\"https:\/\/aviacionaldia.com\/en\/2026\/05\/spirit-airlines-at-brink-white-house-submits-final-rescue-proposal-to-avert-shutdown.html\" target=\"_self\" rel=\"bookmark noopener noreferrer\" class='uagb-image-ratio-inherit'><img decoding=\"async\" width=\"800\" height=\"400\" src=\"https:\/\/aviacionaldia.com\/wp-content\/uploads\/2025\/12\/Spirit-Airlines-Aviones.webp\" class=\"attachment-large size-large\" alt=\"\" srcset=\"https:\/\/aviacionaldia.com\/wp-content\/uploads\/2025\/12\/Spirit-Airlines-Aviones.webp 800w, https:\/\/aviacionaldia.com\/wp-content\/uploads\/2025\/12\/Spirit-Airlines-Aviones-300x150.webp 300w, https:\/\/aviacionaldia.com\/wp-content\/uploads\/2025\/12\/Spirit-Airlines-Aviones-768x384.webp 768w, https:\/\/aviacionaldia.com\/wp-content\/uploads\/2025\/12\/Spirit-Airlines-Aviones-380x190.webp 380w\" sizes=\"(max-width: 800px) 100vw, 800px\" \/>\t\t\t\t\t<\/a>\n\t\t\t\t\t\t\t<\/div>\n\t\t\t\t\t\t<h4 class=\"uagb-post__title uagb-post__text\">\n\t\t\t\t<a href=\"https:\/\/aviacionaldia.com\/en\/2026\/05\/spirit-airlines-at-brink-white-house-submits-final-rescue-proposal-to-avert-shutdown.html\" target=\"_self\" rel=\"bookmark noopener noreferrer\">Spirit Airlines at Brink: White House Submits Final Rescue Proposal to Avert Shutdown<\/a>\n\t\t\t<\/h4>\n\t\t\t\t\t\t<div class='uagb-post__text uagb-post-grid-byline'>\n\t\t\t\t\t\t\t<\/div>\n\t\t\t\t\t\t<div class=\"uagb-post__text uagb-post__cta wp-block-button\">\n\t\t\t\t<a class=\"wp-block-button__link uagb-text-link\" style=\"\" href=\"https:\/\/aviacionaldia.com\/en\/2026\/05\/spirit-airlines-at-brink-white-house-submits-final-rescue-proposal-to-avert-shutdown.html\" target=\"_self\" rel=\"bookmark noopener noreferrer\">Read More<\/a>\n\t\t\t<\/div>\n\t\t\t\n\t\t\t\t\t\t\t\t\t<\/article>\n\t\t\t\t\t\t\t\t\t\t\t\t\t\t\t\t<article class=\"uagb-post__inner-wrap\">\t\t\t\t\t\t\t\t<div class='uagb-post__image'>\n\t\t\t\t\t\t\t\t\t<a href=\"https:\/\/aviacionaldia.com\/en\/2026\/05\/united-airlines-bolsters-in-flight-entertainment-with-exclusive-peacock-channel-launch.html\" target=\"_self\" rel=\"bookmark noopener noreferrer\" class='uagb-image-ratio-inherit'><img decoding=\"async\" width=\"800\" height=\"400\" src=\"https:\/\/aviacionaldia.com\/wp-content\/uploads\/2026\/05\/United-Airlines-canal-exclusivo-de-Peacock.webp\" class=\"attachment-large size-large\" alt=\"\" srcset=\"https:\/\/aviacionaldia.com\/wp-content\/uploads\/2026\/05\/United-Airlines-canal-exclusivo-de-Peacock.webp 800w, https:\/\/aviacionaldia.com\/wp-content\/uploads\/2026\/05\/United-Airlines-canal-exclusivo-de-Peacock-300x150.webp 300w, https:\/\/aviacionaldia.com\/wp-content\/uploads\/2026\/05\/United-Airlines-canal-exclusivo-de-Peacock-768x384.webp 768w, https:\/\/aviacionaldia.com\/wp-content\/uploads\/2026\/05\/United-Airlines-canal-exclusivo-de-Peacock-380x190.webp 380w\" sizes=\"(max-width: 800px) 100vw, 800px\" \/>\t\t\t\t\t<\/a>\n\t\t\t\t\t\t\t<\/div>\n\t\t\t\t\t\t<h4 class=\"uagb-post__title uagb-post__text\">\n\t\t\t\t<a href=\"https:\/\/aviacionaldia.com\/en\/2026\/05\/united-airlines-bolsters-in-flight-entertainment-with-exclusive-peacock-channel-launch.html\" target=\"_self\" rel=\"bookmark noopener noreferrer\">United Airlines Bolsters In-Flight Entertainment with Exclusive Peacock Channel Launch<\/a>\n\t\t\t<\/h4>\n\t\t\t\t\t\t<div class='uagb-post__text uagb-post-grid-byline'>\n\t\t\t\t\t\t\t<\/div>\n\t\t\t\t\t\t<div class=\"uagb-post__text uagb-post__cta wp-block-button\">\n\t\t\t\t<a class=\"wp-block-button__link uagb-text-link\" style=\"\" href=\"https:\/\/aviacionaldia.com\/en\/2026\/05\/united-airlines-bolsters-in-flight-entertainment-with-exclusive-peacock-channel-launch.html\" target=\"_self\" rel=\"bookmark noopener noreferrer\">Read More<\/a>\n\t\t\t<\/div>\n\t\t\t\n\t\t\t\t\t\t\t\t\t<\/article>\n\t\t\t\t\t\t\t\t\t\t\t<\/div>\n\t\t\t","protected":false},"excerpt":{"rendered":"Through a statement, the president of the Dominican Republic\u2019s Civil Aviation Board (JAC), H\u00e9ctor Porcella, clarified that the&hellip;\n","protected":false},"author":4316,"featured_media":101707,"comment_status":"open","ping_status":"closed","sticky":false,"template":"","format":"standard","meta":{"_uag_custom_page_level_css":"","footnotes":""},"categories":[1],"tags":[435,198,211,278],"class_list":{"0":"post-175640","1":"post","2":"type-post","3":"status-publish","4":"format-standard","5":"has-post-thumbnail","7":"category-airlines","8":"tag-dominican-republic","9":"tag-flights","10":"tag-latin-america","11":"tag-venezuela-2"},"uagb_featured_image_src":{"full":["https:\/\/aviacionaldia.com\/wp-content\/uploads\/2018\/08\/Aviones.jpg",800,400,false],"thumbnail":["https:\/\/aviacionaldia.com\/wp-content\/uploads\/2018\/08\/Aviones-150x150.jpg",150,150,true],"medium":["https:\/\/aviacionaldia.com\/wp-content\/uploads\/2018\/08\/Aviones-300x150.jpg",300,150,true],"medium_large":["https:\/\/aviacionaldia.com\/wp-content\/uploads\/2018\/08\/Aviones-768x384.jpg",768,384,true],"large":["https:\/\/aviacionaldia.com\/wp-content\/uploads\/2018\/08\/Aviones.jpg",800,400,false],"1536x1536":["https:\/\/aviacionaldia.com\/wp-content\/uploads\/2018\/08\/Aviones.jpg",800,400,false],"2048x2048":["https:\/\/aviacionaldia.com\/wp-content\/uploads\/2018\/08\/Aviones.jpg",800,400,false],"pk-small":["https:\/\/aviacionaldia.com\/wp-content\/uploads\/2018\/08\/Aviones-80x80.jpg",80,80,true],"pk-thumbnail":["https:\/\/aviacionaldia.com\/wp-content\/uploads\/2018\/08\/Aviones-300x225.jpg",300,225,true],"csco-small":["https:\/\/aviacionaldia.com\/wp-content\/uploads\/2018\/08\/Aviones-80x80.jpg",80,80,true],"csco-intermediate":["https:\/\/aviacionaldia.com\/wp-content\/uploads\/2018\/08\/Aviones-200x140.jpg",200,140,true],"csco-thumbnail":["https:\/\/aviacionaldia.com\/wp-content\/uploads\/2018\/08\/Aviones-380x220.jpg",380,220,true],"csco-thumbnail-alternative":["https:\/\/aviacionaldia.com\/wp-content\/uploads\/2018\/08\/Aviones-300x180.jpg",300,180,true],"csco-thumbnail-uncropped":["https:\/\/aviacionaldia.com\/wp-content\/uploads\/2018\/08\/Aviones-380x190.jpg",380,190,true],"csco-medium":["https:\/\/aviacionaldia.com\/wp-content\/uploads\/2018\/08\/Aviones.jpg",800,400,false],"csco-medium-alternative":["https:\/\/aviacionaldia.com\/wp-content\/uploads\/2018\/08\/Aviones-560x336.jpg",560,336,true],"csco-medium-uncropped":["https:\/\/aviacionaldia.com\/wp-content\/uploads\/2018\/08\/Aviones.jpg",800,400,false],"csco-large":["https:\/\/aviacionaldia.com\/wp-content\/uploads\/2018\/08\/Aviones.jpg",800,400,false],"csco-large-uncropped":["https:\/\/aviacionaldia.com\/wp-content\/uploads\/2018\/08\/Aviones.jpg",800,400,false],"csco-extra-large":["https:\/\/aviacionaldia.com\/wp-content\/uploads\/2018\/08\/Aviones.jpg",800,400,false]},"uagb_author_info":{"display_name":"Redacci\u00f3n - Aviaci\u00f3n al D\u00eda","author_link":"https:\/\/aviacionaldia.com\/en\/author\/aad"},"uagb_comment_info":0,"uagb_excerpt":"Through a statement, the president of the Dominican Republic\u2019s Civil Aviation Board (JAC), H\u00e9ctor Porcella, clarified that the&hellip;","amp_enabled":true,"_links":{"self":[{"href":"https:\/\/aviacionaldia.com\/en\/wp-json\/wp\/v2\/posts\/175640","targetHints":{"allow":["GET"]}}],"collection":[{"href":"https:\/\/aviacionaldia.com\/en\/wp-json\/wp\/v2\/posts"}],"about":[{"href":"https:\/\/aviacionaldia.com\/en\/wp-json\/wp\/v2\/types\/post"}],"author":[{"embeddable":true,"href":"https:\/\/aviacionaldia.com\/en\/wp-json\/wp\/v2\/users\/4316"}],"replies":[{"embeddable":true,"href":"https:\/\/aviacionaldia.com\/en\/wp-json\/wp\/v2\/comments?post=175640"}],"version-history":[{"count":1,"href":"https:\/\/aviacionaldia.com\/en\/wp-json\/wp\/v2\/posts\/175640\/revisions"}],"predecessor-version":[{"id":175642,"href":"https:\/\/aviacionaldia.com\/en\/wp-json\/wp\/v2\/posts\/175640\/revisions\/175642"}],"wp:featuredmedia":[{"embeddable":true,"href":"https:\/\/aviacionaldia.com\/en\/wp-json\/wp\/v2\/media\/101707"}],"wp:attachment":[{"href":"https:\/\/aviacionaldia.com\/en\/wp-json\/wp\/v2\/media?parent=175640"}],"wp:term":[{"taxonomy":"category","embeddable":true,"href":"https:\/\/aviacionaldia.com\/en\/wp-json\/wp\/v2\/categories?post=175640"},{"taxonomy":"post_tag","embeddable":true,"href":"https:\/\/aviacionaldia.com\/en\/wp-json\/wp\/v2\/tags?post=175640"}],"curies":[{"name":"wp","href":"https:\/\/api.w.org\/{rel}","templated":true}]}}