{"id":175798,"date":"2025-06-19T14:30:13","date_gmt":"2025-06-19T14:30:13","guid":{"rendered":"https:\/\/aviacionaldia.com\/?p=175798"},"modified":"2025-06-19T20:40:26","modified_gmt":"2025-06-19T20:40:26","slug":"atr-signs-mou-with-atoba-energy-to-accelerate-saf-adoption-in-regional-aviation","status":"publish","type":"post","link":"https:\/\/aviacionaldia.com\/en\/2025\/06\/atr-signs-mou-with-atoba-energy-to-accelerate-saf-adoption-in-regional-aviation.html","title":{"rendered":"ATR Signs MoU with ATOBA ENERGY to Accelerate SAF Adoption in Regional Aviation"},"content":{"rendered":"\n<p>At the Paris Air Show 2025, <strong>ATR<\/strong> and French company <strong>ATOBA ENERGY<\/strong> signed a Memorandum of Understanding (MoU) aimed at accelerating the adoption of Sustainable Aviation Fuel (SAF) among regional operators. This strategic move reinforces ATR\u2019s commitment to decarbonizing air transport and seeks to provide concrete solutions for airlines that currently lack direct access to this type of fuel.<\/p>\n\n\n\n<h2 class=\"wp-block-heading\">Practical Solutions for Efficient SAF Access<\/h2>\n\n\n\n<p>The collaboration focuses on three key areas:<\/p>\n\n\n\n<p><strong>1. Simplified Physical Delivery<\/strong><\/p>\n\n\n\n<p>The companies will explore logistical models to enable regional airlines to access SAF without operational complications, facilitating distribution even in remote areas.<\/p>\n\n\n\n<p><strong>2. Technical and Regulatory Support<\/strong><\/p>\n\n\n\n<p>Assistance will be provided to help airlines integrate SAF into their current operations, ensuring compliance with existing regulations and uninterrupted services.<\/p>\n\n\n\n<p><strong>3. Mass Balance Model<\/strong><\/p>\n\n\n\n<p>This approach, aligned with the Greenhouse Gas Protocol, allows operators to benefit from the environmental advantages of SAF even if they do not use it physically, easing the transition toward more sustainable operations.<\/p>\n\n\n\n<p><strong><em>\u2192 <a href=\"https:\/\/aviacionaldia.com\/en\/2025\/06\/paris-air-show-atr-and-pratt-whitney-canada-join-forces-to-develop-next-generation-regional-turboprops.html\">ATR and Pratt &amp; Whitney Canada Join Forces to Develop Next-Generation Regional Turboprops<\/a><\/em><\/strong><\/p>\n\n\n\n<p>Nathalie Tarnaud Laude, CEO of ATR, emphasized that \u201csustainable fuel is one of the most effective tools for reducing emissions in the short to medium term.\u201d She acknowledged that many regional airlines face challenges in accessing SAF, particularly in less-connected areas, and stressed that this partnership with ATOBA ENERGY aims to eliminate those barriers: \u201cWe are not only promoting SAF but also working to make it a viable and scalable solution for our entire global network.\u201d<\/p>\n\n\n\n<p>Arnaud Namer, CEO of ATOBA ENERGY, highlighted the inclusive nature of the initiative: \u201cWe are proud to partner with ATR to make sustainable aviation an accessible reality. Our \u2018Book and Claim\u2019 and mass balance model is key to enabling any operator, regardless of location, to reduce its carbon footprint.\u201d<\/p>\n\n\n\n<h2 class=\"wp-block-heading\">Beyond the Short Term: A 2030 Vision<\/h2>\n\n\n\n<p>ATR\u2019s SAF strategy is part of a broader ambition: to ensure all its aircraft are 100% SAF-compatible by 2030. This goal aligns with international commitments made during the CAAF\/3 conference and with coordinated efforts involving national and regional authorities.<\/p>\n\n\n\n<p>Transparency and Sustainability as Pillars<br>The collaboration also aims to build trust in the sector by providing accurate data on the carbon lifecycle and facilitating clearer, more responsible environmental reporting. This transparency is crucial for the aviation industry to progress toward measurable and verifiable sustainability.<\/p>\n\n\n\n<h2 class=\"wp-block-heading\" id=\"related-topics\">Related Topics<\/h2>\n\n\n\n\t\t\t<div class=\"wp-block-uagb-post-grid uagb-post-grid  uagb-post__image-position-top uagb-post__image-enabled uagb-block-815d8787     uagb-post__items uagb-post__columns-2 is-grid uagb-post__columns-tablet-2 uagb-post__columns-mobile-1 uagb-post__equal-height\" data-total=\"201\" style=\"\">\n\n\t\t\t\t\t\t\t\t\t\t\t\t<article class=\"uagb-post__inner-wrap\">\t\t\t\t\t\t\t\t<div class='uagb-post__image'>\n\t\t\t\t\t\t\t\t\t<a href=\"https:\/\/aviacionaldia.com\/en\/2026\/04\/boeing-narrows-first-quarter-losses-signals-operational-recovery.html\" target=\"_self\" rel=\"bookmark noopener noreferrer\" class='uagb-image-ratio-inherit'><img decoding=\"async\" width=\"800\" height=\"400\" src=\"https:\/\/aviacionaldia.com\/wp-content\/uploads\/2018\/10\/Boeing.jpg\" class=\"attachment-large size-large\" alt=\"\" srcset=\"https:\/\/aviacionaldia.com\/wp-content\/uploads\/2018\/10\/Boeing.jpg 800w, https:\/\/aviacionaldia.com\/wp-content\/uploads\/2018\/10\/Boeing-300x150.jpg 300w, https:\/\/aviacionaldia.com\/wp-content\/uploads\/2018\/10\/Boeing-768x384.jpg 768w, https:\/\/aviacionaldia.com\/wp-content\/uploads\/2018\/10\/Boeing-380x190.jpg 380w\" sizes=\"(max-width: 800px) 100vw, 800px\" \/>\t\t\t\t\t<\/a>\n\t\t\t\t\t\t\t<\/div>\n\t\t\t\t\t\t<h4 class=\"uagb-post__title uagb-post__text\">\n\t\t\t\t<a href=\"https:\/\/aviacionaldia.com\/en\/2026\/04\/boeing-narrows-first-quarter-losses-signals-operational-recovery.html\" target=\"_self\" rel=\"bookmark noopener noreferrer\">Boeing Narrows First-Quarter Losses, Signals Operational Recovery<\/a>\n\t\t\t<\/h4>\n\t\t\t\t\t\t<div class='uagb-post__text uagb-post-grid-byline'>\n\t\t\t\t\t\t\t<\/div>\n\t\t\t\t\t\t<div class=\"uagb-post__text uagb-post__cta wp-block-button\">\n\t\t\t\t<a class=\"wp-block-button__link uagb-text-link\" style=\"\" href=\"https:\/\/aviacionaldia.com\/en\/2026\/04\/boeing-narrows-first-quarter-losses-signals-operational-recovery.html\" target=\"_self\" rel=\"bookmark noopener noreferrer\">Read More<\/a>\n\t\t\t<\/div>\n\t\t\t\n\t\t\t\t\t\t\t\t\t<\/article>\n\t\t\t\t\t\t\t\t\t\t\t\t\t\t\t\t<article class=\"uagb-post__inner-wrap\">\t\t\t\t\t\t\t\t<div class='uagb-post__image'>\n\t\t\t\t\t\t\t\t\t<a href=\"https:\/\/aviacionaldia.com\/en\/2026\/04\/boeing-begins-certification-testing-of-new-anti-ice-system-for-737-max-7-and-10-engines.html\" target=\"_self\" rel=\"bookmark noopener noreferrer\" class='uagb-image-ratio-inherit'><img decoding=\"async\" width=\"800\" height=\"400\" src=\"https:\/\/aviacionaldia.com\/wp-content\/uploads\/2022\/10\/Boeing-737-Max-10.jpg\" class=\"attachment-large size-large\" alt=\"\" srcset=\"https:\/\/aviacionaldia.com\/wp-content\/uploads\/2022\/10\/Boeing-737-Max-10.jpg 800w, https:\/\/aviacionaldia.com\/wp-content\/uploads\/2022\/10\/Boeing-737-Max-10-300x150.jpg 300w, https:\/\/aviacionaldia.com\/wp-content\/uploads\/2022\/10\/Boeing-737-Max-10-768x384.jpg 768w, https:\/\/aviacionaldia.com\/wp-content\/uploads\/2022\/10\/Boeing-737-Max-10-380x190.jpg 380w\" sizes=\"(max-width: 800px) 100vw, 800px\" \/>\t\t\t\t\t<\/a>\n\t\t\t\t\t\t\t<\/div>\n\t\t\t\t\t\t<h4 class=\"uagb-post__title uagb-post__text\">\n\t\t\t\t<a href=\"https:\/\/aviacionaldia.com\/en\/2026\/04\/boeing-begins-certification-testing-of-new-anti-ice-system-for-737-max-7-and-10-engines.html\" target=\"_self\" rel=\"bookmark noopener noreferrer\">Boeing Begins Certification Testing of New Anti-Ice System for 737 MAX 7 and 10 Engines<\/a>\n\t\t\t<\/h4>\n\t\t\t\t\t\t<div class='uagb-post__text uagb-post-grid-byline'>\n\t\t\t\t\t\t\t<\/div>\n\t\t\t\t\t\t<div class=\"uagb-post__text uagb-post__cta wp-block-button\">\n\t\t\t\t<a class=\"wp-block-button__link uagb-text-link\" style=\"\" href=\"https:\/\/aviacionaldia.com\/en\/2026\/04\/boeing-begins-certification-testing-of-new-anti-ice-system-for-737-max-7-and-10-engines.html\" target=\"_self\" rel=\"bookmark noopener noreferrer\">Read More<\/a>\n\t\t\t<\/div>\n\t\t\t\n\t\t\t\t\t\t\t\t\t<\/article>\n\t\t\t\t\t\t\t\t\t\t\t\t\t\t\t\t<article class=\"uagb-post__inner-wrap\">\t\t\t\t\t\t\t\t<div class='uagb-post__image'>\n\t\t\t\t\t\t\t\t\t<a href=\"https:\/\/aviacionaldia.com\/en\/2026\/04\/ethiopian-airlines-expands-long-haul-fleet-converts-options-for-six-boeing-787-9s-into-firm-orders.html\" target=\"_self\" rel=\"bookmark noopener noreferrer\" class='uagb-image-ratio-inherit'><img decoding=\"async\" width=\"800\" height=\"400\" src=\"https:\/\/aviacionaldia.com\/wp-content\/uploads\/2026\/04\/Ethiopian-Airlines-Pedido-de-aviones-Boeing-787.webp\" class=\"attachment-large size-large\" alt=\"\" srcset=\"https:\/\/aviacionaldia.com\/wp-content\/uploads\/2026\/04\/Ethiopian-Airlines-Pedido-de-aviones-Boeing-787.webp 800w, https:\/\/aviacionaldia.com\/wp-content\/uploads\/2026\/04\/Ethiopian-Airlines-Pedido-de-aviones-Boeing-787-300x150.webp 300w, https:\/\/aviacionaldia.com\/wp-content\/uploads\/2026\/04\/Ethiopian-Airlines-Pedido-de-aviones-Boeing-787-768x384.webp 768w, https:\/\/aviacionaldia.com\/wp-content\/uploads\/2026\/04\/Ethiopian-Airlines-Pedido-de-aviones-Boeing-787-380x190.webp 380w\" sizes=\"(max-width: 800px) 100vw, 800px\" \/>\t\t\t\t\t<\/a>\n\t\t\t\t\t\t\t<\/div>\n\t\t\t\t\t\t<h4 class=\"uagb-post__title uagb-post__text\">\n\t\t\t\t<a href=\"https:\/\/aviacionaldia.com\/en\/2026\/04\/ethiopian-airlines-expands-long-haul-fleet-converts-options-for-six-boeing-787-9s-into-firm-orders.html\" target=\"_self\" rel=\"bookmark noopener noreferrer\">Ethiopian Airlines Expands Long-Haul Fleet: Converts Options for Six Boeing 787-9s into Firm Orders<\/a>\n\t\t\t<\/h4>\n\t\t\t\t\t\t<div class='uagb-post__text uagb-post-grid-byline'>\n\t\t\t\t\t\t\t<\/div>\n\t\t\t\t\t\t<div class=\"uagb-post__text uagb-post__cta wp-block-button\">\n\t\t\t\t<a class=\"wp-block-button__link uagb-text-link\" style=\"\" href=\"https:\/\/aviacionaldia.com\/en\/2026\/04\/ethiopian-airlines-expands-long-haul-fleet-converts-options-for-six-boeing-787-9s-into-firm-orders.html\" target=\"_self\" rel=\"bookmark noopener noreferrer\">Read More<\/a>\n\t\t\t<\/div>\n\t\t\t\n\t\t\t\t\t\t\t\t\t<\/article>\n\t\t\t\t\t\t\t\t\t\t\t\t\t\t\t\t<article class=\"uagb-post__inner-wrap\">\t\t\t\t\t\t\t\t<div class='uagb-post__image'>\n\t\t\t\t\t\t\t\t\t<a href=\"https:\/\/aviacionaldia.com\/en\/2026\/04\/el-al-strengthens-long-haul-fleet-agreement-signed-for-up-to-12-boeing-787-jets.html\" target=\"_self\" rel=\"bookmark noopener noreferrer\" class='uagb-image-ratio-inherit'><img decoding=\"async\" width=\"800\" height=\"400\" src=\"https:\/\/aviacionaldia.com\/wp-content\/uploads\/2026\/04\/El-Al-Boeing-787.webp\" class=\"attachment-large size-large\" alt=\"\" srcset=\"https:\/\/aviacionaldia.com\/wp-content\/uploads\/2026\/04\/El-Al-Boeing-787.webp 800w, https:\/\/aviacionaldia.com\/wp-content\/uploads\/2026\/04\/El-Al-Boeing-787-300x150.webp 300w, https:\/\/aviacionaldia.com\/wp-content\/uploads\/2026\/04\/El-Al-Boeing-787-768x384.webp 768w, https:\/\/aviacionaldia.com\/wp-content\/uploads\/2026\/04\/El-Al-Boeing-787-380x190.webp 380w\" sizes=\"(max-width: 800px) 100vw, 800px\" \/>\t\t\t\t\t<\/a>\n\t\t\t\t\t\t\t<\/div>\n\t\t\t\t\t\t<h4 class=\"uagb-post__title uagb-post__text\">\n\t\t\t\t<a href=\"https:\/\/aviacionaldia.com\/en\/2026\/04\/el-al-strengthens-long-haul-fleet-agreement-signed-for-up-to-12-boeing-787-jets.html\" target=\"_self\" rel=\"bookmark noopener noreferrer\">El Al Strengthens Long-Haul Fleet: Agreement Signed for Up to 12 Boeing 787 Jets<\/a>\n\t\t\t<\/h4>\n\t\t\t\t\t\t<div class='uagb-post__text uagb-post-grid-byline'>\n\t\t\t\t\t\t\t<\/div>\n\t\t\t\t\t\t<div class=\"uagb-post__text uagb-post__cta wp-block-button\">\n\t\t\t\t<a class=\"wp-block-button__link uagb-text-link\" style=\"\" href=\"https:\/\/aviacionaldia.com\/en\/2026\/04\/el-al-strengthens-long-haul-fleet-agreement-signed-for-up-to-12-boeing-787-jets.html\" target=\"_self\" rel=\"bookmark noopener noreferrer\">Read More<\/a>\n\t\t\t<\/div>\n\t\t\t\n\t\t\t\t\t\t\t\t\t<\/article>\n\t\t\t\t\t\t\t\t\t\t\t<\/div>\n\t\t\t","protected":false},"excerpt":{"rendered":"At the Paris Air Show 2025, ATR and French company ATOBA ENERGY signed a Memorandum of Understanding (MoU)&hellip;\n","protected":false},"author":4316,"featured_media":175790,"comment_status":"open","ping_status":"closed","sticky":false,"template":"","format":"standard","meta":{"_uag_custom_page_level_css":"","footnotes":""},"categories":[190],"tags":[222,428],"class_list":{"0":"post-175798","1":"post","2":"type-post","3":"status-publish","4":"format-standard","5":"has-post-thumbnail","7":"category-the-industry","8":"tag-aircraft","9":"tag-atr-2"},"uagb_featured_image_src":{"full":["https:\/\/aviacionaldia.com\/wp-content\/uploads\/2025\/06\/ATR-Motor.webp",800,400,false],"thumbnail":["https:\/\/aviacionaldia.com\/wp-content\/uploads\/2025\/06\/ATR-Motor-150x150.webp",150,150,true],"medium":["https:\/\/aviacionaldia.com\/wp-content\/uploads\/2025\/06\/ATR-Motor-300x150.webp",300,150,true],"medium_large":["https:\/\/aviacionaldia.com\/wp-content\/uploads\/2025\/06\/ATR-Motor-768x384.webp",768,384,true],"large":["https:\/\/aviacionaldia.com\/wp-content\/uploads\/2025\/06\/ATR-Motor.webp",800,400,false],"1536x1536":["https:\/\/aviacionaldia.com\/wp-content\/uploads\/2025\/06\/ATR-Motor.webp",800,400,false],"2048x2048":["https:\/\/aviacionaldia.com\/wp-content\/uploads\/2025\/06\/ATR-Motor.webp",800,400,false],"pk-small":["https:\/\/aviacionaldia.com\/wp-content\/uploads\/2025\/06\/ATR-Motor-80x80.webp",80,80,true],"pk-thumbnail":["https:\/\/aviacionaldia.com\/wp-content\/uploads\/2025\/06\/ATR-Motor-300x225.webp",300,225,true],"csco-small":["https:\/\/aviacionaldia.com\/wp-content\/uploads\/2025\/06\/ATR-Motor-80x80.webp",80,80,true],"csco-intermediate":["https:\/\/aviacionaldia.com\/wp-content\/uploads\/2025\/06\/ATR-Motor-200x140.webp",200,140,true],"csco-thumbnail":["https:\/\/aviacionaldia.com\/wp-content\/uploads\/2025\/06\/ATR-Motor-380x220.webp",380,220,true],"csco-thumbnail-alternative":["https:\/\/aviacionaldia.com\/wp-content\/uploads\/2025\/06\/ATR-Motor-300x180.webp",300,180,true],"csco-thumbnail-uncropped":["https:\/\/aviacionaldia.com\/wp-content\/uploads\/2025\/06\/ATR-Motor-380x190.webp",380,190,true],"csco-medium":["https:\/\/aviacionaldia.com\/wp-content\/uploads\/2025\/06\/ATR-Motor.webp",800,400,false],"csco-medium-alternative":["https:\/\/aviacionaldia.com\/wp-content\/uploads\/2025\/06\/ATR-Motor-560x336.webp",560,336,true],"csco-medium-uncropped":["https:\/\/aviacionaldia.com\/wp-content\/uploads\/2025\/06\/ATR-Motor.webp",800,400,false],"csco-large":["https:\/\/aviacionaldia.com\/wp-content\/uploads\/2025\/06\/ATR-Motor.webp",800,400,false],"csco-large-uncropped":["https:\/\/aviacionaldia.com\/wp-content\/uploads\/2025\/06\/ATR-Motor.webp",800,400,false],"csco-extra-large":["https:\/\/aviacionaldia.com\/wp-content\/uploads\/2025\/06\/ATR-Motor.webp",800,400,false]},"uagb_author_info":{"display_name":"Redacci\u00f3n - Aviaci\u00f3n al D\u00eda","author_link":"https:\/\/aviacionaldia.com\/en\/author\/aad"},"uagb_comment_info":0,"uagb_excerpt":"At the Paris Air Show 2025, ATR and French company ATOBA ENERGY signed a Memorandum of Understanding (MoU)&hellip;","amp_enabled":true,"_links":{"self":[{"href":"https:\/\/aviacionaldia.com\/en\/wp-json\/wp\/v2\/posts\/175798","targetHints":{"allow":["GET"]}}],"collection":[{"href":"https:\/\/aviacionaldia.com\/en\/wp-json\/wp\/v2\/posts"}],"about":[{"href":"https:\/\/aviacionaldia.com\/en\/wp-json\/wp\/v2\/types\/post"}],"author":[{"embeddable":true,"href":"https:\/\/aviacionaldia.com\/en\/wp-json\/wp\/v2\/users\/4316"}],"replies":[{"embeddable":true,"href":"https:\/\/aviacionaldia.com\/en\/wp-json\/wp\/v2\/comments?post=175798"}],"version-history":[{"count":1,"href":"https:\/\/aviacionaldia.com\/en\/wp-json\/wp\/v2\/posts\/175798\/revisions"}],"predecessor-version":[{"id":175799,"href":"https:\/\/aviacionaldia.com\/en\/wp-json\/wp\/v2\/posts\/175798\/revisions\/175799"}],"wp:featuredmedia":[{"embeddable":true,"href":"https:\/\/aviacionaldia.com\/en\/wp-json\/wp\/v2\/media\/175790"}],"wp:attachment":[{"href":"https:\/\/aviacionaldia.com\/en\/wp-json\/wp\/v2\/media?parent=175798"}],"wp:term":[{"taxonomy":"category","embeddable":true,"href":"https:\/\/aviacionaldia.com\/en\/wp-json\/wp\/v2\/categories?post=175798"},{"taxonomy":"post_tag","embeddable":true,"href":"https:\/\/aviacionaldia.com\/en\/wp-json\/wp\/v2\/tags?post=175798"}],"curies":[{"name":"wp","href":"https:\/\/api.w.org\/{rel}","templated":true}]}}