{"id":176779,"date":"2025-07-15T15:30:14","date_gmt":"2025-07-15T15:30:14","guid":{"rendered":"https:\/\/aviacionaldia.com\/?p=176779"},"modified":"2025-07-15T22:12:27","modified_gmt":"2025-07-15T22:12:27","slug":"avianca-launches-stopover-program-for-travelers-to-visit-bogota","status":"publish","type":"post","link":"https:\/\/aviacionaldia.com\/en\/2025\/07\/avianca-launches-stopover-program-for-travelers-to-visit-bogota.html","title":{"rendered":"Avianca Launches Stopover Program for Travelers to Visit Bogot\u00e1"},"content":{"rendered":"\n<p><strong>Avianca, in partnership with the District Institute of Tourism (IDT) and El Dorado Airport<\/strong>, launched the initiative <strong>&#8220;Stopover Bogot\u00e1: Amor a primera pista&#8221;<\/strong> this Tuesday. The goal is clear: to transform the Colombian capital from a transit point into a tourist destination and thereby boost the local economy.<\/p>\n\n\n\n<h2 class=\"wp-block-heading\">What is the &#8216;stopover&#8217; program?<\/h2>\n\n\n\n<p>This new program allows connecting passengers to stay in Bogot\u00e1 for six to 24 hours, with the option to take advantage of tourist packages designed by the IDT. Reservations are made directly on Avianca\u2019s website by checking the &#8216;stopover&#8217; box and adjusting the itinerary as needed.<\/p>\n\n\n\n<p>In its first phase, the program will focus on seven key markets: Lima, Madrid, Guayaquil, Miami, Buenos Aires, Mexico City, and Brazil.<\/p>\n\n\n\n<h2 class=\"wp-block-heading\">A Move with Economic Impact<\/h2>\n\n\n\n<p>In 2024, El Dorado Airport handled 45 million passengers, six million of whom were in transit. Avianca accounted for nearly 50% of that market. With the new program, the Bogot\u00e1 Mayor\u2019s Office estimates an economic boost of US$24 million in the first year, based on an average spending of US$100 per visitor per night.<\/p>\n\n\n\n<p><strong><em>\u2192 <a href=\"https:\/\/aviacionaldia.com\/en\/2025\/06\/avianca-requests-authorization-to-fly-to-belem-brazil-from-bogota.html\">Avianca Requests Authorization to Fly to Bel\u00e9m (Brazil) from Bogot\u00e1<\/a><\/em><\/strong><\/p>\n\n\n\n<p>&#8220;This will drive higher sales for tourism, hotels, restaurants, and cultural offerings,&#8221; said Andr\u00e9s Santamar\u00eda, director of the IDT. He also noted that Bogot\u00e1 currently receives 1.8 million tourists annually. With the stopover program, an additional 432,000 visitors are expected, surpassing 2.2 million travelers per year.<\/p>\n\n\n\n<h2 class=\"wp-block-heading\">Bogot\u00e1: Connectivity and Potential<\/h2>\n\n\n\n<p>Felipe G\u00f3mez, Avianca\u2019s Vice President of Public Affairs and Sustainability, emphasized that the Colombian capital is home to the busiest passenger airport in Latin America, surpassing Mexico City and S\u00e3o Paulo. Despite this, Panama, with a smaller airport, generates more connections\u2014a fact that inspired Avianca\u2019s new initiative.<\/p>\n\n\n\n<p>Currently, the airline operates 240 daily flights from Bogot\u00e1, connecting to over 40 domestic and 20 international destinations. &#8220;This product is highly sought-after and successful worldwide, and achieving it requires strong coordination among all stakeholders in the chain,&#8221; G\u00f3mez explained.<\/p>\n\n\n\n<h2 class=\"wp-block-heading\">Bogot\u00e1 Aims to Win Over Transit Passengers<\/h2>\n\n\n\n<p>The &#8216;stopover&#8217; program not only aims to attract new tourists but also to capitalize on those already passing through El Dorado. The initiative presents a strategic opportunity for passengers to discover Bogot\u00e1\u2019s wonders in just a few hours, encouraging them to return in the future for longer stays.<\/p>\n\n\n\n<p>With this move, Avianca strengthens its role as a key player in regional connectivity and bets on positioning Bogot\u00e1 as a new tourist hub in Latin America.<\/p>\n\n\n\n<h2 class=\"wp-block-heading\" id=\"related-topics\">Related Topics<\/h2>\n\n\n\n\t\t\t<div class=\"wp-block-uagb-post-grid uagb-post-grid  uagb-post__image-position-top uagb-post__image-enabled uagb-block-815d8787     uagb-post__items uagb-post__columns-2 is-grid uagb-post__columns-tablet-2 uagb-post__columns-mobile-1 uagb-post__equal-height\" data-total=\"471\" style=\"\">\n\n\t\t\t\t\t\t\t\t\t\t\t\t<article class=\"uagb-post__inner-wrap\">\t\t\t\t\t\t\t\t<div class='uagb-post__image'>\n\t\t\t\t\t\t\t\t\t<a href=\"https:\/\/aviacionaldia.com\/en\/2026\/05\/spirit-airlines-ceases-operations.html\" target=\"_self\" rel=\"bookmark noopener noreferrer\" class='uagb-image-ratio-inherit'><img decoding=\"async\" width=\"800\" height=\"400\" src=\"https:\/\/aviacionaldia.com\/wp-content\/uploads\/2026\/05\/Spirit-Airlines-Suspende-sus-operaciones.webp\" class=\"attachment-large size-large\" alt=\"\" srcset=\"https:\/\/aviacionaldia.com\/wp-content\/uploads\/2026\/05\/Spirit-Airlines-Suspende-sus-operaciones.webp 800w, https:\/\/aviacionaldia.com\/wp-content\/uploads\/2026\/05\/Spirit-Airlines-Suspende-sus-operaciones-300x150.webp 300w, https:\/\/aviacionaldia.com\/wp-content\/uploads\/2026\/05\/Spirit-Airlines-Suspende-sus-operaciones-768x384.webp 768w, https:\/\/aviacionaldia.com\/wp-content\/uploads\/2026\/05\/Spirit-Airlines-Suspende-sus-operaciones-380x190.webp 380w\" sizes=\"(max-width: 800px) 100vw, 800px\" \/>\t\t\t\t\t<\/a>\n\t\t\t\t\t\t\t<\/div>\n\t\t\t\t\t\t<h4 class=\"uagb-post__title uagb-post__text\">\n\t\t\t\t<a href=\"https:\/\/aviacionaldia.com\/en\/2026\/05\/spirit-airlines-ceases-operations.html\" target=\"_self\" rel=\"bookmark noopener noreferrer\">Spirit Airlines Ceases Operations<\/a>\n\t\t\t<\/h4>\n\t\t\t\t\t\t<div class='uagb-post__text uagb-post-grid-byline'>\n\t\t\t\t\t\t\t<\/div>\n\t\t\t\t\t\t<div class=\"uagb-post__text uagb-post__cta wp-block-button\">\n\t\t\t\t<a class=\"wp-block-button__link uagb-text-link\" style=\"\" href=\"https:\/\/aviacionaldia.com\/en\/2026\/05\/spirit-airlines-ceases-operations.html\" target=\"_self\" rel=\"bookmark noopener noreferrer\">Read More<\/a>\n\t\t\t<\/div>\n\t\t\t\n\t\t\t\t\t\t\t\t\t<\/article>\n\t\t\t\t\t\t\t\t\t\t\t\t\t\t\t\t<article class=\"uagb-post__inner-wrap\">\t\t\t\t\t\t\t\t<div class='uagb-post__image'>\n\t\t\t\t\t\t\t\t\t<a href=\"https:\/\/aviacionaldia.com\/en\/2026\/05\/laser-airlines-resumes-caracas-miami-route-through-strategic-alliance-with-global-x.html\" target=\"_self\" rel=\"bookmark noopener noreferrer\" class='uagb-image-ratio-inherit'><img decoding=\"async\" width=\"800\" height=\"400\" src=\"https:\/\/aviacionaldia.com\/wp-content\/uploads\/2026\/05\/Global-X-Airbus-A320.webp\" class=\"attachment-large size-large\" alt=\"\" srcset=\"https:\/\/aviacionaldia.com\/wp-content\/uploads\/2026\/05\/Global-X-Airbus-A320.webp 800w, https:\/\/aviacionaldia.com\/wp-content\/uploads\/2026\/05\/Global-X-Airbus-A320-300x150.webp 300w, https:\/\/aviacionaldia.com\/wp-content\/uploads\/2026\/05\/Global-X-Airbus-A320-768x384.webp 768w, https:\/\/aviacionaldia.com\/wp-content\/uploads\/2026\/05\/Global-X-Airbus-A320-380x190.webp 380w\" sizes=\"(max-width: 800px) 100vw, 800px\" \/>\t\t\t\t\t<\/a>\n\t\t\t\t\t\t\t<\/div>\n\t\t\t\t\t\t<h4 class=\"uagb-post__title uagb-post__text\">\n\t\t\t\t<a href=\"https:\/\/aviacionaldia.com\/en\/2026\/05\/laser-airlines-resumes-caracas-miami-route-through-strategic-alliance-with-global-x.html\" target=\"_self\" rel=\"bookmark noopener noreferrer\">Laser Airlines Resumes Caracas-Miami Route Through Strategic Alliance with Global X<\/a>\n\t\t\t<\/h4>\n\t\t\t\t\t\t<div class='uagb-post__text uagb-post-grid-byline'>\n\t\t\t\t\t\t\t<\/div>\n\t\t\t\t\t\t<div class=\"uagb-post__text uagb-post__cta wp-block-button\">\n\t\t\t\t<a class=\"wp-block-button__link uagb-text-link\" style=\"\" href=\"https:\/\/aviacionaldia.com\/en\/2026\/05\/laser-airlines-resumes-caracas-miami-route-through-strategic-alliance-with-global-x.html\" target=\"_self\" rel=\"bookmark noopener noreferrer\">Read More<\/a>\n\t\t\t<\/div>\n\t\t\t\n\t\t\t\t\t\t\t\t\t<\/article>\n\t\t\t\t\t\t\t\t\t\t\t\t\t\t\t\t<article class=\"uagb-post__inner-wrap\">\t\t\t\t\t\t\t\t<div class='uagb-post__image'>\n\t\t\t\t\t\t\t\t\t<a href=\"https:\/\/aviacionaldia.com\/en\/2026\/05\/spirit-airlines-at-brink-white-house-submits-final-rescue-proposal-to-avert-shutdown.html\" target=\"_self\" rel=\"bookmark noopener noreferrer\" class='uagb-image-ratio-inherit'><img decoding=\"async\" width=\"800\" height=\"400\" src=\"https:\/\/aviacionaldia.com\/wp-content\/uploads\/2025\/12\/Spirit-Airlines-Aviones.webp\" class=\"attachment-large size-large\" alt=\"\" srcset=\"https:\/\/aviacionaldia.com\/wp-content\/uploads\/2025\/12\/Spirit-Airlines-Aviones.webp 800w, https:\/\/aviacionaldia.com\/wp-content\/uploads\/2025\/12\/Spirit-Airlines-Aviones-300x150.webp 300w, https:\/\/aviacionaldia.com\/wp-content\/uploads\/2025\/12\/Spirit-Airlines-Aviones-768x384.webp 768w, https:\/\/aviacionaldia.com\/wp-content\/uploads\/2025\/12\/Spirit-Airlines-Aviones-380x190.webp 380w\" sizes=\"(max-width: 800px) 100vw, 800px\" \/>\t\t\t\t\t<\/a>\n\t\t\t\t\t\t\t<\/div>\n\t\t\t\t\t\t<h4 class=\"uagb-post__title uagb-post__text\">\n\t\t\t\t<a href=\"https:\/\/aviacionaldia.com\/en\/2026\/05\/spirit-airlines-at-brink-white-house-submits-final-rescue-proposal-to-avert-shutdown.html\" target=\"_self\" rel=\"bookmark noopener noreferrer\">Spirit Airlines at Brink: White House Submits Final Rescue Proposal to Avert Shutdown<\/a>\n\t\t\t<\/h4>\n\t\t\t\t\t\t<div class='uagb-post__text uagb-post-grid-byline'>\n\t\t\t\t\t\t\t<\/div>\n\t\t\t\t\t\t<div class=\"uagb-post__text uagb-post__cta wp-block-button\">\n\t\t\t\t<a class=\"wp-block-button__link uagb-text-link\" style=\"\" href=\"https:\/\/aviacionaldia.com\/en\/2026\/05\/spirit-airlines-at-brink-white-house-submits-final-rescue-proposal-to-avert-shutdown.html\" target=\"_self\" rel=\"bookmark noopener noreferrer\">Read More<\/a>\n\t\t\t<\/div>\n\t\t\t\n\t\t\t\t\t\t\t\t\t<\/article>\n\t\t\t\t\t\t\t\t\t\t\t\t\t\t\t\t<article class=\"uagb-post__inner-wrap\">\t\t\t\t\t\t\t\t<div class='uagb-post__image'>\n\t\t\t\t\t\t\t\t\t<a href=\"https:\/\/aviacionaldia.com\/en\/2026\/05\/united-airlines-bolsters-in-flight-entertainment-with-exclusive-peacock-channel-launch.html\" target=\"_self\" rel=\"bookmark noopener noreferrer\" class='uagb-image-ratio-inherit'><img decoding=\"async\" width=\"800\" height=\"400\" src=\"https:\/\/aviacionaldia.com\/wp-content\/uploads\/2026\/05\/United-Airlines-canal-exclusivo-de-Peacock.webp\" class=\"attachment-large size-large\" alt=\"\" srcset=\"https:\/\/aviacionaldia.com\/wp-content\/uploads\/2026\/05\/United-Airlines-canal-exclusivo-de-Peacock.webp 800w, https:\/\/aviacionaldia.com\/wp-content\/uploads\/2026\/05\/United-Airlines-canal-exclusivo-de-Peacock-300x150.webp 300w, https:\/\/aviacionaldia.com\/wp-content\/uploads\/2026\/05\/United-Airlines-canal-exclusivo-de-Peacock-768x384.webp 768w, https:\/\/aviacionaldia.com\/wp-content\/uploads\/2026\/05\/United-Airlines-canal-exclusivo-de-Peacock-380x190.webp 380w\" sizes=\"(max-width: 800px) 100vw, 800px\" \/>\t\t\t\t\t<\/a>\n\t\t\t\t\t\t\t<\/div>\n\t\t\t\t\t\t<h4 class=\"uagb-post__title uagb-post__text\">\n\t\t\t\t<a href=\"https:\/\/aviacionaldia.com\/en\/2026\/05\/united-airlines-bolsters-in-flight-entertainment-with-exclusive-peacock-channel-launch.html\" target=\"_self\" rel=\"bookmark noopener noreferrer\">United Airlines Bolsters In-Flight Entertainment with Exclusive Peacock Channel Launch<\/a>\n\t\t\t<\/h4>\n\t\t\t\t\t\t<div class='uagb-post__text uagb-post-grid-byline'>\n\t\t\t\t\t\t\t<\/div>\n\t\t\t\t\t\t<div class=\"uagb-post__text uagb-post__cta wp-block-button\">\n\t\t\t\t<a class=\"wp-block-button__link uagb-text-link\" style=\"\" href=\"https:\/\/aviacionaldia.com\/en\/2026\/05\/united-airlines-bolsters-in-flight-entertainment-with-exclusive-peacock-channel-launch.html\" target=\"_self\" rel=\"bookmark noopener noreferrer\">Read More<\/a>\n\t\t\t<\/div>\n\t\t\t\n\t\t\t\t\t\t\t\t\t<\/article>\n\t\t\t\t\t\t\t\t\t\t\t<\/div>\n\t\t\t","protected":false},"excerpt":{"rendered":"Avianca, in partnership with the District Institute of Tourism (IDT) and El Dorado Airport, launched the initiative &#8220;Stopover&hellip;\n","protected":false},"author":4316,"featured_media":176768,"comment_status":"open","ping_status":"closed","sticky":false,"template":"","format":"standard","meta":{"_uag_custom_page_level_css":"","footnotes":""},"categories":[1],"tags":[230,207,196,198],"class_list":{"0":"post-176779","1":"post","2":"type-post","3":"status-publish","4":"format-standard","5":"has-post-thumbnail","7":"category-airlines","8":"tag-airline","9":"tag-avianca-2","10":"tag-colombia-2","11":"tag-flights"},"uagb_featured_image_src":{"full":["https:\/\/aviacionaldia.com\/wp-content\/uploads\/2025\/07\/Bogota.webp",800,400,false],"thumbnail":["https:\/\/aviacionaldia.com\/wp-content\/uploads\/2025\/07\/Bogota-150x150.webp",150,150,true],"medium":["https:\/\/aviacionaldia.com\/wp-content\/uploads\/2025\/07\/Bogota-300x150.webp",300,150,true],"medium_large":["https:\/\/aviacionaldia.com\/wp-content\/uploads\/2025\/07\/Bogota-768x384.webp",768,384,true],"large":["https:\/\/aviacionaldia.com\/wp-content\/uploads\/2025\/07\/Bogota.webp",800,400,false],"1536x1536":["https:\/\/aviacionaldia.com\/wp-content\/uploads\/2025\/07\/Bogota.webp",800,400,false],"2048x2048":["https:\/\/aviacionaldia.com\/wp-content\/uploads\/2025\/07\/Bogota.webp",800,400,false],"pk-small":["https:\/\/aviacionaldia.com\/wp-content\/uploads\/2025\/07\/Bogota-80x80.webp",80,80,true],"pk-thumbnail":["https:\/\/aviacionaldia.com\/wp-content\/uploads\/2025\/07\/Bogota-300x225.webp",300,225,true],"csco-small":["https:\/\/aviacionaldia.com\/wp-content\/uploads\/2025\/07\/Bogota-80x80.webp",80,80,true],"csco-intermediate":["https:\/\/aviacionaldia.com\/wp-content\/uploads\/2025\/07\/Bogota-200x140.webp",200,140,true],"csco-thumbnail":["https:\/\/aviacionaldia.com\/wp-content\/uploads\/2025\/07\/Bogota-380x220.webp",380,220,true],"csco-thumbnail-alternative":["https:\/\/aviacionaldia.com\/wp-content\/uploads\/2025\/07\/Bogota-300x180.webp",300,180,true],"csco-thumbnail-uncropped":["https:\/\/aviacionaldia.com\/wp-content\/uploads\/2025\/07\/Bogota-380x190.webp",380,190,true],"csco-medium":["https:\/\/aviacionaldia.com\/wp-content\/uploads\/2025\/07\/Bogota.webp",800,400,false],"csco-medium-alternative":["https:\/\/aviacionaldia.com\/wp-content\/uploads\/2025\/07\/Bogota-560x336.webp",560,336,true],"csco-medium-uncropped":["https:\/\/aviacionaldia.com\/wp-content\/uploads\/2025\/07\/Bogota.webp",800,400,false],"csco-large":["https:\/\/aviacionaldia.com\/wp-content\/uploads\/2025\/07\/Bogota.webp",800,400,false],"csco-large-uncropped":["https:\/\/aviacionaldia.com\/wp-content\/uploads\/2025\/07\/Bogota.webp",800,400,false],"csco-extra-large":["https:\/\/aviacionaldia.com\/wp-content\/uploads\/2025\/07\/Bogota.webp",800,400,false]},"uagb_author_info":{"display_name":"Redacci\u00f3n - Aviaci\u00f3n al D\u00eda","author_link":"https:\/\/aviacionaldia.com\/en\/author\/aad"},"uagb_comment_info":0,"uagb_excerpt":"Avianca, in partnership with the District Institute of Tourism (IDT) and El Dorado Airport, launched the initiative &#8220;Stopover&hellip;","amp_enabled":true,"_links":{"self":[{"href":"https:\/\/aviacionaldia.com\/en\/wp-json\/wp\/v2\/posts\/176779","targetHints":{"allow":["GET"]}}],"collection":[{"href":"https:\/\/aviacionaldia.com\/en\/wp-json\/wp\/v2\/posts"}],"about":[{"href":"https:\/\/aviacionaldia.com\/en\/wp-json\/wp\/v2\/types\/post"}],"author":[{"embeddable":true,"href":"https:\/\/aviacionaldia.com\/en\/wp-json\/wp\/v2\/users\/4316"}],"replies":[{"embeddable":true,"href":"https:\/\/aviacionaldia.com\/en\/wp-json\/wp\/v2\/comments?post=176779"}],"version-history":[{"count":2,"href":"https:\/\/aviacionaldia.com\/en\/wp-json\/wp\/v2\/posts\/176779\/revisions"}],"predecessor-version":[{"id":176787,"href":"https:\/\/aviacionaldia.com\/en\/wp-json\/wp\/v2\/posts\/176779\/revisions\/176787"}],"wp:featuredmedia":[{"embeddable":true,"href":"https:\/\/aviacionaldia.com\/en\/wp-json\/wp\/v2\/media\/176768"}],"wp:attachment":[{"href":"https:\/\/aviacionaldia.com\/en\/wp-json\/wp\/v2\/media?parent=176779"}],"wp:term":[{"taxonomy":"category","embeddable":true,"href":"https:\/\/aviacionaldia.com\/en\/wp-json\/wp\/v2\/categories?post=176779"},{"taxonomy":"post_tag","embeddable":true,"href":"https:\/\/aviacionaldia.com\/en\/wp-json\/wp\/v2\/tags?post=176779"}],"curies":[{"name":"wp","href":"https:\/\/api.w.org\/{rel}","templated":true}]}}