{"id":177847,"date":"2025-08-13T12:30:35","date_gmt":"2025-08-13T12:30:35","guid":{"rendered":"https:\/\/aviacionaldia.com\/?p=177847"},"modified":"2025-08-13T13:35:58","modified_gmt":"2025-08-13T13:35:58","slug":"air-canada-cabin-crew-strike-threatens-to-halt-700-daily-flights","status":"publish","type":"post","link":"https:\/\/aviacionaldia.com\/en\/2025\/08\/air-canada-cabin-crew-strike-threatens-to-halt-700-daily-flights.html","title":{"rendered":"Air Canada: Cabin Crew Strike Threatens to Halt 700 Daily Flights"},"content":{"rendered":"\n<p><strong>Air Canada<\/strong> is facing a labor crisis: more than 10,000 cabin crew members will begin a three-day strike starting Saturday after rejecting an improved offer from the airline and refusing to submit the dispute to binding arbitration.<\/p>\n\n\n\n<p>The union, affiliated with the Canadian Union of Public Employees (CUPE), issued a 72-hour strike notice following eight months of unsuccessful negotiations. In an internal vote, 99.7% of members supported the strike mandate, reflecting widespread dissatisfaction.<\/p>\n\n\n\n<p>&#8220;We have negotiated in good faith and made progress on some issues, but Air Canada has refused to address our core concerns,&#8221; the union stated in a release, emphasizing that talks are ongoing.<\/p>\n\n\n\n<h2 class=\"wp-block-heading\">Rejected Offer: Numbers and Discrepancies<\/h2>\n\n\n\n<p>On Monday, the airline proposed a total compensation increase\u2014including wages, benefits, and bonuses\u2014of 25% in the first year and 38% over four years. This offer surpassed a previous one of 20% and 32.5%, respectively, according to Bloomberg News.<\/p>\n\n\n\n<p>However, the union argues that the actual calculation amounts to a 17.2% increase over four years, &#8220;below inflation, market value, minimum wage, and without compensation for all hours worked.&#8221;<\/p>\n\n\n\n<p>Air Canada accuses the union of submitting a counteroffer with &#8220;exorbitant increases&#8221; and rejecting the proposal to resolve the conflict through independent arbitration. &#8220;The parties remain far apart on key issues,&#8221; the company stated.<\/p>\n\n\n\n<p><strong><em>\u2192 <a href=\"https:\/\/aviacionaldia.com\/en\/2025\/08\/sky-airline-and-air-canada-sign-interline-agreement.html\">SKY Airline and Air Canada Sign Interline Agreement<\/a><\/em><\/strong><\/p>\n\n\n\n<h2 class=\"wp-block-heading\">Operational Impact and Affected Passengers<\/h2>\n\n\n\n<p>The strike would ground approximately 700 daily flights from the main network and Air Canada Rouge, affecting around 130,000 passengers each day. Operations of Air Canada Express, which operates nearly 300 regional flights and is managed by third parties, would not be impacted.<\/p>\n\n\n\n<h2 class=\"wp-block-heading\">Core Issue: Pay for Hours Worked<\/h2>\n\n\n\n<p>One of the main demands is for flight attendants to receive 100% of their pay for all hours worked, including time on the ground. Currently, as is common in much of the industry, pay only begins when the aircraft starts moving, leaving tasks like boarding uncompensated.<\/p>\n\n\n\n<p>In the U.S., union pressure has begun to change this model: in 2022, Delta Air Lines became the first U.S. airline to pay its cabin crew during boarding, and recently, United Airlines&#8217; flight attendants rejected a contract that included cumulative raises of 45.6% over five years and payment for that phase.<\/p>\n\n\n\n<h2 class=\"wp-block-heading\">Next Steps<\/h2>\n\n\n\n<p>The collective agreement, which had been in place for 10 years, expired at the end of March, and negotiations have stretched on for months. The union announced it will issue another update Wednesday evening, as uncertainty grows over whether last-minute mediation can avert the strike.<\/p>\n\n\n\n<p>The dispute is shaping up to be one of the most significant in recent Canadian aviation history, both in terms of the volume of affected flights and the magnitude of internal support for the strike.<\/p>\n\n\n\n<h2 class=\"wp-block-heading\" id=\"related-topics\">Related Topics<\/h2>\n\n\n\n\t\t\t<div class=\"wp-block-uagb-post-grid uagb-post-grid  uagb-post__image-position-top uagb-post__image-enabled uagb-block-815d8787     uagb-post__items uagb-post__columns-2 is-grid uagb-post__columns-tablet-2 uagb-post__columns-mobile-1 uagb-post__equal-height\" data-total=\"417\" style=\"\">\n\n\t\t\t\t\t\t\t\t\t\t\t\t<article class=\"uagb-post__inner-wrap\">\t\t\t\t\t\t\t\t<div class='uagb-post__image'>\n\t\t\t\t\t\t\t\t\t<a href=\"https:\/\/aviacionaldia.com\/en\/2026\/04\/alta-maps-out-roadmap-to-net-zero-challenges-and-opportunities-for-aviation-in-latin-america-and-the-caribbean.html\" target=\"_self\" rel=\"bookmark noopener noreferrer\" class='uagb-image-ratio-inherit'><img decoding=\"async\" width=\"800\" height=\"400\" src=\"https:\/\/aviacionaldia.com\/wp-content\/uploads\/2026\/04\/Avion-Emisiones.webp\" class=\"attachment-large size-large\" alt=\"\" srcset=\"https:\/\/aviacionaldia.com\/wp-content\/uploads\/2026\/04\/Avion-Emisiones.webp 800w, https:\/\/aviacionaldia.com\/wp-content\/uploads\/2026\/04\/Avion-Emisiones-300x150.webp 300w, https:\/\/aviacionaldia.com\/wp-content\/uploads\/2026\/04\/Avion-Emisiones-768x384.webp 768w, https:\/\/aviacionaldia.com\/wp-content\/uploads\/2026\/04\/Avion-Emisiones-380x190.webp 380w\" sizes=\"(max-width: 800px) 100vw, 800px\" \/>\t\t\t\t\t<\/a>\n\t\t\t\t\t\t\t<\/div>\n\t\t\t\t\t\t<h4 class=\"uagb-post__title uagb-post__text\">\n\t\t\t\t<a href=\"https:\/\/aviacionaldia.com\/en\/2026\/04\/alta-maps-out-roadmap-to-net-zero-challenges-and-opportunities-for-aviation-in-latin-america-and-the-caribbean.html\" target=\"_self\" rel=\"bookmark noopener noreferrer\">ALTA Maps Out Roadmap to Net Zero: Challenges and Opportunities for Aviation in Latin America and the Caribbean<\/a>\n\t\t\t<\/h4>\n\t\t\t\t\t\t<div class='uagb-post__text uagb-post-grid-byline'>\n\t\t\t\t\t\t\t<\/div>\n\t\t\t\t\t\t<div class=\"uagb-post__text uagb-post__cta wp-block-button\">\n\t\t\t\t<a class=\"wp-block-button__link uagb-text-link\" style=\"\" href=\"https:\/\/aviacionaldia.com\/en\/2026\/04\/alta-maps-out-roadmap-to-net-zero-challenges-and-opportunities-for-aviation-in-latin-america-and-the-caribbean.html\" target=\"_self\" rel=\"bookmark noopener noreferrer\">Read More<\/a>\n\t\t\t<\/div>\n\t\t\t\n\t\t\t\t\t\t\t\t\t<\/article>\n\t\t\t\t\t\t\t\t\t\t\t\t\t\t\t\t<article class=\"uagb-post__inner-wrap\">\t\t\t\t\t\t\t\t<div class='uagb-post__image'>\n\t\t\t\t\t\t\t\t\t<a href=\"https:\/\/aviacionaldia.com\/en\/2026\/04\/air-traffic-in-latin-america-and-the-caribbean-grows-6-6-in-february.html\" target=\"_self\" rel=\"bookmark noopener noreferrer\" class='uagb-image-ratio-inherit'><img decoding=\"async\" width=\"800\" height=\"400\" src=\"https:\/\/aviacionaldia.com\/wp-content\/uploads\/2021\/11\/Pasajeros-de-avion.jpg\" class=\"attachment-large size-large\" alt=\"\" srcset=\"https:\/\/aviacionaldia.com\/wp-content\/uploads\/2021\/11\/Pasajeros-de-avion.jpg 800w, https:\/\/aviacionaldia.com\/wp-content\/uploads\/2021\/11\/Pasajeros-de-avion-300x150.jpg 300w, https:\/\/aviacionaldia.com\/wp-content\/uploads\/2021\/11\/Pasajeros-de-avion-768x384.jpg 768w, https:\/\/aviacionaldia.com\/wp-content\/uploads\/2021\/11\/Pasajeros-de-avion-380x190.jpg 380w\" sizes=\"(max-width: 800px) 100vw, 800px\" \/>\t\t\t\t\t<\/a>\n\t\t\t\t\t\t\t<\/div>\n\t\t\t\t\t\t<h4 class=\"uagb-post__title uagb-post__text\">\n\t\t\t\t<a href=\"https:\/\/aviacionaldia.com\/en\/2026\/04\/air-traffic-in-latin-america-and-the-caribbean-grows-6-6-in-february.html\" target=\"_self\" rel=\"bookmark noopener noreferrer\">Air Traffic in Latin America and the Caribbean Grows 6.6% in February<\/a>\n\t\t\t<\/h4>\n\t\t\t\t\t\t<div class='uagb-post__text uagb-post-grid-byline'>\n\t\t\t\t\t\t\t<\/div>\n\t\t\t\t\t\t<div class=\"uagb-post__text uagb-post__cta wp-block-button\">\n\t\t\t\t<a class=\"wp-block-button__link uagb-text-link\" style=\"\" href=\"https:\/\/aviacionaldia.com\/en\/2026\/04\/air-traffic-in-latin-america-and-the-caribbean-grows-6-6-in-february.html\" target=\"_self\" rel=\"bookmark noopener noreferrer\">Read More<\/a>\n\t\t\t<\/div>\n\t\t\t\n\t\t\t\t\t\t\t\t\t<\/article>\n\t\t\t\t\t\t\t\t\t\t\t\t\t\t\t\t<article class=\"uagb-post__inner-wrap\">\t\t\t\t\t\t\t\t<div class='uagb-post__image'>\n\t\t\t\t\t\t\t\t\t<a href=\"https:\/\/aviacionaldia.com\/en\/2026\/04\/latam-airlines-to-become-south-americas-first-to-offer-lie-flat-seats-on-airbus-a321xlr.html\" target=\"_self\" rel=\"bookmark noopener noreferrer\" class='uagb-image-ratio-inherit'><img decoding=\"async\" width=\"800\" height=\"400\" src=\"https:\/\/aviacionaldia.com\/wp-content\/uploads\/2026\/04\/Latam-Asientos-_Lie-Flat_-en-el-Airbus-A321XLR.webp\" class=\"attachment-large size-large\" alt=\"\" srcset=\"https:\/\/aviacionaldia.com\/wp-content\/uploads\/2026\/04\/Latam-Asientos-_Lie-Flat_-en-el-Airbus-A321XLR.webp 800w, https:\/\/aviacionaldia.com\/wp-content\/uploads\/2026\/04\/Latam-Asientos-_Lie-Flat_-en-el-Airbus-A321XLR-300x150.webp 300w, https:\/\/aviacionaldia.com\/wp-content\/uploads\/2026\/04\/Latam-Asientos-_Lie-Flat_-en-el-Airbus-A321XLR-768x384.webp 768w, https:\/\/aviacionaldia.com\/wp-content\/uploads\/2026\/04\/Latam-Asientos-_Lie-Flat_-en-el-Airbus-A321XLR-380x190.webp 380w\" sizes=\"(max-width: 800px) 100vw, 800px\" \/>\t\t\t\t\t<\/a>\n\t\t\t\t\t\t\t<\/div>\n\t\t\t\t\t\t<h4 class=\"uagb-post__title uagb-post__text\">\n\t\t\t\t<a href=\"https:\/\/aviacionaldia.com\/en\/2026\/04\/latam-airlines-to-become-south-americas-first-to-offer-lie-flat-seats-on-airbus-a321xlr.html\" target=\"_self\" rel=\"bookmark noopener noreferrer\">LATAM Airlines to Become South America&#8217;s First to Offer &#8220;Lie-Flat&#8221; Seats on Airbus A321XLR<\/a>\n\t\t\t<\/h4>\n\t\t\t\t\t\t<div class='uagb-post__text uagb-post-grid-byline'>\n\t\t\t\t\t\t\t<\/div>\n\t\t\t\t\t\t<div class=\"uagb-post__text uagb-post__cta wp-block-button\">\n\t\t\t\t<a class=\"wp-block-button__link uagb-text-link\" style=\"\" href=\"https:\/\/aviacionaldia.com\/en\/2026\/04\/latam-airlines-to-become-south-americas-first-to-offer-lie-flat-seats-on-airbus-a321xlr.html\" target=\"_self\" rel=\"bookmark noopener noreferrer\">Read More<\/a>\n\t\t\t<\/div>\n\t\t\t\n\t\t\t\t\t\t\t\t\t<\/article>\n\t\t\t\t\t\t\t\t\t\t\t\t\t\t\t\t<article class=\"uagb-post__inner-wrap\">\t\t\t\t\t\t\t\t<div class='uagb-post__image'>\n\t\t\t\t\t\t\t\t\t<a href=\"https:\/\/aviacionaldia.com\/en\/2026\/04\/jetsmart-launches-all-you-can-fly-annual-membership-for-unlimited-flights-across-south-america.html\" target=\"_self\" rel=\"bookmark noopener noreferrer\" class='uagb-image-ratio-inherit'><img decoding=\"async\" width=\"800\" height=\"400\" src=\"https:\/\/aviacionaldia.com\/wp-content\/uploads\/2026\/04\/JetSmart-All-You-Can-Fly.webp\" class=\"attachment-large size-large\" alt=\"\" srcset=\"https:\/\/aviacionaldia.com\/wp-content\/uploads\/2026\/04\/JetSmart-All-You-Can-Fly.webp 800w, https:\/\/aviacionaldia.com\/wp-content\/uploads\/2026\/04\/JetSmart-All-You-Can-Fly-300x150.webp 300w, https:\/\/aviacionaldia.com\/wp-content\/uploads\/2026\/04\/JetSmart-All-You-Can-Fly-768x384.webp 768w, https:\/\/aviacionaldia.com\/wp-content\/uploads\/2026\/04\/JetSmart-All-You-Can-Fly-380x190.webp 380w\" sizes=\"(max-width: 800px) 100vw, 800px\" \/>\t\t\t\t\t<\/a>\n\t\t\t\t\t\t\t<\/div>\n\t\t\t\t\t\t<h4 class=\"uagb-post__title uagb-post__text\">\n\t\t\t\t<a href=\"https:\/\/aviacionaldia.com\/en\/2026\/04\/jetsmart-launches-all-you-can-fly-annual-membership-for-unlimited-flights-across-south-america.html\" target=\"_self\" rel=\"bookmark noopener noreferrer\">JetSmart Launches &#8220;All You Can Fly&#8221;: Annual Membership for Unlimited Flights Across South America<\/a>\n\t\t\t<\/h4>\n\t\t\t\t\t\t<div class='uagb-post__text uagb-post-grid-byline'>\n\t\t\t\t\t\t\t<\/div>\n\t\t\t\t\t\t<div class=\"uagb-post__text uagb-post__cta wp-block-button\">\n\t\t\t\t<a class=\"wp-block-button__link uagb-text-link\" style=\"\" href=\"https:\/\/aviacionaldia.com\/en\/2026\/04\/jetsmart-launches-all-you-can-fly-annual-membership-for-unlimited-flights-across-south-america.html\" target=\"_self\" rel=\"bookmark noopener noreferrer\">Read More<\/a>\n\t\t\t<\/div>\n\t\t\t\n\t\t\t\t\t\t\t\t\t<\/article>\n\t\t\t\t\t\t\t\t\t\t\t<\/div>\n\t\t\t","protected":false},"excerpt":{"rendered":"Air Canada is facing a labor crisis: more than 10,000 cabin crew members will begin a three-day strike&hellip;\n","protected":false},"author":4316,"featured_media":172818,"comment_status":"open","ping_status":"closed","sticky":false,"template":"","format":"standard","meta":{"_uag_custom_page_level_css":"","footnotes":""},"categories":[1],"tags":[489,230,246],"class_list":{"0":"post-177847","1":"post","2":"type-post","3":"status-publish","4":"format-standard","5":"has-post-thumbnail","7":"category-airlines","8":"tag-air-canada-2","9":"tag-airline","10":"tag-canada"},"uagb_featured_image_src":{"full":["https:\/\/aviacionaldia.com\/wp-content\/uploads\/2025\/03\/Air-Canada-Boeing-737-MAX.webp",800,400,false],"thumbnail":["https:\/\/aviacionaldia.com\/wp-content\/uploads\/2025\/03\/Air-Canada-Boeing-737-MAX-150x150.webp",150,150,true],"medium":["https:\/\/aviacionaldia.com\/wp-content\/uploads\/2025\/03\/Air-Canada-Boeing-737-MAX-300x150.webp",300,150,true],"medium_large":["https:\/\/aviacionaldia.com\/wp-content\/uploads\/2025\/03\/Air-Canada-Boeing-737-MAX-768x384.webp",768,384,true],"large":["https:\/\/aviacionaldia.com\/wp-content\/uploads\/2025\/03\/Air-Canada-Boeing-737-MAX.webp",800,400,false],"1536x1536":["https:\/\/aviacionaldia.com\/wp-content\/uploads\/2025\/03\/Air-Canada-Boeing-737-MAX.webp",800,400,false],"2048x2048":["https:\/\/aviacionaldia.com\/wp-content\/uploads\/2025\/03\/Air-Canada-Boeing-737-MAX.webp",800,400,false],"pk-small":["https:\/\/aviacionaldia.com\/wp-content\/uploads\/2025\/03\/Air-Canada-Boeing-737-MAX.webp",80,40,false],"pk-thumbnail":["https:\/\/aviacionaldia.com\/wp-content\/uploads\/2025\/03\/Air-Canada-Boeing-737-MAX.webp",300,150,false],"csco-small":["https:\/\/aviacionaldia.com\/wp-content\/uploads\/2025\/03\/Air-Canada-Boeing-737-MAX-80x80.webp",80,80,true],"csco-intermediate":["https:\/\/aviacionaldia.com\/wp-content\/uploads\/2025\/03\/Air-Canada-Boeing-737-MAX-200x140.webp",200,140,true],"csco-thumbnail":["https:\/\/aviacionaldia.com\/wp-content\/uploads\/2025\/03\/Air-Canada-Boeing-737-MAX-380x220.webp",380,220,true],"csco-thumbnail-alternative":["https:\/\/aviacionaldia.com\/wp-content\/uploads\/2025\/03\/Air-Canada-Boeing-737-MAX-300x180.webp",300,180,true],"csco-thumbnail-uncropped":["https:\/\/aviacionaldia.com\/wp-content\/uploads\/2025\/03\/Air-Canada-Boeing-737-MAX-380x190.webp",380,190,true],"csco-medium":["https:\/\/aviacionaldia.com\/wp-content\/uploads\/2025\/03\/Air-Canada-Boeing-737-MAX.webp",800,400,false],"csco-medium-alternative":["https:\/\/aviacionaldia.com\/wp-content\/uploads\/2025\/03\/Air-Canada-Boeing-737-MAX-560x336.webp",560,336,true],"csco-medium-uncropped":["https:\/\/aviacionaldia.com\/wp-content\/uploads\/2025\/03\/Air-Canada-Boeing-737-MAX.webp",800,400,false],"csco-large":["https:\/\/aviacionaldia.com\/wp-content\/uploads\/2025\/03\/Air-Canada-Boeing-737-MAX.webp",800,400,false],"csco-large-uncropped":["https:\/\/aviacionaldia.com\/wp-content\/uploads\/2025\/03\/Air-Canada-Boeing-737-MAX.webp",800,400,false],"csco-extra-large":["https:\/\/aviacionaldia.com\/wp-content\/uploads\/2025\/03\/Air-Canada-Boeing-737-MAX.webp",800,400,false]},"uagb_author_info":{"display_name":"Redacci\u00f3n - Aviaci\u00f3n al D\u00eda","author_link":"https:\/\/aviacionaldia.com\/en\/author\/aad"},"uagb_comment_info":0,"uagb_excerpt":"Air Canada is facing a labor crisis: more than 10,000 cabin crew members will begin a three-day strike&hellip;","amp_enabled":true,"_links":{"self":[{"href":"https:\/\/aviacionaldia.com\/en\/wp-json\/wp\/v2\/posts\/177847","targetHints":{"allow":["GET"]}}],"collection":[{"href":"https:\/\/aviacionaldia.com\/en\/wp-json\/wp\/v2\/posts"}],"about":[{"href":"https:\/\/aviacionaldia.com\/en\/wp-json\/wp\/v2\/types\/post"}],"author":[{"embeddable":true,"href":"https:\/\/aviacionaldia.com\/en\/wp-json\/wp\/v2\/users\/4316"}],"replies":[{"embeddable":true,"href":"https:\/\/aviacionaldia.com\/en\/wp-json\/wp\/v2\/comments?post=177847"}],"version-history":[{"count":1,"href":"https:\/\/aviacionaldia.com\/en\/wp-json\/wp\/v2\/posts\/177847\/revisions"}],"predecessor-version":[{"id":177848,"href":"https:\/\/aviacionaldia.com\/en\/wp-json\/wp\/v2\/posts\/177847\/revisions\/177848"}],"wp:featuredmedia":[{"embeddable":true,"href":"https:\/\/aviacionaldia.com\/en\/wp-json\/wp\/v2\/media\/172818"}],"wp:attachment":[{"href":"https:\/\/aviacionaldia.com\/en\/wp-json\/wp\/v2\/media?parent=177847"}],"wp:term":[{"taxonomy":"category","embeddable":true,"href":"https:\/\/aviacionaldia.com\/en\/wp-json\/wp\/v2\/categories?post=177847"},{"taxonomy":"post_tag","embeddable":true,"href":"https:\/\/aviacionaldia.com\/en\/wp-json\/wp\/v2\/tags?post=177847"}],"curies":[{"name":"wp","href":"https:\/\/api.w.org\/{rel}","templated":true}]}}