{"id":178222,"date":"2025-08-26T12:00:49","date_gmt":"2025-08-26T12:00:49","guid":{"rendered":"https:\/\/aviacionaldia.com\/?p=178222"},"modified":"2025-08-26T15:08:06","modified_gmt":"2025-08-26T15:08:06","slug":"satena-confirms-continuation-of-its-direct-route-between-bogota-and-valencia-venezuela","status":"publish","type":"post","link":"https:\/\/aviacionaldia.com\/en\/2025\/08\/satena-confirms-continuation-of-its-direct-route-between-bogota-and-valencia-venezuela.html","title":{"rendered":"Satena Confirms Continuation of Its Direct Route Between Bogot\u00e1 and Valencia, Venezuela"},"content":{"rendered":"\n<p>After uncertainty arose regarding the alleged suspension of flights as of August 30, Colombian state airline<strong> Satena <\/strong>confirmed that it will maintain its non-stop route between <strong>Bogot\u00e1 and Valencia, Venezuela.<\/strong><\/p>\n\n\n\n<p>The sale of tickets on its website had only been available until that date, fueling rumors of a possible end to the operation. However, the company clarified that the connection will remain in service.<\/p>\n\n\n\n<h2 class=\"wp-block-heading\">Two Weekly Frequencies Guaranteed<\/h2>\n\n\n\n<p>The route will continue with two weekly frequencies, operated using Embraer ERJ-145 aircraft with a capacity of 50 passengers.<\/p>\n\n\n\n<p><strong><em>\u2192 <a href=\"https:\/\/aviacionaldia.com\/en\/2025\/08\/how-bogotas-el-dorado-became-latin-americas-busiest-airport-surpassing-mexico-city-and-sao-paulo.html\">How Bogot\u00e1\u2019s El Dorado Became Latin America\u2019s Busiest Airport, Surpassing Mexico City and S\u00e3o Paulo<\/a><\/em><\/strong><\/p>\n\n\n\n<p>The schedules will remain unchanged:<\/p>\n\n\n\n<ul class=\"wp-block-list\">\n<li><strong>From Bogot\u00e1:<\/strong> Tuesdays at 05:59 and Fridays at 05:50.<\/li>\n<\/ul>\n\n\n\n<ul class=\"wp-block-list\">\n<li><strong>From Valencia:<\/strong> Tuesdays at 09:45 and Fridays at 09:31.<\/li>\n<\/ul>\n\n\n\n<p>The continuity of this route ensures transport options for passengers and supports the bilateral relationship between both countries at a time when the regional air market seeks stability and growth.<\/p>\n\n\n\n<h2 class=\"wp-block-heading\" id=\"related-topics\">Related Topics<\/h2>\n\n\n\n\t\t\t<div class=\"wp-block-uagb-post-grid uagb-post-grid  uagb-post__image-position-top uagb-post__image-enabled uagb-block-815d8787     uagb-post__items uagb-post__columns-2 is-grid uagb-post__columns-tablet-2 uagb-post__columns-mobile-1 uagb-post__equal-height\" data-total=\"471\" style=\"\">\n\n\t\t\t\t\t\t\t\t\t\t\t\t<article class=\"uagb-post__inner-wrap\">\t\t\t\t\t\t\t\t<div class='uagb-post__image'>\n\t\t\t\t\t\t\t\t\t<a href=\"https:\/\/aviacionaldia.com\/en\/2026\/05\/spirit-airlines-ceases-operations.html\" target=\"_self\" rel=\"bookmark noopener noreferrer\" class='uagb-image-ratio-inherit'><img decoding=\"async\" width=\"800\" height=\"400\" src=\"https:\/\/aviacionaldia.com\/wp-content\/uploads\/2026\/05\/Spirit-Airlines-Suspende-sus-operaciones.webp\" class=\"attachment-large size-large\" alt=\"\" srcset=\"https:\/\/aviacionaldia.com\/wp-content\/uploads\/2026\/05\/Spirit-Airlines-Suspende-sus-operaciones.webp 800w, https:\/\/aviacionaldia.com\/wp-content\/uploads\/2026\/05\/Spirit-Airlines-Suspende-sus-operaciones-300x150.webp 300w, https:\/\/aviacionaldia.com\/wp-content\/uploads\/2026\/05\/Spirit-Airlines-Suspende-sus-operaciones-768x384.webp 768w, https:\/\/aviacionaldia.com\/wp-content\/uploads\/2026\/05\/Spirit-Airlines-Suspende-sus-operaciones-380x190.webp 380w\" sizes=\"(max-width: 800px) 100vw, 800px\" \/>\t\t\t\t\t<\/a>\n\t\t\t\t\t\t\t<\/div>\n\t\t\t\t\t\t<h4 class=\"uagb-post__title uagb-post__text\">\n\t\t\t\t<a href=\"https:\/\/aviacionaldia.com\/en\/2026\/05\/spirit-airlines-ceases-operations.html\" target=\"_self\" rel=\"bookmark noopener noreferrer\">Spirit Airlines Ceases Operations<\/a>\n\t\t\t<\/h4>\n\t\t\t\t\t\t<div class='uagb-post__text uagb-post-grid-byline'>\n\t\t\t\t\t\t\t<\/div>\n\t\t\t\t\t\t<div class=\"uagb-post__text uagb-post__cta wp-block-button\">\n\t\t\t\t<a class=\"wp-block-button__link uagb-text-link\" style=\"\" href=\"https:\/\/aviacionaldia.com\/en\/2026\/05\/spirit-airlines-ceases-operations.html\" target=\"_self\" rel=\"bookmark noopener noreferrer\">Read More<\/a>\n\t\t\t<\/div>\n\t\t\t\n\t\t\t\t\t\t\t\t\t<\/article>\n\t\t\t\t\t\t\t\t\t\t\t\t\t\t\t\t<article class=\"uagb-post__inner-wrap\">\t\t\t\t\t\t\t\t<div class='uagb-post__image'>\n\t\t\t\t\t\t\t\t\t<a href=\"https:\/\/aviacionaldia.com\/en\/2026\/05\/laser-airlines-resumes-caracas-miami-route-through-strategic-alliance-with-global-x.html\" target=\"_self\" rel=\"bookmark noopener noreferrer\" class='uagb-image-ratio-inherit'><img decoding=\"async\" width=\"800\" height=\"400\" src=\"https:\/\/aviacionaldia.com\/wp-content\/uploads\/2026\/05\/Global-X-Airbus-A320.webp\" class=\"attachment-large size-large\" alt=\"\" srcset=\"https:\/\/aviacionaldia.com\/wp-content\/uploads\/2026\/05\/Global-X-Airbus-A320.webp 800w, https:\/\/aviacionaldia.com\/wp-content\/uploads\/2026\/05\/Global-X-Airbus-A320-300x150.webp 300w, https:\/\/aviacionaldia.com\/wp-content\/uploads\/2026\/05\/Global-X-Airbus-A320-768x384.webp 768w, https:\/\/aviacionaldia.com\/wp-content\/uploads\/2026\/05\/Global-X-Airbus-A320-380x190.webp 380w\" sizes=\"(max-width: 800px) 100vw, 800px\" \/>\t\t\t\t\t<\/a>\n\t\t\t\t\t\t\t<\/div>\n\t\t\t\t\t\t<h4 class=\"uagb-post__title uagb-post__text\">\n\t\t\t\t<a href=\"https:\/\/aviacionaldia.com\/en\/2026\/05\/laser-airlines-resumes-caracas-miami-route-through-strategic-alliance-with-global-x.html\" target=\"_self\" rel=\"bookmark noopener noreferrer\">Laser Airlines Resumes Caracas-Miami Route Through Strategic Alliance with Global X<\/a>\n\t\t\t<\/h4>\n\t\t\t\t\t\t<div class='uagb-post__text uagb-post-grid-byline'>\n\t\t\t\t\t\t\t<\/div>\n\t\t\t\t\t\t<div class=\"uagb-post__text uagb-post__cta wp-block-button\">\n\t\t\t\t<a class=\"wp-block-button__link uagb-text-link\" style=\"\" href=\"https:\/\/aviacionaldia.com\/en\/2026\/05\/laser-airlines-resumes-caracas-miami-route-through-strategic-alliance-with-global-x.html\" target=\"_self\" rel=\"bookmark noopener noreferrer\">Read More<\/a>\n\t\t\t<\/div>\n\t\t\t\n\t\t\t\t\t\t\t\t\t<\/article>\n\t\t\t\t\t\t\t\t\t\t\t\t\t\t\t\t<article class=\"uagb-post__inner-wrap\">\t\t\t\t\t\t\t\t<div class='uagb-post__image'>\n\t\t\t\t\t\t\t\t\t<a href=\"https:\/\/aviacionaldia.com\/en\/2026\/05\/spirit-airlines-at-brink-white-house-submits-final-rescue-proposal-to-avert-shutdown.html\" target=\"_self\" rel=\"bookmark noopener noreferrer\" class='uagb-image-ratio-inherit'><img decoding=\"async\" width=\"800\" height=\"400\" src=\"https:\/\/aviacionaldia.com\/wp-content\/uploads\/2025\/12\/Spirit-Airlines-Aviones.webp\" class=\"attachment-large size-large\" alt=\"\" srcset=\"https:\/\/aviacionaldia.com\/wp-content\/uploads\/2025\/12\/Spirit-Airlines-Aviones.webp 800w, https:\/\/aviacionaldia.com\/wp-content\/uploads\/2025\/12\/Spirit-Airlines-Aviones-300x150.webp 300w, https:\/\/aviacionaldia.com\/wp-content\/uploads\/2025\/12\/Spirit-Airlines-Aviones-768x384.webp 768w, https:\/\/aviacionaldia.com\/wp-content\/uploads\/2025\/12\/Spirit-Airlines-Aviones-380x190.webp 380w\" sizes=\"(max-width: 800px) 100vw, 800px\" \/>\t\t\t\t\t<\/a>\n\t\t\t\t\t\t\t<\/div>\n\t\t\t\t\t\t<h4 class=\"uagb-post__title uagb-post__text\">\n\t\t\t\t<a href=\"https:\/\/aviacionaldia.com\/en\/2026\/05\/spirit-airlines-at-brink-white-house-submits-final-rescue-proposal-to-avert-shutdown.html\" target=\"_self\" rel=\"bookmark noopener noreferrer\">Spirit Airlines at Brink: White House Submits Final Rescue Proposal to Avert Shutdown<\/a>\n\t\t\t<\/h4>\n\t\t\t\t\t\t<div class='uagb-post__text uagb-post-grid-byline'>\n\t\t\t\t\t\t\t<\/div>\n\t\t\t\t\t\t<div class=\"uagb-post__text uagb-post__cta wp-block-button\">\n\t\t\t\t<a class=\"wp-block-button__link uagb-text-link\" style=\"\" href=\"https:\/\/aviacionaldia.com\/en\/2026\/05\/spirit-airlines-at-brink-white-house-submits-final-rescue-proposal-to-avert-shutdown.html\" target=\"_self\" rel=\"bookmark noopener noreferrer\">Read More<\/a>\n\t\t\t<\/div>\n\t\t\t\n\t\t\t\t\t\t\t\t\t<\/article>\n\t\t\t\t\t\t\t\t\t\t\t\t\t\t\t\t<article class=\"uagb-post__inner-wrap\">\t\t\t\t\t\t\t\t<div class='uagb-post__image'>\n\t\t\t\t\t\t\t\t\t<a href=\"https:\/\/aviacionaldia.com\/en\/2026\/05\/united-airlines-bolsters-in-flight-entertainment-with-exclusive-peacock-channel-launch.html\" target=\"_self\" rel=\"bookmark noopener noreferrer\" class='uagb-image-ratio-inherit'><img decoding=\"async\" width=\"800\" height=\"400\" src=\"https:\/\/aviacionaldia.com\/wp-content\/uploads\/2026\/05\/United-Airlines-canal-exclusivo-de-Peacock.webp\" class=\"attachment-large size-large\" alt=\"\" srcset=\"https:\/\/aviacionaldia.com\/wp-content\/uploads\/2026\/05\/United-Airlines-canal-exclusivo-de-Peacock.webp 800w, https:\/\/aviacionaldia.com\/wp-content\/uploads\/2026\/05\/United-Airlines-canal-exclusivo-de-Peacock-300x150.webp 300w, https:\/\/aviacionaldia.com\/wp-content\/uploads\/2026\/05\/United-Airlines-canal-exclusivo-de-Peacock-768x384.webp 768w, https:\/\/aviacionaldia.com\/wp-content\/uploads\/2026\/05\/United-Airlines-canal-exclusivo-de-Peacock-380x190.webp 380w\" sizes=\"(max-width: 800px) 100vw, 800px\" \/>\t\t\t\t\t<\/a>\n\t\t\t\t\t\t\t<\/div>\n\t\t\t\t\t\t<h4 class=\"uagb-post__title uagb-post__text\">\n\t\t\t\t<a href=\"https:\/\/aviacionaldia.com\/en\/2026\/05\/united-airlines-bolsters-in-flight-entertainment-with-exclusive-peacock-channel-launch.html\" target=\"_self\" rel=\"bookmark noopener noreferrer\">United Airlines Bolsters In-Flight Entertainment with Exclusive Peacock Channel Launch<\/a>\n\t\t\t<\/h4>\n\t\t\t\t\t\t<div class='uagb-post__text uagb-post-grid-byline'>\n\t\t\t\t\t\t\t<\/div>\n\t\t\t\t\t\t<div class=\"uagb-post__text uagb-post__cta wp-block-button\">\n\t\t\t\t<a class=\"wp-block-button__link uagb-text-link\" style=\"\" href=\"https:\/\/aviacionaldia.com\/en\/2026\/05\/united-airlines-bolsters-in-flight-entertainment-with-exclusive-peacock-channel-launch.html\" target=\"_self\" rel=\"bookmark noopener noreferrer\">Read More<\/a>\n\t\t\t<\/div>\n\t\t\t\n\t\t\t\t\t\t\t\t\t<\/article>\n\t\t\t\t\t\t\t\t\t\t\t<\/div>\n\t\t\t","protected":false},"excerpt":{"rendered":"After uncertainty arose regarding the alleged suspension of flights as of August 30, Colombian state airline Satena confirmed&hellip;\n","protected":false},"author":4316,"featured_media":131708,"comment_status":"open","ping_status":"closed","sticky":false,"template":"","format":"standard","meta":{"_uag_custom_page_level_css":"","footnotes":""},"categories":[1],"tags":[230,196,198,211,898,278],"class_list":{"0":"post-178222","1":"post","2":"type-post","3":"status-publish","4":"format-standard","5":"has-post-thumbnail","7":"category-airlines","8":"tag-airline","9":"tag-colombia-2","10":"tag-flights","11":"tag-latin-america","12":"tag-satena-2","13":"tag-venezuela-2"},"uagb_featured_image_src":{"full":["https:\/\/aviacionaldia.com\/wp-content\/uploads\/2022\/09\/Satena-Embraer-ERJ-145.jpg",800,400,false],"thumbnail":["https:\/\/aviacionaldia.com\/wp-content\/uploads\/2022\/09\/Satena-Embraer-ERJ-145-150x150.jpg",150,150,true],"medium":["https:\/\/aviacionaldia.com\/wp-content\/uploads\/2022\/09\/Satena-Embraer-ERJ-145-300x150.jpg",300,150,true],"medium_large":["https:\/\/aviacionaldia.com\/wp-content\/uploads\/2022\/09\/Satena-Embraer-ERJ-145-768x384.jpg",768,384,true],"large":["https:\/\/aviacionaldia.com\/wp-content\/uploads\/2022\/09\/Satena-Embraer-ERJ-145.jpg",800,400,false],"1536x1536":["https:\/\/aviacionaldia.com\/wp-content\/uploads\/2022\/09\/Satena-Embraer-ERJ-145.jpg",800,400,false],"2048x2048":["https:\/\/aviacionaldia.com\/wp-content\/uploads\/2022\/09\/Satena-Embraer-ERJ-145.jpg",800,400,false],"pk-small":["https:\/\/aviacionaldia.com\/wp-content\/uploads\/2022\/09\/Satena-Embraer-ERJ-145.jpg",80,40,false],"pk-thumbnail":["https:\/\/aviacionaldia.com\/wp-content\/uploads\/2022\/09\/Satena-Embraer-ERJ-145.jpg",300,150,false],"csco-small":["https:\/\/aviacionaldia.com\/wp-content\/uploads\/2022\/09\/Satena-Embraer-ERJ-145-80x80.jpg",80,80,true],"csco-intermediate":["https:\/\/aviacionaldia.com\/wp-content\/uploads\/2022\/09\/Satena-Embraer-ERJ-145-200x140.jpg",200,140,true],"csco-thumbnail":["https:\/\/aviacionaldia.com\/wp-content\/uploads\/2022\/09\/Satena-Embraer-ERJ-145-380x220.jpg",380,220,true],"csco-thumbnail-alternative":["https:\/\/aviacionaldia.com\/wp-content\/uploads\/2022\/09\/Satena-Embraer-ERJ-145-300x180.jpg",300,180,true],"csco-thumbnail-uncropped":["https:\/\/aviacionaldia.com\/wp-content\/uploads\/2022\/09\/Satena-Embraer-ERJ-145-380x190.jpg",380,190,true],"csco-medium":["https:\/\/aviacionaldia.com\/wp-content\/uploads\/2022\/09\/Satena-Embraer-ERJ-145.jpg",800,400,false],"csco-medium-alternative":["https:\/\/aviacionaldia.com\/wp-content\/uploads\/2022\/09\/Satena-Embraer-ERJ-145-560x336.jpg",560,336,true],"csco-medium-uncropped":["https:\/\/aviacionaldia.com\/wp-content\/uploads\/2022\/09\/Satena-Embraer-ERJ-145.jpg",800,400,false],"csco-large":["https:\/\/aviacionaldia.com\/wp-content\/uploads\/2022\/09\/Satena-Embraer-ERJ-145.jpg",800,400,false],"csco-large-uncropped":["https:\/\/aviacionaldia.com\/wp-content\/uploads\/2022\/09\/Satena-Embraer-ERJ-145.jpg",800,400,false],"csco-extra-large":["https:\/\/aviacionaldia.com\/wp-content\/uploads\/2022\/09\/Satena-Embraer-ERJ-145.jpg",800,400,false]},"uagb_author_info":{"display_name":"Redacci\u00f3n - Aviaci\u00f3n al D\u00eda","author_link":"https:\/\/aviacionaldia.com\/en\/author\/aad"},"uagb_comment_info":0,"uagb_excerpt":"After uncertainty arose regarding the alleged suspension of flights as of August 30, Colombian state airline Satena confirmed&hellip;","amp_enabled":true,"_links":{"self":[{"href":"https:\/\/aviacionaldia.com\/en\/wp-json\/wp\/v2\/posts\/178222","targetHints":{"allow":["GET"]}}],"collection":[{"href":"https:\/\/aviacionaldia.com\/en\/wp-json\/wp\/v2\/posts"}],"about":[{"href":"https:\/\/aviacionaldia.com\/en\/wp-json\/wp\/v2\/types\/post"}],"author":[{"embeddable":true,"href":"https:\/\/aviacionaldia.com\/en\/wp-json\/wp\/v2\/users\/4316"}],"replies":[{"embeddable":true,"href":"https:\/\/aviacionaldia.com\/en\/wp-json\/wp\/v2\/comments?post=178222"}],"version-history":[{"count":1,"href":"https:\/\/aviacionaldia.com\/en\/wp-json\/wp\/v2\/posts\/178222\/revisions"}],"predecessor-version":[{"id":178224,"href":"https:\/\/aviacionaldia.com\/en\/wp-json\/wp\/v2\/posts\/178222\/revisions\/178224"}],"wp:featuredmedia":[{"embeddable":true,"href":"https:\/\/aviacionaldia.com\/en\/wp-json\/wp\/v2\/media\/131708"}],"wp:attachment":[{"href":"https:\/\/aviacionaldia.com\/en\/wp-json\/wp\/v2\/media?parent=178222"}],"wp:term":[{"taxonomy":"category","embeddable":true,"href":"https:\/\/aviacionaldia.com\/en\/wp-json\/wp\/v2\/categories?post=178222"},{"taxonomy":"post_tag","embeddable":true,"href":"https:\/\/aviacionaldia.com\/en\/wp-json\/wp\/v2\/tags?post=178222"}],"curies":[{"name":"wp","href":"https:\/\/api.w.org\/{rel}","templated":true}]}}