{"id":178461,"date":"2025-09-01T15:00:24","date_gmt":"2025-09-01T15:00:24","guid":{"rendered":"https:\/\/aviacionaldia.com\/?p=178461"},"modified":"2025-09-01T22:07:51","modified_gmt":"2025-09-01T22:07:51","slug":"thanks-to-agreement-between-aerocivil-avianca-and-airbus-alfonso-bonilla-aragon-airport-will-be-a-pioneer-in-implementing-high-technology-in-air-navigation","status":"publish","type":"post","link":"https:\/\/aviacionaldia.com\/en\/2025\/09\/thanks-to-agreement-between-aerocivil-avianca-and-airbus-alfonso-bonilla-aragon-airport-will-be-a-pioneer-in-implementing-high-technology-in-air-navigation.html","title":{"rendered":"Thanks to Agreement between Aerocivil, Avianca, and Airbus: Alfonso Bonilla Arag\u00f3n Airport Will be a Pioneer in Implementing High Technology in Air Navigation"},"content":{"rendered":"\n<p><strong>Alfonso Bonilla Arag\u00f3n Airport<\/strong>, located in Palmira and serving Cali, will be the first to implement state-of-the-art technology in air navigation procedures, thanks to an agreement between<strong> Colombia&#8217;s Civil Aviation Authority (Aeron\u00e1utica Civil de Colombia), Avianca, and Airbus<\/strong>. This cooperation marks a milestone for the country by promoting safer and more efficient operations.<\/p>\n\n\n\n<h2 class=\"wp-block-heading\">Satellite Precision for Greater Safety and Connectivity<\/h2>\n\n\n\n<p>The modernization includes the introduction of Performance-Based Navigation (PBN), a system that will allow aircraft to fly with greater precision. This innovation will reduce operational risks, cancellations, and diversions caused by weather or geographical conditions.<\/p>\n\n\n\n<p>The benefit for passengers will be immediate: more flights available, both day and night, and an air network with greater connectivity.<\/p>\n\n\n\n<p><strong><em>\u2192 <a href=\"https:\/\/aviacionaldia.com\/en\/2025\/09\/colombian-civil-aviation-authority-takes-control-of-alfonso-bonilla-aragon-airport.html\">Colombian Civil Aviation Authority Takes Control of Alfonso Bonilla Arag\u00f3n Airport<\/a><\/em><\/strong><\/p>\n\n\n\n<p>Brigadier General (Ret.) Jos\u00e9 Henry Pinto Rodr\u00edguez, Director General of the Civil Aviation Authority, highlighted the relevance of this alliance: &#8220;Every day we work with hundreds of professionals across all departments of the country, who train and apply their knowledge in various tasks within the Civil Aviation Authority with the purpose of protecting lives. That is why having the endorsement of Europe&#8217;s most important industry leader such as Airbus, along with the tireless work of Avianca, allows us to recognize that better technologies mean better conditions for civil aviation.&#8221;<\/p>\n\n\n\n<h2 class=\"wp-block-heading\">Role of Each Partner<\/h2>\n\n\n\n<ul class=\"wp-block-list\">\n<li><strong>Airbus:<\/strong> will contribute its expertise in validations and the development of advanced technology, supported by state-of-the-art simulators.<\/li>\n<\/ul>\n\n\n\n<ul class=\"wp-block-list\">\n<li><strong>Avianca:<\/strong> will make its pilots, simulators, and test flights available to implement the new procedures.<\/li>\n<\/ul>\n\n\n\n<ul class=\"wp-block-list\">\n<li><strong>Aerocivil: <\/strong>will be responsible for coordinating the approval and publication of the routes, ensuring they comply with international standards.<\/li>\n<\/ul>\n\n\n\n<h2 class=\"wp-block-heading\">Impact on Colombian Aviation<\/h2>\n\n\n\n<p>This joint effort represents a firm step toward safer, more modern, and reliable aviation in Colombia. The project strengthens air connectivity and directly benefits millions of travelers passing through the country each year.<\/p>\n\n\n\n<h2 class=\"wp-block-heading\" id=\"related-topics\">Related Topics<\/h2>\n\n\n\n\t\t\t<div class=\"wp-block-uagb-post-grid uagb-post-grid  uagb-post__image-position-top uagb-post__image-enabled uagb-block-815d8787     uagb-post__items uagb-post__columns-2 is-grid uagb-post__columns-tablet-2 uagb-post__columns-mobile-1 uagb-post__equal-height\" data-total=\"203\" style=\"\">\n\n\t\t\t\t\t\t\t\t\t\t\t\t<article class=\"uagb-post__inner-wrap\">\t\t\t\t\t\t\t\t<div class='uagb-post__image'>\n\t\t\t\t\t\t\t\t\t<a href=\"https:\/\/aviacionaldia.com\/en\/2026\/04\/chinas-big-three-airlines-return-to-profitability-in-q1-2026.html\" target=\"_self\" rel=\"bookmark noopener noreferrer\" class='uagb-image-ratio-inherit'><img decoding=\"async\" width=\"800\" height=\"400\" src=\"https:\/\/aviacionaldia.com\/wp-content\/uploads\/2025\/03\/China-Southern-Airlines-Air-China-y-China-Eastern.webp\" class=\"attachment-large size-large\" alt=\"\" srcset=\"https:\/\/aviacionaldia.com\/wp-content\/uploads\/2025\/03\/China-Southern-Airlines-Air-China-y-China-Eastern.webp 800w, https:\/\/aviacionaldia.com\/wp-content\/uploads\/2025\/03\/China-Southern-Airlines-Air-China-y-China-Eastern-300x150.webp 300w, https:\/\/aviacionaldia.com\/wp-content\/uploads\/2025\/03\/China-Southern-Airlines-Air-China-y-China-Eastern-768x384.webp 768w, https:\/\/aviacionaldia.com\/wp-content\/uploads\/2025\/03\/China-Southern-Airlines-Air-China-y-China-Eastern-380x190.webp 380w\" sizes=\"(max-width: 800px) 100vw, 800px\" \/>\t\t\t\t\t<\/a>\n\t\t\t\t\t\t\t<\/div>\n\t\t\t\t\t\t<h4 class=\"uagb-post__title uagb-post__text\">\n\t\t\t\t<a href=\"https:\/\/aviacionaldia.com\/en\/2026\/04\/chinas-big-three-airlines-return-to-profitability-in-q1-2026.html\" target=\"_self\" rel=\"bookmark noopener noreferrer\">China\u2019s &#8220;Big Three&#8221; Airlines Return to Profitability in Q1 2026<\/a>\n\t\t\t<\/h4>\n\t\t\t\t\t\t<div class='uagb-post__text uagb-post-grid-byline'>\n\t\t\t\t\t\t\t<\/div>\n\t\t\t\t\t\t<div class=\"uagb-post__text uagb-post__cta wp-block-button\">\n\t\t\t\t<a class=\"wp-block-button__link uagb-text-link\" style=\"\" href=\"https:\/\/aviacionaldia.com\/en\/2026\/04\/chinas-big-three-airlines-return-to-profitability-in-q1-2026.html\" target=\"_self\" rel=\"bookmark noopener noreferrer\">Read More<\/a>\n\t\t\t<\/div>\n\t\t\t\n\t\t\t\t\t\t\t\t\t<\/article>\n\t\t\t\t\t\t\t\t\t\t\t\t\t\t\t\t<article class=\"uagb-post__inner-wrap\">\t\t\t\t\t\t\t\t<div class='uagb-post__image'>\n\t\t\t\t\t\t\t\t\t<a href=\"https:\/\/aviacionaldia.com\/en\/2026\/04\/china-southern-airlines-seals-deal-with-airbus-for-137-a320neo-jets.html\" target=\"_self\" rel=\"bookmark noopener noreferrer\" class='uagb-image-ratio-inherit'><img decoding=\"async\" width=\"800\" height=\"400\" src=\"https:\/\/aviacionaldia.com\/wp-content\/uploads\/2026\/04\/China-Southern-Airlines-Airbus-A320neo.webp\" class=\"attachment-large size-large\" alt=\"\" srcset=\"https:\/\/aviacionaldia.com\/wp-content\/uploads\/2026\/04\/China-Southern-Airlines-Airbus-A320neo.webp 800w, https:\/\/aviacionaldia.com\/wp-content\/uploads\/2026\/04\/China-Southern-Airlines-Airbus-A320neo-300x150.webp 300w, https:\/\/aviacionaldia.com\/wp-content\/uploads\/2026\/04\/China-Southern-Airlines-Airbus-A320neo-768x384.webp 768w, https:\/\/aviacionaldia.com\/wp-content\/uploads\/2026\/04\/China-Southern-Airlines-Airbus-A320neo-380x190.webp 380w\" sizes=\"(max-width: 800px) 100vw, 800px\" \/>\t\t\t\t\t<\/a>\n\t\t\t\t\t\t\t<\/div>\n\t\t\t\t\t\t<h4 class=\"uagb-post__title uagb-post__text\">\n\t\t\t\t<a href=\"https:\/\/aviacionaldia.com\/en\/2026\/04\/china-southern-airlines-seals-deal-with-airbus-for-137-a320neo-jets.html\" target=\"_self\" rel=\"bookmark noopener noreferrer\">China Southern Airlines Seals Deal with Airbus for 137 A320neo Jets<\/a>\n\t\t\t<\/h4>\n\t\t\t\t\t\t<div class='uagb-post__text uagb-post-grid-byline'>\n\t\t\t\t\t\t\t<\/div>\n\t\t\t\t\t\t<div class=\"uagb-post__text uagb-post__cta wp-block-button\">\n\t\t\t\t<a class=\"wp-block-button__link uagb-text-link\" style=\"\" href=\"https:\/\/aviacionaldia.com\/en\/2026\/04\/china-southern-airlines-seals-deal-with-airbus-for-137-a320neo-jets.html\" target=\"_self\" rel=\"bookmark noopener noreferrer\">Read More<\/a>\n\t\t\t<\/div>\n\t\t\t\n\t\t\t\t\t\t\t\t\t<\/article>\n\t\t\t\t\t\t\t\t\t\t\t\t\t\t\t\t<article class=\"uagb-post__inner-wrap\">\t\t\t\t\t\t\t\t<div class='uagb-post__image'>\n\t\t\t\t\t\t\t\t\t<a href=\"https:\/\/aviacionaldia.com\/en\/2026\/04\/indian-airlines-warn-of-groundings-amid-surging-fuel-costs.html\" target=\"_self\" rel=\"bookmark noopener noreferrer\" class='uagb-image-ratio-inherit'><img decoding=\"async\" width=\"800\" height=\"400\" src=\"https:\/\/aviacionaldia.com\/wp-content\/uploads\/2025\/11\/Aeropuerto-de-Delhi.webp\" class=\"attachment-large size-large\" alt=\"\" srcset=\"https:\/\/aviacionaldia.com\/wp-content\/uploads\/2025\/11\/Aeropuerto-de-Delhi.webp 800w, https:\/\/aviacionaldia.com\/wp-content\/uploads\/2025\/11\/Aeropuerto-de-Delhi-300x150.webp 300w, https:\/\/aviacionaldia.com\/wp-content\/uploads\/2025\/11\/Aeropuerto-de-Delhi-768x384.webp 768w, https:\/\/aviacionaldia.com\/wp-content\/uploads\/2025\/11\/Aeropuerto-de-Delhi-380x190.webp 380w\" sizes=\"(max-width: 800px) 100vw, 800px\" \/>\t\t\t\t\t<\/a>\n\t\t\t\t\t\t\t<\/div>\n\t\t\t\t\t\t<h4 class=\"uagb-post__title uagb-post__text\">\n\t\t\t\t<a href=\"https:\/\/aviacionaldia.com\/en\/2026\/04\/indian-airlines-warn-of-groundings-amid-surging-fuel-costs.html\" target=\"_self\" rel=\"bookmark noopener noreferrer\">Indian Airlines Warn of Groundings Amid Surging Fuel Costs<\/a>\n\t\t\t<\/h4>\n\t\t\t\t\t\t<div class='uagb-post__text uagb-post-grid-byline'>\n\t\t\t\t\t\t\t<\/div>\n\t\t\t\t\t\t<div class=\"uagb-post__text uagb-post__cta wp-block-button\">\n\t\t\t\t<a class=\"wp-block-button__link uagb-text-link\" style=\"\" href=\"https:\/\/aviacionaldia.com\/en\/2026\/04\/indian-airlines-warn-of-groundings-amid-surging-fuel-costs.html\" target=\"_self\" rel=\"bookmark noopener noreferrer\">Read More<\/a>\n\t\t\t<\/div>\n\t\t\t\n\t\t\t\t\t\t\t\t\t<\/article>\n\t\t\t\t\t\t\t\t\t\t\t\t\t\t\t\t<article class=\"uagb-post__inner-wrap\">\t\t\t\t\t\t\t\t<div class='uagb-post__image'>\n\t\t\t\t\t\t\t\t\t<a href=\"https:\/\/aviacionaldia.com\/en\/2026\/04\/humanoid-robots-on-ramp-jal-and-gmo-air-to-launch-pilot-program-at-tokyo-haneda-airport.html\" target=\"_self\" rel=\"bookmark noopener noreferrer\" class='uagb-image-ratio-inherit'><img decoding=\"async\" width=\"800\" height=\"400\" src=\"https:\/\/aviacionaldia.com\/wp-content\/uploads\/2026\/04\/Japan-Airlines-Robots-en-aeropuerto.webp\" class=\"attachment-large size-large\" alt=\"\" srcset=\"https:\/\/aviacionaldia.com\/wp-content\/uploads\/2026\/04\/Japan-Airlines-Robots-en-aeropuerto.webp 800w, https:\/\/aviacionaldia.com\/wp-content\/uploads\/2026\/04\/Japan-Airlines-Robots-en-aeropuerto-300x150.webp 300w, https:\/\/aviacionaldia.com\/wp-content\/uploads\/2026\/04\/Japan-Airlines-Robots-en-aeropuerto-768x384.webp 768w, https:\/\/aviacionaldia.com\/wp-content\/uploads\/2026\/04\/Japan-Airlines-Robots-en-aeropuerto-380x190.webp 380w\" sizes=\"(max-width: 800px) 100vw, 800px\" \/>\t\t\t\t\t<\/a>\n\t\t\t\t\t\t\t<\/div>\n\t\t\t\t\t\t<h4 class=\"uagb-post__title uagb-post__text\">\n\t\t\t\t<a href=\"https:\/\/aviacionaldia.com\/en\/2026\/04\/humanoid-robots-on-ramp-jal-and-gmo-air-to-launch-pilot-program-at-tokyo-haneda-airport.html\" target=\"_self\" rel=\"bookmark noopener noreferrer\">Humanoid Robots on Ramp: JAL and GMO AIR to Launch Pilot Program at Tokyo-Haneda Airport<\/a>\n\t\t\t<\/h4>\n\t\t\t\t\t\t<div class='uagb-post__text uagb-post-grid-byline'>\n\t\t\t\t\t\t\t<\/div>\n\t\t\t\t\t\t<div class=\"uagb-post__text uagb-post__cta wp-block-button\">\n\t\t\t\t<a class=\"wp-block-button__link uagb-text-link\" style=\"\" href=\"https:\/\/aviacionaldia.com\/en\/2026\/04\/humanoid-robots-on-ramp-jal-and-gmo-air-to-launch-pilot-program-at-tokyo-haneda-airport.html\" target=\"_self\" rel=\"bookmark noopener noreferrer\">Read More<\/a>\n\t\t\t<\/div>\n\t\t\t\n\t\t\t\t\t\t\t\t\t<\/article>\n\t\t\t\t\t\t\t\t\t\t\t<\/div>\n\t\t\t","protected":false},"excerpt":{"rendered":"Alfonso Bonilla Arag\u00f3n Airport, located in Palmira and serving Cali, will be the first to implement state-of-the-art technology&hellip;\n","protected":false},"author":4316,"featured_media":178459,"comment_status":"open","ping_status":"closed","sticky":false,"template":"","format":"standard","meta":{"_uag_custom_page_level_css":"","footnotes":""},"categories":[189],"tags":[195,196],"class_list":{"0":"post-178461","1":"post","2":"type-post","3":"status-publish","4":"format-standard","5":"has-post-thumbnail","7":"category-airports","8":"tag-airport","9":"tag-colombia-2"},"uagb_featured_image_src":{"full":["https:\/\/aviacionaldia.com\/wp-content\/uploads\/2025\/09\/Aeropuerto-Alfonso-Bonilla-Aragon-sera-pionero-en-implementar-alta-tecnologia-en-navegacion-aerea.webp",800,400,false],"thumbnail":["https:\/\/aviacionaldia.com\/wp-content\/uploads\/2025\/09\/Aeropuerto-Alfonso-Bonilla-Aragon-sera-pionero-en-implementar-alta-tecnologia-en-navegacion-aerea-150x150.webp",150,150,true],"medium":["https:\/\/aviacionaldia.com\/wp-content\/uploads\/2025\/09\/Aeropuerto-Alfonso-Bonilla-Aragon-sera-pionero-en-implementar-alta-tecnologia-en-navegacion-aerea-300x150.webp",300,150,true],"medium_large":["https:\/\/aviacionaldia.com\/wp-content\/uploads\/2025\/09\/Aeropuerto-Alfonso-Bonilla-Aragon-sera-pionero-en-implementar-alta-tecnologia-en-navegacion-aerea-768x384.webp",768,384,true],"large":["https:\/\/aviacionaldia.com\/wp-content\/uploads\/2025\/09\/Aeropuerto-Alfonso-Bonilla-Aragon-sera-pionero-en-implementar-alta-tecnologia-en-navegacion-aerea.webp",800,400,false],"1536x1536":["https:\/\/aviacionaldia.com\/wp-content\/uploads\/2025\/09\/Aeropuerto-Alfonso-Bonilla-Aragon-sera-pionero-en-implementar-alta-tecnologia-en-navegacion-aerea.webp",800,400,false],"2048x2048":["https:\/\/aviacionaldia.com\/wp-content\/uploads\/2025\/09\/Aeropuerto-Alfonso-Bonilla-Aragon-sera-pionero-en-implementar-alta-tecnologia-en-navegacion-aerea.webp",800,400,false],"pk-small":["https:\/\/aviacionaldia.com\/wp-content\/uploads\/2025\/09\/Aeropuerto-Alfonso-Bonilla-Aragon-sera-pionero-en-implementar-alta-tecnologia-en-navegacion-aerea-80x80.webp",80,80,true],"pk-thumbnail":["https:\/\/aviacionaldia.com\/wp-content\/uploads\/2025\/09\/Aeropuerto-Alfonso-Bonilla-Aragon-sera-pionero-en-implementar-alta-tecnologia-en-navegacion-aerea-300x225.webp",300,225,true],"csco-small":["https:\/\/aviacionaldia.com\/wp-content\/uploads\/2025\/09\/Aeropuerto-Alfonso-Bonilla-Aragon-sera-pionero-en-implementar-alta-tecnologia-en-navegacion-aerea-80x80.webp",80,80,true],"csco-intermediate":["https:\/\/aviacionaldia.com\/wp-content\/uploads\/2025\/09\/Aeropuerto-Alfonso-Bonilla-Aragon-sera-pionero-en-implementar-alta-tecnologia-en-navegacion-aerea-200x140.webp",200,140,true],"csco-thumbnail":["https:\/\/aviacionaldia.com\/wp-content\/uploads\/2025\/09\/Aeropuerto-Alfonso-Bonilla-Aragon-sera-pionero-en-implementar-alta-tecnologia-en-navegacion-aerea-380x220.webp",380,220,true],"csco-thumbnail-alternative":["https:\/\/aviacionaldia.com\/wp-content\/uploads\/2025\/09\/Aeropuerto-Alfonso-Bonilla-Aragon-sera-pionero-en-implementar-alta-tecnologia-en-navegacion-aerea-300x180.webp",300,180,true],"csco-thumbnail-uncropped":["https:\/\/aviacionaldia.com\/wp-content\/uploads\/2025\/09\/Aeropuerto-Alfonso-Bonilla-Aragon-sera-pionero-en-implementar-alta-tecnologia-en-navegacion-aerea-380x190.webp",380,190,true],"csco-medium":["https:\/\/aviacionaldia.com\/wp-content\/uploads\/2025\/09\/Aeropuerto-Alfonso-Bonilla-Aragon-sera-pionero-en-implementar-alta-tecnologia-en-navegacion-aerea.webp",800,400,false],"csco-medium-alternative":["https:\/\/aviacionaldia.com\/wp-content\/uploads\/2025\/09\/Aeropuerto-Alfonso-Bonilla-Aragon-sera-pionero-en-implementar-alta-tecnologia-en-navegacion-aerea-560x336.webp",560,336,true],"csco-medium-uncropped":["https:\/\/aviacionaldia.com\/wp-content\/uploads\/2025\/09\/Aeropuerto-Alfonso-Bonilla-Aragon-sera-pionero-en-implementar-alta-tecnologia-en-navegacion-aerea.webp",800,400,false],"csco-large":["https:\/\/aviacionaldia.com\/wp-content\/uploads\/2025\/09\/Aeropuerto-Alfonso-Bonilla-Aragon-sera-pionero-en-implementar-alta-tecnologia-en-navegacion-aerea.webp",800,400,false],"csco-large-uncropped":["https:\/\/aviacionaldia.com\/wp-content\/uploads\/2025\/09\/Aeropuerto-Alfonso-Bonilla-Aragon-sera-pionero-en-implementar-alta-tecnologia-en-navegacion-aerea.webp",800,400,false],"csco-extra-large":["https:\/\/aviacionaldia.com\/wp-content\/uploads\/2025\/09\/Aeropuerto-Alfonso-Bonilla-Aragon-sera-pionero-en-implementar-alta-tecnologia-en-navegacion-aerea.webp",800,400,false]},"uagb_author_info":{"display_name":"Redacci\u00f3n - Aviaci\u00f3n al D\u00eda","author_link":"https:\/\/aviacionaldia.com\/en\/author\/aad"},"uagb_comment_info":0,"uagb_excerpt":"Alfonso Bonilla Arag\u00f3n Airport, located in Palmira and serving Cali, will be the first to implement state-of-the-art technology&hellip;","amp_enabled":true,"_links":{"self":[{"href":"https:\/\/aviacionaldia.com\/en\/wp-json\/wp\/v2\/posts\/178461","targetHints":{"allow":["GET"]}}],"collection":[{"href":"https:\/\/aviacionaldia.com\/en\/wp-json\/wp\/v2\/posts"}],"about":[{"href":"https:\/\/aviacionaldia.com\/en\/wp-json\/wp\/v2\/types\/post"}],"author":[{"embeddable":true,"href":"https:\/\/aviacionaldia.com\/en\/wp-json\/wp\/v2\/users\/4316"}],"replies":[{"embeddable":true,"href":"https:\/\/aviacionaldia.com\/en\/wp-json\/wp\/v2\/comments?post=178461"}],"version-history":[{"count":1,"href":"https:\/\/aviacionaldia.com\/en\/wp-json\/wp\/v2\/posts\/178461\/revisions"}],"predecessor-version":[{"id":178463,"href":"https:\/\/aviacionaldia.com\/en\/wp-json\/wp\/v2\/posts\/178461\/revisions\/178463"}],"wp:featuredmedia":[{"embeddable":true,"href":"https:\/\/aviacionaldia.com\/en\/wp-json\/wp\/v2\/media\/178459"}],"wp:attachment":[{"href":"https:\/\/aviacionaldia.com\/en\/wp-json\/wp\/v2\/media?parent=178461"}],"wp:term":[{"taxonomy":"category","embeddable":true,"href":"https:\/\/aviacionaldia.com\/en\/wp-json\/wp\/v2\/categories?post=178461"},{"taxonomy":"post_tag","embeddable":true,"href":"https:\/\/aviacionaldia.com\/en\/wp-json\/wp\/v2\/tags?post=178461"}],"curies":[{"name":"wp","href":"https:\/\/api.w.org\/{rel}","templated":true}]}}