{"id":179514,"date":"2025-09-29T15:00:42","date_gmt":"2025-09-29T15:00:42","guid":{"rendered":"https:\/\/aviacionaldia.com\/?p=179514"},"modified":"2025-09-29T22:54:21","modified_gmt":"2025-09-29T22:54:21","slug":"world2fly-to-connect-madrid-with-rosario-new-direct-route-starting-october-2026","status":"publish","type":"post","link":"https:\/\/aviacionaldia.com\/en\/2025\/09\/world2fly-to-connect-madrid-with-rosario-new-direct-route-starting-october-2026.html","title":{"rendered":"World2Fly to Connect Madrid with Rosario: New Direct Route Starting October 2026"},"content":{"rendered":"\n<p><strong>World2Fly <\/strong>announced this Monday that it will operate direct flights between<strong> Madrid and Rosario, Argentina<\/strong>, starting October 1, 2026. The Spanish airline is thereby strengthening its expansion strategy in the region, offering a competitive, non-stop alternative to the heart of the South American country.<\/p>\n\n\n\n<p>The announcement was made by the Minister of Productive Development, Gustavo Puccini, during the International Tourism Fair (FIT), following the signing of the agreement with the company.<\/p>\n\n\n\n<p>&#8220;This is the first time Rosario will have a direct flight to Europe. This positions the city as the third in Argentina to have this type of connection,&#8221; highlighted the Minister.<\/p>\n\n\n\n<h2 class=\"wp-block-heading\">Operational Details<\/h2>\n\n\n\n<p>The service will operate with two weekly frequencies, on Tuesdays and Thursdays. Tickets will be available starting December 1, 2025, on World2Fly&#8217;s official website.<\/p>\n\n\n\n<p><strong><em>\u2192 <a href=\"https:\/\/aviacionaldia.com\/en\/2025\/09\/argentina-hits-historic-record-for-air-passengers-in-august.html\">Argentina Hits Historic Record for Air Passengers in August<\/a><\/em><\/strong><\/p>\n\n\n\n<p>The route will be operated with an Airbus A350, an aircraft recognized for its efficiency, comfort standards, and commitment to sustainability.<\/p>\n\n\n\n<h2 class=\"wp-block-heading\">Strengthening the Latin American Network<\/h2>\n\n\n\n<p>With this new addition, World2Fly expands its list of destinations in Latin America, which already includes Cancun (Mexico), Cali (Colombia), Santo Domingo and Punta Cana (Dominican Republic), and Havana (Cuba).<\/p>\n\n\n\n<p>Furthermore, starting in June, the airline will maintain operations to Mauritius Island and Zanzibar, destinations that were already part of its schedule last season.<\/p>\n\n\n\n<h2 class=\"wp-block-heading\">A Strategic Move<\/h2>\n\n\n\n<p>The connection between Madrid and Rosario solidifies the company&#8217;s commitment to Latin America, offering a direct and comfortable option for travelers looking to connect Europe with the heart of Argentina, without the need for layovers.<\/p>\n\n\n\n<h2 class=\"wp-block-heading\" id=\"related-topics\">Related Topics<\/h2>\n\n\n\n\t\t\t<div class=\"wp-block-uagb-post-grid uagb-post-grid  uagb-post__image-position-top uagb-post__image-enabled uagb-block-9e302684     uagb-post__items uagb-post__columns-2 is-grid uagb-post__columns-tablet-2 uagb-post__columns-mobile-1 uagb-post__equal-height\" data-total=\"206\" style=\"\">\n\n\t\t\t\t\t\t\t\t\t\t\t\t<article class=\"uagb-post__inner-wrap\">\t\t\t\t\t\t\t\t<div class='uagb-post__image'>\n\t\t\t\t\t\t\t\t\t<a href=\"https:\/\/aviacionaldia.com\/en\/2026\/04\/ntsb-runway-safety-system-failure-preceded-fatal-collision-between-air-canada-express-aircraft-and-fire-truck.html\" target=\"_self\" rel=\"bookmark noopener noreferrer\" class='uagb-image-ratio-inherit'><img decoding=\"async\" width=\"800\" height=\"400\" src=\"https:\/\/aviacionaldia.com\/wp-content\/uploads\/2026\/03\/Accidente-de-avion-de-Air-Canada-Express-en-LaGuardia.webp\" class=\"attachment-large size-large\" alt=\"\" srcset=\"https:\/\/aviacionaldia.com\/wp-content\/uploads\/2026\/03\/Accidente-de-avion-de-Air-Canada-Express-en-LaGuardia.webp 800w, https:\/\/aviacionaldia.com\/wp-content\/uploads\/2026\/03\/Accidente-de-avion-de-Air-Canada-Express-en-LaGuardia-300x150.webp 300w, https:\/\/aviacionaldia.com\/wp-content\/uploads\/2026\/03\/Accidente-de-avion-de-Air-Canada-Express-en-LaGuardia-768x384.webp 768w, https:\/\/aviacionaldia.com\/wp-content\/uploads\/2026\/03\/Accidente-de-avion-de-Air-Canada-Express-en-LaGuardia-380x190.webp 380w\" sizes=\"(max-width: 800px) 100vw, 800px\" \/>\t\t\t\t\t<\/a>\n\t\t\t\t\t\t\t<\/div>\n\t\t\t\t\t\t<h4 class=\"uagb-post__title uagb-post__text\">\n\t\t\t\t<a href=\"https:\/\/aviacionaldia.com\/en\/2026\/04\/ntsb-runway-safety-system-failure-preceded-fatal-collision-between-air-canada-express-aircraft-and-fire-truck.html\" target=\"_self\" rel=\"bookmark noopener noreferrer\">NTSB: Runway Safety System Failure Preceded Fatal Collision Between Air Canada Express Aircraft and Fire Truck<\/a>\n\t\t\t<\/h4>\n\t\t\t\t\t\t<div class='uagb-post__text uagb-post-grid-byline'>\n\t\t\t\t\t\t\t<\/div>\n\t\t\t\t\t\t<div class=\"uagb-post__text uagb-post__cta wp-block-button\">\n\t\t\t\t<a class=\"wp-block-button__link uagb-text-link\" style=\"\" href=\"https:\/\/aviacionaldia.com\/en\/2026\/04\/ntsb-runway-safety-system-failure-preceded-fatal-collision-between-air-canada-express-aircraft-and-fire-truck.html\" target=\"_self\" rel=\"bookmark noopener noreferrer\">Read More<\/a>\n\t\t\t<\/div>\n\t\t\t\n\t\t\t\t\t\t\t\t\t<\/article>\n\t\t\t\t\t\t\t\t\t\t\t\t\t\t\t\t<article class=\"uagb-post__inner-wrap\">\t\t\t\t\t\t\t\t<div class='uagb-post__image'>\n\t\t\t\t\t\t\t\t\t<a href=\"https:\/\/aviacionaldia.com\/en\/2026\/04\/ryanair-to-close-berlin-base-amid-rising-airport-fees-and-declining-competitiveness-in-germany.html\" target=\"_self\" rel=\"bookmark noopener noreferrer\" class='uagb-image-ratio-inherit'><img decoding=\"async\" width=\"800\" height=\"400\" src=\"https:\/\/aviacionaldia.com\/wp-content\/uploads\/2021\/07\/Ryanair-B737-800.jpg\" class=\"attachment-large size-large\" alt=\"\" srcset=\"https:\/\/aviacionaldia.com\/wp-content\/uploads\/2021\/07\/Ryanair-B737-800.jpg 800w, https:\/\/aviacionaldia.com\/wp-content\/uploads\/2021\/07\/Ryanair-B737-800-300x150.jpg 300w, https:\/\/aviacionaldia.com\/wp-content\/uploads\/2021\/07\/Ryanair-B737-800-768x384.jpg 768w, https:\/\/aviacionaldia.com\/wp-content\/uploads\/2021\/07\/Ryanair-B737-800-380x190.jpg 380w\" sizes=\"(max-width: 800px) 100vw, 800px\" \/>\t\t\t\t\t<\/a>\n\t\t\t\t\t\t\t<\/div>\n\t\t\t\t\t\t<h4 class=\"uagb-post__title uagb-post__text\">\n\t\t\t\t<a href=\"https:\/\/aviacionaldia.com\/en\/2026\/04\/ryanair-to-close-berlin-base-amid-rising-airport-fees-and-declining-competitiveness-in-germany.html\" target=\"_self\" rel=\"bookmark noopener noreferrer\">Ryanair to Close Berlin Base Amid Rising Airport Fees and Declining Competitiveness in Germany<\/a>\n\t\t\t<\/h4>\n\t\t\t\t\t\t<div class='uagb-post__text uagb-post-grid-byline'>\n\t\t\t\t\t\t\t<\/div>\n\t\t\t\t\t\t<div class=\"uagb-post__text uagb-post__cta wp-block-button\">\n\t\t\t\t<a class=\"wp-block-button__link uagb-text-link\" style=\"\" href=\"https:\/\/aviacionaldia.com\/en\/2026\/04\/ryanair-to-close-berlin-base-amid-rising-airport-fees-and-declining-competitiveness-in-germany.html\" target=\"_self\" rel=\"bookmark noopener noreferrer\">Read More<\/a>\n\t\t\t<\/div>\n\t\t\t\n\t\t\t\t\t\t\t\t\t<\/article>\n\t\t\t\t\t\t\t\t\t\t\t\t\t\t\t\t<article class=\"uagb-post__inner-wrap\">\t\t\t\t\t\t\t\t<div class='uagb-post__image'>\n\t\t\t\t\t\t\t\t\t<a href=\"https:\/\/aviacionaldia.com\/en\/2026\/04\/amsterdam-schiphol-to-reduce-airport-fees-by-10-for-airlines-to-mitigate-financial-impact-of-middle-east-conflict.html\" target=\"_self\" rel=\"bookmark noopener noreferrer\" class='uagb-image-ratio-inherit'><img decoding=\"async\" width=\"800\" height=\"400\" src=\"https:\/\/aviacionaldia.com\/wp-content\/uploads\/2024\/12\/Aeropuerto-Schiphol-de-Amsterdam.jpg\" class=\"attachment-large size-large\" alt=\"\" srcset=\"https:\/\/aviacionaldia.com\/wp-content\/uploads\/2024\/12\/Aeropuerto-Schiphol-de-Amsterdam.jpg 800w, https:\/\/aviacionaldia.com\/wp-content\/uploads\/2024\/12\/Aeropuerto-Schiphol-de-Amsterdam-300x150.jpg 300w, https:\/\/aviacionaldia.com\/wp-content\/uploads\/2024\/12\/Aeropuerto-Schiphol-de-Amsterdam-768x384.jpg 768w, https:\/\/aviacionaldia.com\/wp-content\/uploads\/2024\/12\/Aeropuerto-Schiphol-de-Amsterdam-380x190.jpg 380w\" sizes=\"(max-width: 800px) 100vw, 800px\" \/>\t\t\t\t\t<\/a>\n\t\t\t\t\t\t\t<\/div>\n\t\t\t\t\t\t<h4 class=\"uagb-post__title uagb-post__text\">\n\t\t\t\t<a href=\"https:\/\/aviacionaldia.com\/en\/2026\/04\/amsterdam-schiphol-to-reduce-airport-fees-by-10-for-airlines-to-mitigate-financial-impact-of-middle-east-conflict.html\" target=\"_self\" rel=\"bookmark noopener noreferrer\">Amsterdam Schiphol to Reduce Airport Fees by 10% for Airlines to Mitigate Financial Impact of Middle East Conflict<\/a>\n\t\t\t<\/h4>\n\t\t\t\t\t\t<div class='uagb-post__text uagb-post-grid-byline'>\n\t\t\t\t\t\t\t<\/div>\n\t\t\t\t\t\t<div class=\"uagb-post__text uagb-post__cta wp-block-button\">\n\t\t\t\t<a class=\"wp-block-button__link uagb-text-link\" style=\"\" href=\"https:\/\/aviacionaldia.com\/en\/2026\/04\/amsterdam-schiphol-to-reduce-airport-fees-by-10-for-airlines-to-mitigate-financial-impact-of-middle-east-conflict.html\" target=\"_self\" rel=\"bookmark noopener noreferrer\">Read More<\/a>\n\t\t\t<\/div>\n\t\t\t\n\t\t\t\t\t\t\t\t\t<\/article>\n\t\t\t\t\t\t\t\t\t\t\t\t\t\t\t\t<article class=\"uagb-post__inner-wrap\">\t\t\t\t\t\t\t\t<div class='uagb-post__image'>\n\t\t\t\t\t\t\t\t\t<a href=\"https:\/\/aviacionaldia.com\/en\/2026\/04\/american-airlines-unveils-new-passenger-experience-at-new-york-jfk-terminal-8.html\" target=\"_self\" rel=\"bookmark noopener noreferrer\" class='uagb-image-ratio-inherit'><img decoding=\"async\" width=\"800\" height=\"400\" src=\"https:\/\/aviacionaldia.com\/wp-content\/uploads\/2026\/04\/Aeropuerto-JFK-Terminal-8.webp\" class=\"attachment-large size-large\" alt=\"\" srcset=\"https:\/\/aviacionaldia.com\/wp-content\/uploads\/2026\/04\/Aeropuerto-JFK-Terminal-8.webp 800w, https:\/\/aviacionaldia.com\/wp-content\/uploads\/2026\/04\/Aeropuerto-JFK-Terminal-8-300x150.webp 300w, https:\/\/aviacionaldia.com\/wp-content\/uploads\/2026\/04\/Aeropuerto-JFK-Terminal-8-768x384.webp 768w, https:\/\/aviacionaldia.com\/wp-content\/uploads\/2026\/04\/Aeropuerto-JFK-Terminal-8-380x190.webp 380w\" sizes=\"(max-width: 800px) 100vw, 800px\" \/>\t\t\t\t\t<\/a>\n\t\t\t\t\t\t\t<\/div>\n\t\t\t\t\t\t<h4 class=\"uagb-post__title uagb-post__text\">\n\t\t\t\t<a href=\"https:\/\/aviacionaldia.com\/en\/2026\/04\/american-airlines-unveils-new-passenger-experience-at-new-york-jfk-terminal-8.html\" target=\"_self\" rel=\"bookmark noopener noreferrer\">American Airlines Unveils New Passenger Experience at New York-JFK Terminal 8<\/a>\n\t\t\t<\/h4>\n\t\t\t\t\t\t<div class='uagb-post__text uagb-post-grid-byline'>\n\t\t\t\t\t\t\t<\/div>\n\t\t\t\t\t\t<div class=\"uagb-post__text uagb-post__cta wp-block-button\">\n\t\t\t\t<a class=\"wp-block-button__link uagb-text-link\" style=\"\" href=\"https:\/\/aviacionaldia.com\/en\/2026\/04\/american-airlines-unveils-new-passenger-experience-at-new-york-jfk-terminal-8.html\" target=\"_self\" rel=\"bookmark noopener noreferrer\">Read More<\/a>\n\t\t\t<\/div>\n\t\t\t\n\t\t\t\t\t\t\t\t\t<\/article>\n\t\t\t\t\t\t\t\t\t\t\t<\/div>\n\t\t\t","protected":false},"excerpt":{"rendered":"World2Fly announced this Monday that it will operate direct flights between Madrid and Rosario, Argentina, starting October 1,&hellip;\n","protected":false},"author":4316,"featured_media":179496,"comment_status":"open","ping_status":"closed","sticky":false,"template":"","format":"standard","meta":{"_uag_custom_page_level_css":"","footnotes":""},"categories":[1],"tags":[230,295,269,198,565],"class_list":{"0":"post-179514","1":"post","2":"type-post","3":"status-publish","4":"format-standard","5":"has-post-thumbnail","7":"category-airlines","8":"tag-airline","9":"tag-argentina-2","10":"tag-europe","11":"tag-flights","12":"tag-world2fly-2"},"uagb_featured_image_src":{"full":["https:\/\/aviacionaldia.com\/wp-content\/uploads\/2025\/09\/World2fly-Airbus-A350-900.webp",800,400,false],"thumbnail":["https:\/\/aviacionaldia.com\/wp-content\/uploads\/2025\/09\/World2fly-Airbus-A350-900-150x150.webp",150,150,true],"medium":["https:\/\/aviacionaldia.com\/wp-content\/uploads\/2025\/09\/World2fly-Airbus-A350-900-300x150.webp",300,150,true],"medium_large":["https:\/\/aviacionaldia.com\/wp-content\/uploads\/2025\/09\/World2fly-Airbus-A350-900-768x384.webp",768,384,true],"large":["https:\/\/aviacionaldia.com\/wp-content\/uploads\/2025\/09\/World2fly-Airbus-A350-900.webp",800,400,false],"1536x1536":["https:\/\/aviacionaldia.com\/wp-content\/uploads\/2025\/09\/World2fly-Airbus-A350-900.webp",800,400,false],"2048x2048":["https:\/\/aviacionaldia.com\/wp-content\/uploads\/2025\/09\/World2fly-Airbus-A350-900.webp",800,400,false],"pk-small":["https:\/\/aviacionaldia.com\/wp-content\/uploads\/2025\/09\/World2fly-Airbus-A350-900-80x80.webp",80,80,true],"pk-thumbnail":["https:\/\/aviacionaldia.com\/wp-content\/uploads\/2025\/09\/World2fly-Airbus-A350-900-300x225.webp",300,225,true],"csco-small":["https:\/\/aviacionaldia.com\/wp-content\/uploads\/2025\/09\/World2fly-Airbus-A350-900-80x80.webp",80,80,true],"csco-intermediate":["https:\/\/aviacionaldia.com\/wp-content\/uploads\/2025\/09\/World2fly-Airbus-A350-900-200x140.webp",200,140,true],"csco-thumbnail":["https:\/\/aviacionaldia.com\/wp-content\/uploads\/2025\/09\/World2fly-Airbus-A350-900-380x220.webp",380,220,true],"csco-thumbnail-alternative":["https:\/\/aviacionaldia.com\/wp-content\/uploads\/2025\/09\/World2fly-Airbus-A350-900-300x180.webp",300,180,true],"csco-thumbnail-uncropped":["https:\/\/aviacionaldia.com\/wp-content\/uploads\/2025\/09\/World2fly-Airbus-A350-900-380x190.webp",380,190,true],"csco-medium":["https:\/\/aviacionaldia.com\/wp-content\/uploads\/2025\/09\/World2fly-Airbus-A350-900.webp",800,400,false],"csco-medium-alternative":["https:\/\/aviacionaldia.com\/wp-content\/uploads\/2025\/09\/World2fly-Airbus-A350-900-560x336.webp",560,336,true],"csco-medium-uncropped":["https:\/\/aviacionaldia.com\/wp-content\/uploads\/2025\/09\/World2fly-Airbus-A350-900.webp",800,400,false],"csco-large":["https:\/\/aviacionaldia.com\/wp-content\/uploads\/2025\/09\/World2fly-Airbus-A350-900.webp",800,400,false],"csco-large-uncropped":["https:\/\/aviacionaldia.com\/wp-content\/uploads\/2025\/09\/World2fly-Airbus-A350-900.webp",800,400,false],"csco-extra-large":["https:\/\/aviacionaldia.com\/wp-content\/uploads\/2025\/09\/World2fly-Airbus-A350-900.webp",800,400,false]},"uagb_author_info":{"display_name":"Redacci\u00f3n - Aviaci\u00f3n al D\u00eda","author_link":"https:\/\/aviacionaldia.com\/en\/author\/aad"},"uagb_comment_info":0,"uagb_excerpt":"World2Fly announced this Monday that it will operate direct flights between Madrid and Rosario, Argentina, starting October 1,&hellip;","amp_enabled":true,"_links":{"self":[{"href":"https:\/\/aviacionaldia.com\/en\/wp-json\/wp\/v2\/posts\/179514","targetHints":{"allow":["GET"]}}],"collection":[{"href":"https:\/\/aviacionaldia.com\/en\/wp-json\/wp\/v2\/posts"}],"about":[{"href":"https:\/\/aviacionaldia.com\/en\/wp-json\/wp\/v2\/types\/post"}],"author":[{"embeddable":true,"href":"https:\/\/aviacionaldia.com\/en\/wp-json\/wp\/v2\/users\/4316"}],"replies":[{"embeddable":true,"href":"https:\/\/aviacionaldia.com\/en\/wp-json\/wp\/v2\/comments?post=179514"}],"version-history":[{"count":2,"href":"https:\/\/aviacionaldia.com\/en\/wp-json\/wp\/v2\/posts\/179514\/revisions"}],"predecessor-version":[{"id":179529,"href":"https:\/\/aviacionaldia.com\/en\/wp-json\/wp\/v2\/posts\/179514\/revisions\/179529"}],"wp:featuredmedia":[{"embeddable":true,"href":"https:\/\/aviacionaldia.com\/en\/wp-json\/wp\/v2\/media\/179496"}],"wp:attachment":[{"href":"https:\/\/aviacionaldia.com\/en\/wp-json\/wp\/v2\/media?parent=179514"}],"wp:term":[{"taxonomy":"category","embeddable":true,"href":"https:\/\/aviacionaldia.com\/en\/wp-json\/wp\/v2\/categories?post=179514"},{"taxonomy":"post_tag","embeddable":true,"href":"https:\/\/aviacionaldia.com\/en\/wp-json\/wp\/v2\/tags?post=179514"}],"curies":[{"name":"wp","href":"https:\/\/api.w.org\/{rel}","templated":true}]}}