{"id":182261,"date":"2025-12-12T15:30:14","date_gmt":"2025-12-12T15:30:14","guid":{"rendered":"https:\/\/aviacionaldia.com\/?p=182261"},"modified":"2025-12-12T20:54:35","modified_gmt":"2025-12-12T20:54:35","slug":"austrian-airlines-begins-short-and-medium-haul-fleet-renewal-with-first-embraer-195-retired","status":"publish","type":"post","link":"https:\/\/aviacionaldia.com\/en\/2025\/12\/austrian-airlines-begins-short-and-medium-haul-fleet-renewal-with-first-embraer-195-retired.html","title":{"rendered":"Austrian Airlines Begins Short- and Medium-Haul Fleet Renewal with First Embraer 195 Retired"},"content":{"rendered":"\n<p><strong>Austrian Airlines<\/strong> has taken a key step in renewing its short- and medium-haul fleet with the departure of its first <strong>Embraer 195<\/strong>. Flight EN9910 took off at 17:04 bound for Verona under registration I-ENJA, after receiving a special farewell from Austrian Technik. The aircraft had previously operated as OE-LWM, and this transfer marks the beginning of the already announced plan to modernize the company&#8217;s regional capacity.<\/p>\n\n\n\n<p>According to the project, 17 units will progressively leave the current fleet: 13 will go to Air Dolomiti, while the remaining four will be sold starting in early 2026.<\/p>\n\n\n\n<h2 class=\"wp-block-heading\">Closing a Chapter for an Iconic Aircraft<\/h2>\n\n\n\n<p>Stefan-Kenan Scheib, Chief Operations Officer of Austrian Airlines, highlighted the historical significance of this phase, noting that the retired Embraer provided &#8220;important service for many years&#8221; and thanked the team for the &#8220;quick, safe, and straightforward&#8221; transition.<\/p>\n\n\n\n<p>The airline&#8217;s first Embraer 195 flew for the first time in January 2016, joining as a replacement for the Fokker aircraft. Each unit offers 120 seats, which at the time helped strengthen the European network.<\/p>\n\n\n\n<p>The retired aircraft, known as &#8220;Whisky Mike,&#8221; accumulated 30,393 operating hours, of which 21,417 were flown for Austrian. Its scheduled service began on April 18, 2016, with a flight between Vienna and Stuttgart, becoming the fourth Embraer to join the fleet.<\/p>\n\n\n\n<p><strong><em>\u2192 <a href=\"https:\/\/aviacionaldia.com\/en\/2025\/12\/lufthansa-group-unveils-new-brand-identity-to-strengthen-global-positioning.html\">Lufthansa Group Unveils New Brand Identity to Strengthen Global Positioning<\/a><\/em><\/strong><\/p>\n\n\n\n<h2 class=\"wp-block-heading\">Short- and Medium-Haul Modernization Advances<\/h2>\n\n\n\n<p>The plan envisages replacing the Embraer aircraft with six brand-new Airbus A320neos, each with 180 seats. The first will arrive in the summer of 2026, bringing the total number of Airbus aircraft in operation within the company to 46.<\/p>\n\n\n\n<p>This transition is part of a broader program aimed at renewing and standardizing the regional fleet.<\/p>\n\n\n\n<h2 class=\"wp-block-heading\">Parallel Evolution in the Long-Haul Network<\/h2>\n\n\n\n<p>The modernization process also extends to intercontinental routes. In 2024, Austrian added its first two Boeing 787-9 Dreamliners. Current planning includes adding ten additional units before the end of 2028.<\/p>\n\n\n\n<p>This growth will allow the replacement and expansion of capacity currently provided by seven Boeing 777s and three Boeing 767s. The final result will be a long-haul fleet consisting of 12 aircraft.<\/p>\n\n\n\n<h2 class=\"wp-block-heading\">A Simpler Fleet for More Efficient Operations<\/h2>\n\n\n\n<p>With the progressive retirement of the Embraer 195, scheduled for completion by the end of 2028, Austrian Airlines will reduce its current five aircraft families \u2014 Embraer 195, Airbus A320, Boeing 767, Boeing 777, and Boeing 787 \u2014 to just two:<\/p>\n\n\n\n<ul class=\"wp-block-list\">\n<li><strong>Airbus A320<\/strong> for short- and medium-haul<\/li>\n<\/ul>\n\n\n\n<ul class=\"wp-block-list\">\n<li><strong>Boeing 787-9 Dreamliner<\/strong> for long-haul<\/li>\n<\/ul>\n\n\n\n<p>The next Embraer will leave the airline in February 2026, continuing a project aimed at simplifying operations, optimizing maintenance, and strengthening its competitiveness.<\/p>\n\n\n\n<h2 class=\"wp-block-heading\" id=\"related-topics\">Related Topics<\/h2>\n\n\n\n\t\t\t<div class=\"wp-block-uagb-post-grid uagb-post-grid  uagb-post__image-position-top uagb-post__image-enabled uagb-block-9e302684     uagb-post__items uagb-post__columns-2 is-grid uagb-post__columns-tablet-2 uagb-post__columns-mobile-1 uagb-post__equal-height\" data-total=\"201\" style=\"\">\n\n\t\t\t\t\t\t\t\t\t\t\t\t<article class=\"uagb-post__inner-wrap\">\t\t\t\t\t\t\t\t<div class='uagb-post__image'>\n\t\t\t\t\t\t\t\t\t<a href=\"https:\/\/aviacionaldia.com\/en\/2026\/04\/boeing-narrows-first-quarter-losses-signals-operational-recovery.html\" target=\"_self\" rel=\"bookmark noopener noreferrer\" class='uagb-image-ratio-inherit'><img decoding=\"async\" width=\"800\" height=\"400\" src=\"https:\/\/aviacionaldia.com\/wp-content\/uploads\/2018\/10\/Boeing.jpg\" class=\"attachment-large size-large\" alt=\"\" srcset=\"https:\/\/aviacionaldia.com\/wp-content\/uploads\/2018\/10\/Boeing.jpg 800w, https:\/\/aviacionaldia.com\/wp-content\/uploads\/2018\/10\/Boeing-300x150.jpg 300w, https:\/\/aviacionaldia.com\/wp-content\/uploads\/2018\/10\/Boeing-768x384.jpg 768w, https:\/\/aviacionaldia.com\/wp-content\/uploads\/2018\/10\/Boeing-380x190.jpg 380w\" sizes=\"(max-width: 800px) 100vw, 800px\" \/>\t\t\t\t\t<\/a>\n\t\t\t\t\t\t\t<\/div>\n\t\t\t\t\t\t<h4 class=\"uagb-post__title uagb-post__text\">\n\t\t\t\t<a href=\"https:\/\/aviacionaldia.com\/en\/2026\/04\/boeing-narrows-first-quarter-losses-signals-operational-recovery.html\" target=\"_self\" rel=\"bookmark noopener noreferrer\">Boeing Narrows First-Quarter Losses, Signals Operational Recovery<\/a>\n\t\t\t<\/h4>\n\t\t\t\t\t\t<div class='uagb-post__text uagb-post-grid-byline'>\n\t\t\t\t\t\t\t<\/div>\n\t\t\t\t\t\t<div class=\"uagb-post__text uagb-post__cta wp-block-button\">\n\t\t\t\t<a class=\"wp-block-button__link uagb-text-link\" style=\"\" href=\"https:\/\/aviacionaldia.com\/en\/2026\/04\/boeing-narrows-first-quarter-losses-signals-operational-recovery.html\" target=\"_self\" rel=\"bookmark noopener noreferrer\">Read More<\/a>\n\t\t\t<\/div>\n\t\t\t\n\t\t\t\t\t\t\t\t\t<\/article>\n\t\t\t\t\t\t\t\t\t\t\t\t\t\t\t\t<article class=\"uagb-post__inner-wrap\">\t\t\t\t\t\t\t\t<div class='uagb-post__image'>\n\t\t\t\t\t\t\t\t\t<a href=\"https:\/\/aviacionaldia.com\/en\/2026\/04\/boeing-begins-certification-testing-of-new-anti-ice-system-for-737-max-7-and-10-engines.html\" target=\"_self\" rel=\"bookmark noopener noreferrer\" class='uagb-image-ratio-inherit'><img decoding=\"async\" width=\"800\" height=\"400\" src=\"https:\/\/aviacionaldia.com\/wp-content\/uploads\/2022\/10\/Boeing-737-Max-10.jpg\" class=\"attachment-large size-large\" alt=\"\" srcset=\"https:\/\/aviacionaldia.com\/wp-content\/uploads\/2022\/10\/Boeing-737-Max-10.jpg 800w, https:\/\/aviacionaldia.com\/wp-content\/uploads\/2022\/10\/Boeing-737-Max-10-300x150.jpg 300w, https:\/\/aviacionaldia.com\/wp-content\/uploads\/2022\/10\/Boeing-737-Max-10-768x384.jpg 768w, https:\/\/aviacionaldia.com\/wp-content\/uploads\/2022\/10\/Boeing-737-Max-10-380x190.jpg 380w\" sizes=\"(max-width: 800px) 100vw, 800px\" \/>\t\t\t\t\t<\/a>\n\t\t\t\t\t\t\t<\/div>\n\t\t\t\t\t\t<h4 class=\"uagb-post__title uagb-post__text\">\n\t\t\t\t<a href=\"https:\/\/aviacionaldia.com\/en\/2026\/04\/boeing-begins-certification-testing-of-new-anti-ice-system-for-737-max-7-and-10-engines.html\" target=\"_self\" rel=\"bookmark noopener noreferrer\">Boeing Begins Certification Testing of New Anti-Ice System for 737 MAX 7 and 10 Engines<\/a>\n\t\t\t<\/h4>\n\t\t\t\t\t\t<div class='uagb-post__text uagb-post-grid-byline'>\n\t\t\t\t\t\t\t<\/div>\n\t\t\t\t\t\t<div class=\"uagb-post__text uagb-post__cta wp-block-button\">\n\t\t\t\t<a class=\"wp-block-button__link uagb-text-link\" style=\"\" href=\"https:\/\/aviacionaldia.com\/en\/2026\/04\/boeing-begins-certification-testing-of-new-anti-ice-system-for-737-max-7-and-10-engines.html\" target=\"_self\" rel=\"bookmark noopener noreferrer\">Read More<\/a>\n\t\t\t<\/div>\n\t\t\t\n\t\t\t\t\t\t\t\t\t<\/article>\n\t\t\t\t\t\t\t\t\t\t\t\t\t\t\t\t<article class=\"uagb-post__inner-wrap\">\t\t\t\t\t\t\t\t<div class='uagb-post__image'>\n\t\t\t\t\t\t\t\t\t<a href=\"https:\/\/aviacionaldia.com\/en\/2026\/04\/ethiopian-airlines-expands-long-haul-fleet-converts-options-for-six-boeing-787-9s-into-firm-orders.html\" target=\"_self\" rel=\"bookmark noopener noreferrer\" class='uagb-image-ratio-inherit'><img decoding=\"async\" width=\"800\" height=\"400\" src=\"https:\/\/aviacionaldia.com\/wp-content\/uploads\/2026\/04\/Ethiopian-Airlines-Pedido-de-aviones-Boeing-787.webp\" class=\"attachment-large size-large\" alt=\"\" srcset=\"https:\/\/aviacionaldia.com\/wp-content\/uploads\/2026\/04\/Ethiopian-Airlines-Pedido-de-aviones-Boeing-787.webp 800w, https:\/\/aviacionaldia.com\/wp-content\/uploads\/2026\/04\/Ethiopian-Airlines-Pedido-de-aviones-Boeing-787-300x150.webp 300w, https:\/\/aviacionaldia.com\/wp-content\/uploads\/2026\/04\/Ethiopian-Airlines-Pedido-de-aviones-Boeing-787-768x384.webp 768w, https:\/\/aviacionaldia.com\/wp-content\/uploads\/2026\/04\/Ethiopian-Airlines-Pedido-de-aviones-Boeing-787-380x190.webp 380w\" sizes=\"(max-width: 800px) 100vw, 800px\" \/>\t\t\t\t\t<\/a>\n\t\t\t\t\t\t\t<\/div>\n\t\t\t\t\t\t<h4 class=\"uagb-post__title uagb-post__text\">\n\t\t\t\t<a href=\"https:\/\/aviacionaldia.com\/en\/2026\/04\/ethiopian-airlines-expands-long-haul-fleet-converts-options-for-six-boeing-787-9s-into-firm-orders.html\" target=\"_self\" rel=\"bookmark noopener noreferrer\">Ethiopian Airlines Expands Long-Haul Fleet: Converts Options for Six Boeing 787-9s into Firm Orders<\/a>\n\t\t\t<\/h4>\n\t\t\t\t\t\t<div class='uagb-post__text uagb-post-grid-byline'>\n\t\t\t\t\t\t\t<\/div>\n\t\t\t\t\t\t<div class=\"uagb-post__text uagb-post__cta wp-block-button\">\n\t\t\t\t<a class=\"wp-block-button__link uagb-text-link\" style=\"\" href=\"https:\/\/aviacionaldia.com\/en\/2026\/04\/ethiopian-airlines-expands-long-haul-fleet-converts-options-for-six-boeing-787-9s-into-firm-orders.html\" target=\"_self\" rel=\"bookmark noopener noreferrer\">Read More<\/a>\n\t\t\t<\/div>\n\t\t\t\n\t\t\t\t\t\t\t\t\t<\/article>\n\t\t\t\t\t\t\t\t\t\t\t\t\t\t\t\t<article class=\"uagb-post__inner-wrap\">\t\t\t\t\t\t\t\t<div class='uagb-post__image'>\n\t\t\t\t\t\t\t\t\t<a href=\"https:\/\/aviacionaldia.com\/en\/2026\/04\/el-al-strengthens-long-haul-fleet-agreement-signed-for-up-to-12-boeing-787-jets.html\" target=\"_self\" rel=\"bookmark noopener noreferrer\" class='uagb-image-ratio-inherit'><img decoding=\"async\" width=\"800\" height=\"400\" src=\"https:\/\/aviacionaldia.com\/wp-content\/uploads\/2026\/04\/El-Al-Boeing-787.webp\" class=\"attachment-large size-large\" alt=\"\" srcset=\"https:\/\/aviacionaldia.com\/wp-content\/uploads\/2026\/04\/El-Al-Boeing-787.webp 800w, https:\/\/aviacionaldia.com\/wp-content\/uploads\/2026\/04\/El-Al-Boeing-787-300x150.webp 300w, https:\/\/aviacionaldia.com\/wp-content\/uploads\/2026\/04\/El-Al-Boeing-787-768x384.webp 768w, https:\/\/aviacionaldia.com\/wp-content\/uploads\/2026\/04\/El-Al-Boeing-787-380x190.webp 380w\" sizes=\"(max-width: 800px) 100vw, 800px\" \/>\t\t\t\t\t<\/a>\n\t\t\t\t\t\t\t<\/div>\n\t\t\t\t\t\t<h4 class=\"uagb-post__title uagb-post__text\">\n\t\t\t\t<a href=\"https:\/\/aviacionaldia.com\/en\/2026\/04\/el-al-strengthens-long-haul-fleet-agreement-signed-for-up-to-12-boeing-787-jets.html\" target=\"_self\" rel=\"bookmark noopener noreferrer\">El Al Strengthens Long-Haul Fleet: Agreement Signed for Up to 12 Boeing 787 Jets<\/a>\n\t\t\t<\/h4>\n\t\t\t\t\t\t<div class='uagb-post__text uagb-post-grid-byline'>\n\t\t\t\t\t\t\t<\/div>\n\t\t\t\t\t\t<div class=\"uagb-post__text uagb-post__cta wp-block-button\">\n\t\t\t\t<a class=\"wp-block-button__link uagb-text-link\" style=\"\" href=\"https:\/\/aviacionaldia.com\/en\/2026\/04\/el-al-strengthens-long-haul-fleet-agreement-signed-for-up-to-12-boeing-787-jets.html\" target=\"_self\" rel=\"bookmark noopener noreferrer\">Read More<\/a>\n\t\t\t<\/div>\n\t\t\t\n\t\t\t\t\t\t\t\t\t<\/article>\n\t\t\t\t\t\t\t\t\t\t\t<\/div>\n\t\t\t","protected":false},"excerpt":{"rendered":"Austrian Airlines has taken a key step in renewing its short- and medium-haul fleet with the departure of&hellip;\n","protected":false},"author":4316,"featured_media":182243,"comment_status":"open","ping_status":"closed","sticky":false,"template":"","format":"standard","meta":{"_uag_custom_page_level_css":"","footnotes":""},"categories":[1],"tags":[222,230,644,269],"class_list":{"0":"post-182261","1":"post","2":"type-post","3":"status-publish","4":"format-standard","5":"has-post-thumbnail","7":"category-airlines","8":"tag-aircraft","9":"tag-airline","10":"tag-austrian-airlines-2","11":"tag-europe"},"uagb_featured_image_src":{"full":["https:\/\/aviacionaldia.com\/wp-content\/uploads\/2025\/12\/Austrian-Airlines-Embraer-195.webp",800,400,false],"thumbnail":["https:\/\/aviacionaldia.com\/wp-content\/uploads\/2025\/12\/Austrian-Airlines-Embraer-195-150x150.webp",150,150,true],"medium":["https:\/\/aviacionaldia.com\/wp-content\/uploads\/2025\/12\/Austrian-Airlines-Embraer-195-300x150.webp",300,150,true],"medium_large":["https:\/\/aviacionaldia.com\/wp-content\/uploads\/2025\/12\/Austrian-Airlines-Embraer-195-768x384.webp",768,384,true],"large":["https:\/\/aviacionaldia.com\/wp-content\/uploads\/2025\/12\/Austrian-Airlines-Embraer-195.webp",800,400,false],"1536x1536":["https:\/\/aviacionaldia.com\/wp-content\/uploads\/2025\/12\/Austrian-Airlines-Embraer-195.webp",800,400,false],"2048x2048":["https:\/\/aviacionaldia.com\/wp-content\/uploads\/2025\/12\/Austrian-Airlines-Embraer-195.webp",800,400,false],"pk-small":["https:\/\/aviacionaldia.com\/wp-content\/uploads\/2025\/12\/Austrian-Airlines-Embraer-195-80x80.webp",80,80,true],"pk-thumbnail":["https:\/\/aviacionaldia.com\/wp-content\/uploads\/2025\/12\/Austrian-Airlines-Embraer-195-300x225.webp",300,225,true],"csco-small":["https:\/\/aviacionaldia.com\/wp-content\/uploads\/2025\/12\/Austrian-Airlines-Embraer-195-80x80.webp",80,80,true],"csco-intermediate":["https:\/\/aviacionaldia.com\/wp-content\/uploads\/2025\/12\/Austrian-Airlines-Embraer-195-200x140.webp",200,140,true],"csco-thumbnail":["https:\/\/aviacionaldia.com\/wp-content\/uploads\/2025\/12\/Austrian-Airlines-Embraer-195-380x220.webp",380,220,true],"csco-thumbnail-alternative":["https:\/\/aviacionaldia.com\/wp-content\/uploads\/2025\/12\/Austrian-Airlines-Embraer-195-300x180.webp",300,180,true],"csco-thumbnail-uncropped":["https:\/\/aviacionaldia.com\/wp-content\/uploads\/2025\/12\/Austrian-Airlines-Embraer-195-380x190.webp",380,190,true],"csco-medium":["https:\/\/aviacionaldia.com\/wp-content\/uploads\/2025\/12\/Austrian-Airlines-Embraer-195.webp",800,400,false],"csco-medium-alternative":["https:\/\/aviacionaldia.com\/wp-content\/uploads\/2025\/12\/Austrian-Airlines-Embraer-195-560x336.webp",560,336,true],"csco-medium-uncropped":["https:\/\/aviacionaldia.com\/wp-content\/uploads\/2025\/12\/Austrian-Airlines-Embraer-195.webp",800,400,false],"csco-large":["https:\/\/aviacionaldia.com\/wp-content\/uploads\/2025\/12\/Austrian-Airlines-Embraer-195.webp",800,400,false],"csco-large-uncropped":["https:\/\/aviacionaldia.com\/wp-content\/uploads\/2025\/12\/Austrian-Airlines-Embraer-195.webp",800,400,false],"csco-extra-large":["https:\/\/aviacionaldia.com\/wp-content\/uploads\/2025\/12\/Austrian-Airlines-Embraer-195.webp",800,400,false]},"uagb_author_info":{"display_name":"Redacci\u00f3n - Aviaci\u00f3n al D\u00eda","author_link":"https:\/\/aviacionaldia.com\/en\/author\/aad"},"uagb_comment_info":0,"uagb_excerpt":"Austrian Airlines has taken a key step in renewing its short- and medium-haul fleet with the departure of&hellip;","amp_enabled":true,"_links":{"self":[{"href":"https:\/\/aviacionaldia.com\/en\/wp-json\/wp\/v2\/posts\/182261","targetHints":{"allow":["GET"]}}],"collection":[{"href":"https:\/\/aviacionaldia.com\/en\/wp-json\/wp\/v2\/posts"}],"about":[{"href":"https:\/\/aviacionaldia.com\/en\/wp-json\/wp\/v2\/types\/post"}],"author":[{"embeddable":true,"href":"https:\/\/aviacionaldia.com\/en\/wp-json\/wp\/v2\/users\/4316"}],"replies":[{"embeddable":true,"href":"https:\/\/aviacionaldia.com\/en\/wp-json\/wp\/v2\/comments?post=182261"}],"version-history":[{"count":1,"href":"https:\/\/aviacionaldia.com\/en\/wp-json\/wp\/v2\/posts\/182261\/revisions"}],"predecessor-version":[{"id":182262,"href":"https:\/\/aviacionaldia.com\/en\/wp-json\/wp\/v2\/posts\/182261\/revisions\/182262"}],"wp:featuredmedia":[{"embeddable":true,"href":"https:\/\/aviacionaldia.com\/en\/wp-json\/wp\/v2\/media\/182243"}],"wp:attachment":[{"href":"https:\/\/aviacionaldia.com\/en\/wp-json\/wp\/v2\/media?parent=182261"}],"wp:term":[{"taxonomy":"category","embeddable":true,"href":"https:\/\/aviacionaldia.com\/en\/wp-json\/wp\/v2\/categories?post=182261"},{"taxonomy":"post_tag","embeddable":true,"href":"https:\/\/aviacionaldia.com\/en\/wp-json\/wp\/v2\/tags?post=182261"}],"curies":[{"name":"wp","href":"https:\/\/api.w.org\/{rel}","templated":true}]}}