{"id":182373,"date":"2025-12-16T15:30:21","date_gmt":"2025-12-16T15:30:21","guid":{"rendered":"https:\/\/aviacionaldia.com\/?p=182373"},"modified":"2025-12-17T12:31:05","modified_gmt":"2025-12-17T12:31:05","slug":"faa-reiterates-warning-to-airlines-over-deteriorating-safety-in-venezuelan-airspace","status":"publish","type":"post","link":"https:\/\/aviacionaldia.com\/en\/2025\/12\/faa-reiterates-warning-to-airlines-over-deteriorating-safety-in-venezuelan-airspace.html","title":{"rendered":"FAA Reiterates Warning to Airlines Over Deteriorating Safety in Venezuelan Airspace"},"content":{"rendered":"\n<p>The <strong>U.S. Federal Aviation Administration (FAA) <\/strong>reiterated a warning on Tuesday to major airlines regarding the worsening safety situation when flying over <strong>Venezuela<\/strong>. This communication was originally issued on November 21 and is now being reissued without changes.<\/p>\n\n\n\n<p>The aviation authority urged operators to exercise extreme caution in their operations related to Venezuelan airspace due to risks that could directly affect aircraft safety.<\/p>\n\n\n\n<h2 class=\"wp-block-heading\">Warning in Effect Without Modifications<\/h2>\n\n\n\n<p>According to the FAA, the alert disseminated to the media is identical to the one published weeks ago. The agency emphasized that no adjustments have been made to the content, indicating that the conditions that prompted the notice persist.<\/p>\n\n\n\n<p>The regulatory body noted that the situation represents an ongoing scenario of concern for airlines planning routes that include this region.<\/p>\n\n\n\n<p><strong><em>\u2192 <a href=\"https:\/\/aviacionaldia.com\/en\/2025\/12\/copa-airlines-extends-suspension-of-flights-to-and-from-caracas-venezuela-until-january.html\">Copa Airlines Extends Suspension of Flights to and from Caracas (Venezuela) Until January<\/a><\/em><\/strong><\/p>\n\n\n\n<h2 class=\"wp-block-heading\">Risks in All Phases of Flight<\/h2>\n\n\n\n<p>In the official notice, the FAA detailed that potential threats could affect aircraft at any altitude, broadening the scope of operational risk.<\/p>\n\n\n\n<p>The statement specifies that these dangers can manifest during:<\/p>\n\n\n\n<ul class=\"wp-block-list\">\n<li>Overflight of the territory<\/li>\n<\/ul>\n\n\n\n<ul class=\"wp-block-list\">\n<li>Arrival and departure phases<\/li>\n<\/ul>\n\n\n\n<ul class=\"wp-block-list\">\n<li>Airport operations<\/li>\n<\/ul>\n\n\n\n<ul class=\"wp-block-list\">\n<li>Aircraft on the ground<\/li>\n<\/ul>\n\n\n\n<p>This comprehensive approach reflects the authority&#8217;s concern for safety at each stage of the flight, not just during overflight.<\/p>\n\n\n\n<h2 class=\"wp-block-heading\">Geopolitical Context in the Caribbean<\/h2>\n\n\n\n<p>The warning comes within a period of escalation between the United States and the government of Nicol\u00e1s Maduro. Since September 2025, reports indicate increased military readiness in Venezuela, along with electronic interference affecting flight navigation.<\/p>\n\n\n\n<p>This regional context forms part of the backdrop surrounding the FAA&#8217;s risk assessment, reinforcing the need for airlines to maintain constant vigilance when operating in the area.<\/p>\n\n\n\n<h2 class=\"wp-block-heading\">Impact on Commercial Aviation<\/h2>\n\n\n\n<p>Although the FAA did not announce new restrictions, the reiteration of the warning makes clear that the security environment remains a cause for concern. For air operators, this type of communication is key in decision-making related to route planning and risk management.<\/p>\n\n\n\n<p>Following the initial warning in November, several international airlines suspended their flights to Venezuela, including Iberia, TAP Air Portugal, Plus Ultra, Avianca, LATAM, Gol, Turkish Airlines, and subsequently Copa Airlines and Wingo.<\/p>\n\n\n\n<h2 class=\"wp-block-heading\" id=\"related-topics\">Related Topics<\/h2>\n\n\n\n\t\t\t<div class=\"wp-block-uagb-post-grid uagb-post-grid  uagb-post__image-position-top uagb-post__image-enabled uagb-block-9e302684     uagb-post__items uagb-post__columns-2 is-grid uagb-post__columns-tablet-2 uagb-post__columns-mobile-1 uagb-post__equal-height\" data-total=\"516\" style=\"\">\n\n\t\t\t\t\t\t\t\t\t\t\t\t<article class=\"uagb-post__inner-wrap\">\t\t\t\t\t\t\t\t<div class='uagb-post__image'>\n\t\t\t\t\t\t\t\t\t<a href=\"https:\/\/aviacionaldia.com\/en\/2026\/04\/ryanair-urges-spanish-government-to-suspend-new-ees-border-control-system-until-september.html\" target=\"_self\" rel=\"bookmark noopener noreferrer\" class='uagb-image-ratio-inherit'><img decoding=\"async\" width=\"800\" height=\"400\" src=\"https:\/\/aviacionaldia.com\/wp-content\/uploads\/2026\/04\/Sistema-de-control-fronterizo-EES.webp\" class=\"attachment-large size-large\" alt=\"\" srcset=\"https:\/\/aviacionaldia.com\/wp-content\/uploads\/2026\/04\/Sistema-de-control-fronterizo-EES.webp 800w, https:\/\/aviacionaldia.com\/wp-content\/uploads\/2026\/04\/Sistema-de-control-fronterizo-EES-300x150.webp 300w, https:\/\/aviacionaldia.com\/wp-content\/uploads\/2026\/04\/Sistema-de-control-fronterizo-EES-768x384.webp 768w, https:\/\/aviacionaldia.com\/wp-content\/uploads\/2026\/04\/Sistema-de-control-fronterizo-EES-380x190.webp 380w\" sizes=\"(max-width: 800px) 100vw, 800px\" \/>\t\t\t\t\t<\/a>\n\t\t\t\t\t\t\t<\/div>\n\t\t\t\t\t\t<h4 class=\"uagb-post__title uagb-post__text\">\n\t\t\t\t<a href=\"https:\/\/aviacionaldia.com\/en\/2026\/04\/ryanair-urges-spanish-government-to-suspend-new-ees-border-control-system-until-september.html\" target=\"_self\" rel=\"bookmark noopener noreferrer\">Ryanair Urges Spanish Government to Suspend New EES Border Control System Until September<\/a>\n\t\t\t<\/h4>\n\t\t\t\t\t\t<div class='uagb-post__text uagb-post-grid-byline'>\n\t\t\t\t\t\t\t<\/div>\n\t\t\t\t\t\t<div class=\"uagb-post__text uagb-post__cta wp-block-button\">\n\t\t\t\t<a class=\"wp-block-button__link uagb-text-link\" style=\"\" href=\"https:\/\/aviacionaldia.com\/en\/2026\/04\/ryanair-urges-spanish-government-to-suspend-new-ees-border-control-system-until-september.html\" target=\"_self\" rel=\"bookmark noopener noreferrer\">Read More<\/a>\n\t\t\t<\/div>\n\t\t\t\n\t\t\t\t\t\t\t\t\t<\/article>\n\t\t\t\t\t\t\t\t\t\t\t\t\t\t\t\t<article class=\"uagb-post__inner-wrap\">\t\t\t\t\t\t\t\t<div class='uagb-post__image'>\n\t\t\t\t\t\t\t\t\t<a href=\"https:\/\/aviacionaldia.com\/en\/2026\/04\/alaska-airlines-crosses-the-atlantic-direct-flights-launched-between-seattle-and-rome.html\" target=\"_self\" rel=\"bookmark noopener noreferrer\" class='uagb-image-ratio-inherit'><img decoding=\"async\" width=\"800\" height=\"400\" src=\"https:\/\/aviacionaldia.com\/wp-content\/uploads\/2026\/04\/Alaska-Airlines-Boeing-787.webp\" class=\"attachment-large size-large\" alt=\"\" srcset=\"https:\/\/aviacionaldia.com\/wp-content\/uploads\/2026\/04\/Alaska-Airlines-Boeing-787.webp 800w, https:\/\/aviacionaldia.com\/wp-content\/uploads\/2026\/04\/Alaska-Airlines-Boeing-787-300x150.webp 300w, https:\/\/aviacionaldia.com\/wp-content\/uploads\/2026\/04\/Alaska-Airlines-Boeing-787-768x384.webp 768w, https:\/\/aviacionaldia.com\/wp-content\/uploads\/2026\/04\/Alaska-Airlines-Boeing-787-380x190.webp 380w\" sizes=\"(max-width: 800px) 100vw, 800px\" \/>\t\t\t\t\t<\/a>\n\t\t\t\t\t\t\t<\/div>\n\t\t\t\t\t\t<h4 class=\"uagb-post__title uagb-post__text\">\n\t\t\t\t<a href=\"https:\/\/aviacionaldia.com\/en\/2026\/04\/alaska-airlines-crosses-the-atlantic-direct-flights-launched-between-seattle-and-rome.html\" target=\"_self\" rel=\"bookmark noopener noreferrer\">Alaska Airlines Crosses the Atlantic: Direct Flights Launched Between Seattle and Rome<\/a>\n\t\t\t<\/h4>\n\t\t\t\t\t\t<div class='uagb-post__text uagb-post-grid-byline'>\n\t\t\t\t\t\t\t<\/div>\n\t\t\t\t\t\t<div class=\"uagb-post__text uagb-post__cta wp-block-button\">\n\t\t\t\t<a class=\"wp-block-button__link uagb-text-link\" style=\"\" href=\"https:\/\/aviacionaldia.com\/en\/2026\/04\/alaska-airlines-crosses-the-atlantic-direct-flights-launched-between-seattle-and-rome.html\" target=\"_self\" rel=\"bookmark noopener noreferrer\">Read More<\/a>\n\t\t\t<\/div>\n\t\t\t\n\t\t\t\t\t\t\t\t\t<\/article>\n\t\t\t\t\t\t\t\t\t\t\t\t\t\t\t\t<article class=\"uagb-post__inner-wrap\">\t\t\t\t\t\t\t\t<div class='uagb-post__image'>\n\t\t\t\t\t\t\t\t\t<a href=\"https:\/\/aviacionaldia.com\/en\/2026\/04\/lufthansa-strengthens-munich-hub-launches-new-stopover-program.html\" target=\"_self\" rel=\"bookmark noopener noreferrer\" class='uagb-image-ratio-inherit'><img decoding=\"async\" width=\"800\" height=\"400\" src=\"https:\/\/aviacionaldia.com\/wp-content\/uploads\/2026\/04\/Munich.webp\" class=\"attachment-large size-large\" alt=\"\" srcset=\"https:\/\/aviacionaldia.com\/wp-content\/uploads\/2026\/04\/Munich.webp 800w, https:\/\/aviacionaldia.com\/wp-content\/uploads\/2026\/04\/Munich-300x150.webp 300w, https:\/\/aviacionaldia.com\/wp-content\/uploads\/2026\/04\/Munich-768x384.webp 768w, https:\/\/aviacionaldia.com\/wp-content\/uploads\/2026\/04\/Munich-380x190.webp 380w\" sizes=\"(max-width: 800px) 100vw, 800px\" \/>\t\t\t\t\t<\/a>\n\t\t\t\t\t\t\t<\/div>\n\t\t\t\t\t\t<h4 class=\"uagb-post__title uagb-post__text\">\n\t\t\t\t<a href=\"https:\/\/aviacionaldia.com\/en\/2026\/04\/lufthansa-strengthens-munich-hub-launches-new-stopover-program.html\" target=\"_self\" rel=\"bookmark noopener noreferrer\">Lufthansa Strengthens Munich Hub: Launches New &#8220;Stopover&#8221; Program<\/a>\n\t\t\t<\/h4>\n\t\t\t\t\t\t<div class='uagb-post__text uagb-post-grid-byline'>\n\t\t\t\t\t\t\t<\/div>\n\t\t\t\t\t\t<div class=\"uagb-post__text uagb-post__cta wp-block-button\">\n\t\t\t\t<a class=\"wp-block-button__link uagb-text-link\" style=\"\" href=\"https:\/\/aviacionaldia.com\/en\/2026\/04\/lufthansa-strengthens-munich-hub-launches-new-stopover-program.html\" target=\"_self\" rel=\"bookmark noopener noreferrer\">Read More<\/a>\n\t\t\t<\/div>\n\t\t\t\n\t\t\t\t\t\t\t\t\t<\/article>\n\t\t\t\t\t\t\t\t\t\t\t\t\t\t\t\t<article class=\"uagb-post__inner-wrap\">\t\t\t\t\t\t\t\t<div class='uagb-post__image'>\n\t\t\t\t\t\t\t\t\t<a href=\"https:\/\/aviacionaldia.com\/en\/2026\/04\/ascend-airways-enters-liquidation-impact-of-operating-costs-and-rising-fuel-prices-in-uk.html\" target=\"_self\" rel=\"bookmark noopener noreferrer\" class='uagb-image-ratio-inherit'><img decoding=\"async\" width=\"800\" height=\"400\" src=\"https:\/\/aviacionaldia.com\/wp-content\/uploads\/2026\/04\/Ascend-Airways.webp\" class=\"attachment-large size-large\" alt=\"\" srcset=\"https:\/\/aviacionaldia.com\/wp-content\/uploads\/2026\/04\/Ascend-Airways.webp 800w, https:\/\/aviacionaldia.com\/wp-content\/uploads\/2026\/04\/Ascend-Airways-300x150.webp 300w, https:\/\/aviacionaldia.com\/wp-content\/uploads\/2026\/04\/Ascend-Airways-768x384.webp 768w, https:\/\/aviacionaldia.com\/wp-content\/uploads\/2026\/04\/Ascend-Airways-380x190.webp 380w\" sizes=\"(max-width: 800px) 100vw, 800px\" \/>\t\t\t\t\t<\/a>\n\t\t\t\t\t\t\t<\/div>\n\t\t\t\t\t\t<h4 class=\"uagb-post__title uagb-post__text\">\n\t\t\t\t<a href=\"https:\/\/aviacionaldia.com\/en\/2026\/04\/ascend-airways-enters-liquidation-impact-of-operating-costs-and-rising-fuel-prices-in-uk.html\" target=\"_self\" rel=\"bookmark noopener noreferrer\">Ascend Airways Enters Liquidation: Impact of Operating Costs and Rising Fuel Prices in UK<\/a>\n\t\t\t<\/h4>\n\t\t\t\t\t\t<div class='uagb-post__text uagb-post-grid-byline'>\n\t\t\t\t\t\t\t<\/div>\n\t\t\t\t\t\t<div class=\"uagb-post__text uagb-post__cta wp-block-button\">\n\t\t\t\t<a class=\"wp-block-button__link uagb-text-link\" style=\"\" href=\"https:\/\/aviacionaldia.com\/en\/2026\/04\/ascend-airways-enters-liquidation-impact-of-operating-costs-and-rising-fuel-prices-in-uk.html\" target=\"_self\" rel=\"bookmark noopener noreferrer\">Read More<\/a>\n\t\t\t<\/div>\n\t\t\t\n\t\t\t\t\t\t\t\t\t<\/article>\n\t\t\t\t\t\t\t\t\t\t\t<\/div>\n\t\t\t","protected":false},"excerpt":{"rendered":"The U.S. Federal Aviation Administration (FAA) reiterated a warning on Tuesday to major airlines regarding the worsening safety&hellip;\n","protected":false},"author":4316,"featured_media":114742,"comment_status":"open","ping_status":"closed","sticky":false,"template":"","format":"standard","meta":{"_uag_custom_page_level_css":"","footnotes":""},"categories":[1],"tags":[230,197,198,278],"class_list":{"0":"post-182373","1":"post","2":"type-post","3":"status-publish","4":"format-standard","5":"has-post-thumbnail","7":"category-airlines","8":"tag-airline","9":"tag-airlines","10":"tag-flights","11":"tag-venezuela-2"},"uagb_featured_image_src":{"full":["https:\/\/aviacionaldia.com\/wp-content\/uploads\/2021\/08\/estela-avion.jpg",800,400,false],"thumbnail":["https:\/\/aviacionaldia.com\/wp-content\/uploads\/2021\/08\/estela-avion-150x150.jpg",150,150,true],"medium":["https:\/\/aviacionaldia.com\/wp-content\/uploads\/2021\/08\/estela-avion-300x150.jpg",300,150,true],"medium_large":["https:\/\/aviacionaldia.com\/wp-content\/uploads\/2021\/08\/estela-avion-768x384.jpg",768,384,true],"large":["https:\/\/aviacionaldia.com\/wp-content\/uploads\/2021\/08\/estela-avion.jpg",800,400,false],"1536x1536":["https:\/\/aviacionaldia.com\/wp-content\/uploads\/2021\/08\/estela-avion.jpg",800,400,false],"2048x2048":["https:\/\/aviacionaldia.com\/wp-content\/uploads\/2021\/08\/estela-avion.jpg",800,400,false],"pk-small":["https:\/\/aviacionaldia.com\/wp-content\/uploads\/2021\/08\/estela-avion.jpg",80,40,false],"pk-thumbnail":["https:\/\/aviacionaldia.com\/wp-content\/uploads\/2021\/08\/estela-avion.jpg",300,150,false],"csco-small":["https:\/\/aviacionaldia.com\/wp-content\/uploads\/2021\/08\/estela-avion-80x80.jpg",80,80,true],"csco-intermediate":["https:\/\/aviacionaldia.com\/wp-content\/uploads\/2021\/08\/estela-avion-200x140.jpg",200,140,true],"csco-thumbnail":["https:\/\/aviacionaldia.com\/wp-content\/uploads\/2021\/08\/estela-avion-380x220.jpg",380,220,true],"csco-thumbnail-alternative":["https:\/\/aviacionaldia.com\/wp-content\/uploads\/2021\/08\/estela-avion-300x180.jpg",300,180,true],"csco-thumbnail-uncropped":["https:\/\/aviacionaldia.com\/wp-content\/uploads\/2021\/08\/estela-avion-380x190.jpg",380,190,true],"csco-medium":["https:\/\/aviacionaldia.com\/wp-content\/uploads\/2021\/08\/estela-avion.jpg",800,400,false],"csco-medium-alternative":["https:\/\/aviacionaldia.com\/wp-content\/uploads\/2021\/08\/estela-avion-560x336.jpg",560,336,true],"csco-medium-uncropped":["https:\/\/aviacionaldia.com\/wp-content\/uploads\/2021\/08\/estela-avion.jpg",800,400,false],"csco-large":["https:\/\/aviacionaldia.com\/wp-content\/uploads\/2021\/08\/estela-avion.jpg",800,400,false],"csco-large-uncropped":["https:\/\/aviacionaldia.com\/wp-content\/uploads\/2021\/08\/estela-avion.jpg",800,400,false],"csco-extra-large":["https:\/\/aviacionaldia.com\/wp-content\/uploads\/2021\/08\/estela-avion.jpg",800,400,false]},"uagb_author_info":{"display_name":"Redacci\u00f3n - Aviaci\u00f3n al D\u00eda","author_link":"https:\/\/aviacionaldia.com\/en\/author\/aad"},"uagb_comment_info":0,"uagb_excerpt":"The U.S. Federal Aviation Administration (FAA) reiterated a warning on Tuesday to major airlines regarding the worsening safety&hellip;","amp_enabled":true,"_links":{"self":[{"href":"https:\/\/aviacionaldia.com\/en\/wp-json\/wp\/v2\/posts\/182373","targetHints":{"allow":["GET"]}}],"collection":[{"href":"https:\/\/aviacionaldia.com\/en\/wp-json\/wp\/v2\/posts"}],"about":[{"href":"https:\/\/aviacionaldia.com\/en\/wp-json\/wp\/v2\/types\/post"}],"author":[{"embeddable":true,"href":"https:\/\/aviacionaldia.com\/en\/wp-json\/wp\/v2\/users\/4316"}],"replies":[{"embeddable":true,"href":"https:\/\/aviacionaldia.com\/en\/wp-json\/wp\/v2\/comments?post=182373"}],"version-history":[{"count":2,"href":"https:\/\/aviacionaldia.com\/en\/wp-json\/wp\/v2\/posts\/182373\/revisions"}],"predecessor-version":[{"id":182410,"href":"https:\/\/aviacionaldia.com\/en\/wp-json\/wp\/v2\/posts\/182373\/revisions\/182410"}],"wp:featuredmedia":[{"embeddable":true,"href":"https:\/\/aviacionaldia.com\/en\/wp-json\/wp\/v2\/media\/114742"}],"wp:attachment":[{"href":"https:\/\/aviacionaldia.com\/en\/wp-json\/wp\/v2\/media?parent=182373"}],"wp:term":[{"taxonomy":"category","embeddable":true,"href":"https:\/\/aviacionaldia.com\/en\/wp-json\/wp\/v2\/categories?post=182373"},{"taxonomy":"post_tag","embeddable":true,"href":"https:\/\/aviacionaldia.com\/en\/wp-json\/wp\/v2\/tags?post=182373"}],"curies":[{"name":"wp","href":"https:\/\/api.w.org\/{rel}","templated":true}]}}