{"id":185328,"date":"2026-03-11T14:30:53","date_gmt":"2026-03-11T14:30:53","guid":{"rendered":"https:\/\/aviacionaldia.com\/?p=185328"},"modified":"2026-03-12T12:21:14","modified_gmt":"2026-03-12T12:21:14","slug":"heathrow-airport-records-record-breaking-february-5-8-million-passengers","status":"publish","type":"post","link":"https:\/\/aviacionaldia.com\/en\/2026\/03\/heathrow-airport-records-record-breaking-february-5-8-million-passengers.html","title":{"rendered":"Heathrow Airport Records Record-Breaking February: 5.8 Million Passengers"},"content":{"rendered":"\n<p><strong>London Heathrow Airport<\/strong> has reported the busiest February in its history, handling 5.8 million passengers. This milestone, driven by the school half-term break and Chinese New Year festivities, represents a 1.9% increase compared to the previous year.<\/p>\n\n\n\n<h2 class=\"wp-block-heading\">Operational Performance and Ground Efficiency<\/h2>\n\n\n\n<p>Despite the surge in traveler volume, the United Kingdom\u2019s premier hub maintained punctuality levels superior to other European hubs and London-area airports.<\/p>\n\n\n\n<ul class=\"wp-block-list\">\n<li><strong>Efficient Security:<\/strong> 98% of passengers successfully completed security screening processes in under five minutes.<\/li>\n\n\n\n<li><strong>Fleet Optimization:<\/strong> Growth was facilitated by airlines operating larger aircraft with higher load factors.<\/li>\n\n\n\n<li><strong>Punctuality Leadership:<\/strong> Heathrow solidified its position as Europe\u2019s most reliable hub during the month of February.<\/li>\n<\/ul>\n\n\n\n<p><strong><em>\u2192 <a href=\"https:\/\/aviacionaldia.com\/en\/2026\/03\/colombia-and-iata-strengthen-technical-slot-management-to-optimize-el-dorado-operations.html\">Colombia and IATA Strengthen Technical Slot Management to Optimize El Dorado Operations<\/a><\/em><\/strong><\/p>\n\n\n\n<h2 class=\"wp-block-heading\">Capacity Challenge Against Europe<\/h2>\n\n\n\n<p>Despite these record-breaking figures, Heathrow faces structural challenges. According to data from the <strong>Airports Council International (ACI)<\/strong>, the airport&#8217;s growth (1.9%) sits below the European average, which reached 4.6%.<\/p>\n\n\n\n<p>Airport management notes that operating near maximum capacity is limiting passenger options and stifling competition. In this context, <strong>Istanbul Airport<\/strong> currently ranks as the busiest in Europe, displacing Heathrow in total volume.<\/p>\n\n\n\n<p><strong>Urgency of Expansion<\/strong><\/p>\n\n\n\n<p>Heathrow\u2019s expansion plans remain the cornerstone of its long-term strategy. Management maintains that the expansion will allow the airport to:<\/p>\n\n\n\n<ul class=\"wp-block-list\">\n<li>Add new routes and increase global connectivity.<\/li>\n\n\n\n<li>Introduce greater competition, resulting in lower fares for users.<\/li>\n\n\n\n<li>Guarantee the necessary infrastructure for the country to maintain its competitiveness and economic growth.<\/li>\n<\/ul>\n\n\n\n<h2 class=\"wp-block-heading\">Strength in the Air Cargo Sector<\/h2>\n\n\n\n<p>The volume of cargo handled in February rose to nearly 130,000 tonnes, representing a 4% year-on-year increase. This growth was achieved by optimizing belly-hold capacity on passenger flights, despite having fewer dedicated freighter movements. These figures reinforce Heathrow&#8217;s position as the United Kingdom\u2019s most valuable trading port.<\/p>\n\n\n\n<p>Thomas Woldbye, CEO of Heathrow, highlighted: &#8220;Our passengers are at the heart of everything we do, and we are focused on supporting those affected by ongoing events in the Middle East.&#8221; &#8220;We continue to monitor the situation closely and are ready to minimize any operational impact.&#8221;<\/p>\n\n\n\n<p>Heathrow concludes the second month of the year by reaffirming its commitment to service excellence while seeking to secure the political and social backing required for its future expansion.<\/p>\n\n\n\n<h2 class=\"wp-block-heading\" id=\"related-topics\">Related Topics<\/h2>\n\n\n\n\t\t\t<div class=\"wp-block-uagb-post-grid uagb-post-grid  uagb-post__image-position-top uagb-post__image-enabled uagb-block-9e302684     uagb-post__items uagb-post__columns-2 is-grid uagb-post__columns-tablet-2 uagb-post__columns-mobile-1 uagb-post__equal-height\" data-total=\"468\" style=\"\">\n\n\t\t\t\t\t\t\t\t\t\t\t\t<article class=\"uagb-post__inner-wrap\">\t\t\t\t\t\t\t\t<div class='uagb-post__image'>\n\t\t\t\t\t\t\t\t\t<a href=\"https:\/\/aviacionaldia.com\/en\/2026\/04\/air-premia-launches-new-route-between-seoul-and-washington-d-c.html\" target=\"_self\" rel=\"bookmark noopener noreferrer\" class='uagb-image-ratio-inherit'><img decoding=\"async\" width=\"800\" height=\"400\" src=\"https:\/\/aviacionaldia.com\/wp-content\/uploads\/2026\/04\/Air-Premia-Vuelos-a-Washington-D.C.webp\" class=\"attachment-large size-large\" alt=\"\" srcset=\"https:\/\/aviacionaldia.com\/wp-content\/uploads\/2026\/04\/Air-Premia-Vuelos-a-Washington-D.C.webp 800w, https:\/\/aviacionaldia.com\/wp-content\/uploads\/2026\/04\/Air-Premia-Vuelos-a-Washington-D.C-300x150.webp 300w, https:\/\/aviacionaldia.com\/wp-content\/uploads\/2026\/04\/Air-Premia-Vuelos-a-Washington-D.C-768x384.webp 768w, https:\/\/aviacionaldia.com\/wp-content\/uploads\/2026\/04\/Air-Premia-Vuelos-a-Washington-D.C-380x190.webp 380w\" sizes=\"(max-width: 800px) 100vw, 800px\" \/>\t\t\t\t\t<\/a>\n\t\t\t\t\t\t\t<\/div>\n\t\t\t\t\t\t<h4 class=\"uagb-post__title uagb-post__text\">\n\t\t\t\t<a href=\"https:\/\/aviacionaldia.com\/en\/2026\/04\/air-premia-launches-new-route-between-seoul-and-washington-d-c.html\" target=\"_self\" rel=\"bookmark noopener noreferrer\">Air Premia Launches New Route Between Seoul and Washington D.C.<\/a>\n\t\t\t<\/h4>\n\t\t\t\t\t\t<div class='uagb-post__text uagb-post-grid-byline'>\n\t\t\t\t\t\t\t<\/div>\n\t\t\t\t\t\t<div class=\"uagb-post__text uagb-post__cta wp-block-button\">\n\t\t\t\t<a class=\"wp-block-button__link uagb-text-link\" style=\"\" href=\"https:\/\/aviacionaldia.com\/en\/2026\/04\/air-premia-launches-new-route-between-seoul-and-washington-d-c.html\" target=\"_self\" rel=\"bookmark noopener noreferrer\">Read More<\/a>\n\t\t\t<\/div>\n\t\t\t\n\t\t\t\t\t\t\t\t\t<\/article>\n\t\t\t\t\t\t\t\t\t\t\t\t\t\t\t\t<article class=\"uagb-post__inner-wrap\">\t\t\t\t\t\t\t\t<div class='uagb-post__image'>\n\t\t\t\t\t\t\t\t\t<a href=\"https:\/\/aviacionaldia.com\/en\/2026\/04\/united-reveals-details-of-failed-merger-proposal-with-american-airlines-global-giant-that-never-took-flight.html\" target=\"_self\" rel=\"bookmark noopener noreferrer\" class='uagb-image-ratio-inherit'><img decoding=\"async\" width=\"800\" height=\"400\" src=\"https:\/\/aviacionaldia.com\/wp-content\/uploads\/2026\/01\/United-Airlines-American-Airlines.webp\" class=\"attachment-large size-large\" alt=\"\" srcset=\"https:\/\/aviacionaldia.com\/wp-content\/uploads\/2026\/01\/United-Airlines-American-Airlines.webp 800w, https:\/\/aviacionaldia.com\/wp-content\/uploads\/2026\/01\/United-Airlines-American-Airlines-300x150.webp 300w, https:\/\/aviacionaldia.com\/wp-content\/uploads\/2026\/01\/United-Airlines-American-Airlines-768x384.webp 768w, https:\/\/aviacionaldia.com\/wp-content\/uploads\/2026\/01\/United-Airlines-American-Airlines-380x190.webp 380w\" sizes=\"(max-width: 800px) 100vw, 800px\" \/>\t\t\t\t\t<\/a>\n\t\t\t\t\t\t\t<\/div>\n\t\t\t\t\t\t<h4 class=\"uagb-post__title uagb-post__text\">\n\t\t\t\t<a href=\"https:\/\/aviacionaldia.com\/en\/2026\/04\/united-reveals-details-of-failed-merger-proposal-with-american-airlines-global-giant-that-never-took-flight.html\" target=\"_self\" rel=\"bookmark noopener noreferrer\">United Reveals Details of Failed Merger Proposal with American Airlines: Global Giant That Never Took Flight<\/a>\n\t\t\t<\/h4>\n\t\t\t\t\t\t<div class='uagb-post__text uagb-post-grid-byline'>\n\t\t\t\t\t\t\t<\/div>\n\t\t\t\t\t\t<div class=\"uagb-post__text uagb-post__cta wp-block-button\">\n\t\t\t\t<a class=\"wp-block-button__link uagb-text-link\" style=\"\" href=\"https:\/\/aviacionaldia.com\/en\/2026\/04\/united-reveals-details-of-failed-merger-proposal-with-american-airlines-global-giant-that-never-took-flight.html\" target=\"_self\" rel=\"bookmark noopener noreferrer\">Read More<\/a>\n\t\t\t<\/div>\n\t\t\t\n\t\t\t\t\t\t\t\t\t<\/article>\n\t\t\t\t\t\t\t\t\t\t\t\t\t\t\t\t<article class=\"uagb-post__inner-wrap\">\t\t\t\t\t\t\t\t<div class='uagb-post__image'>\n\t\t\t\t\t\t\t\t\t<a href=\"https:\/\/aviacionaldia.com\/en\/2026\/04\/copa-airlines-consolidates-leadership-in-venezuela-connecting-17-u-s-destinations-from-5-domestic-cities.html\" target=\"_self\" rel=\"bookmark noopener noreferrer\" class='uagb-image-ratio-inherit'><img decoding=\"async\" width=\"800\" height=\"400\" src=\"https:\/\/aviacionaldia.com\/wp-content\/uploads\/2023\/06\/Copa-Airlines-Boeing-737.jpg\" class=\"attachment-large size-large\" alt=\"\" srcset=\"https:\/\/aviacionaldia.com\/wp-content\/uploads\/2023\/06\/Copa-Airlines-Boeing-737.jpg 800w, https:\/\/aviacionaldia.com\/wp-content\/uploads\/2023\/06\/Copa-Airlines-Boeing-737-300x150.jpg 300w, https:\/\/aviacionaldia.com\/wp-content\/uploads\/2023\/06\/Copa-Airlines-Boeing-737-768x384.jpg 768w, https:\/\/aviacionaldia.com\/wp-content\/uploads\/2023\/06\/Copa-Airlines-Boeing-737-380x190.jpg 380w\" sizes=\"(max-width: 800px) 100vw, 800px\" \/>\t\t\t\t\t<\/a>\n\t\t\t\t\t\t\t<\/div>\n\t\t\t\t\t\t<h4 class=\"uagb-post__title uagb-post__text\">\n\t\t\t\t<a href=\"https:\/\/aviacionaldia.com\/en\/2026\/04\/copa-airlines-consolidates-leadership-in-venezuela-connecting-17-u-s-destinations-from-5-domestic-cities.html\" target=\"_self\" rel=\"bookmark noopener noreferrer\">Copa Airlines Consolidates Leadership in Venezuela: Connecting 17 U.S. Destinations from 5 Domestic Cities<\/a>\n\t\t\t<\/h4>\n\t\t\t\t\t\t<div class='uagb-post__text uagb-post-grid-byline'>\n\t\t\t\t\t\t\t<\/div>\n\t\t\t\t\t\t<div class=\"uagb-post__text uagb-post__cta wp-block-button\">\n\t\t\t\t<a class=\"wp-block-button__link uagb-text-link\" style=\"\" href=\"https:\/\/aviacionaldia.com\/en\/2026\/04\/copa-airlines-consolidates-leadership-in-venezuela-connecting-17-u-s-destinations-from-5-domestic-cities.html\" target=\"_self\" rel=\"bookmark noopener noreferrer\">Read More<\/a>\n\t\t\t<\/div>\n\t\t\t\n\t\t\t\t\t\t\t\t\t<\/article>\n\t\t\t\t\t\t\t\t\t\t\t\t\t\t\t\t<article class=\"uagb-post__inner-wrap\">\t\t\t\t\t\t\t\t<div class='uagb-post__image'>\n\t\t\t\t\t\t\t\t\t<a href=\"https:\/\/aviacionaldia.com\/en\/2026\/04\/us-low-cost-carriers-request-2-5-billion-relief-plan-from-white-house.html\" target=\"_self\" rel=\"bookmark noopener noreferrer\" class='uagb-image-ratio-inherit'><img decoding=\"async\" width=\"800\" height=\"400\" src=\"https:\/\/aviacionaldia.com\/wp-content\/uploads\/2022\/05\/aviones.jpg\" class=\"attachment-large size-large\" alt=\"\" srcset=\"https:\/\/aviacionaldia.com\/wp-content\/uploads\/2022\/05\/aviones.jpg 800w, https:\/\/aviacionaldia.com\/wp-content\/uploads\/2022\/05\/aviones-300x150.jpg 300w, https:\/\/aviacionaldia.com\/wp-content\/uploads\/2022\/05\/aviones-768x384.jpg 768w, https:\/\/aviacionaldia.com\/wp-content\/uploads\/2022\/05\/aviones-380x190.jpg 380w\" sizes=\"(max-width: 800px) 100vw, 800px\" \/>\t\t\t\t\t<\/a>\n\t\t\t\t\t\t\t<\/div>\n\t\t\t\t\t\t<h4 class=\"uagb-post__title uagb-post__text\">\n\t\t\t\t<a href=\"https:\/\/aviacionaldia.com\/en\/2026\/04\/us-low-cost-carriers-request-2-5-billion-relief-plan-from-white-house.html\" target=\"_self\" rel=\"bookmark noopener noreferrer\">US Low-Cost Carriers Request $2.5 Billion Relief Plan from White House<\/a>\n\t\t\t<\/h4>\n\t\t\t\t\t\t<div class='uagb-post__text uagb-post-grid-byline'>\n\t\t\t\t\t\t\t<\/div>\n\t\t\t\t\t\t<div class=\"uagb-post__text uagb-post__cta wp-block-button\">\n\t\t\t\t<a class=\"wp-block-button__link uagb-text-link\" style=\"\" href=\"https:\/\/aviacionaldia.com\/en\/2026\/04\/us-low-cost-carriers-request-2-5-billion-relief-plan-from-white-house.html\" target=\"_self\" rel=\"bookmark noopener noreferrer\">Read More<\/a>\n\t\t\t<\/div>\n\t\t\t\n\t\t\t\t\t\t\t\t\t<\/article>\n\t\t\t\t\t\t\t\t\t\t\t<\/div>\n\t\t\t","protected":false},"excerpt":{"rendered":"London Heathrow Airport has reported the busiest February in its history, handling 5.8 million passengers. This milestone, driven&hellip;\n","protected":false},"author":4316,"featured_media":116053,"comment_status":"open","ping_status":"closed","sticky":false,"template":"","format":"standard","meta":{"_uag_custom_page_level_css":"","footnotes":""},"categories":[189],"tags":[195,269],"class_list":{"0":"post-185328","1":"post","2":"type-post","3":"status-publish","4":"format-standard","5":"has-post-thumbnail","7":"category-airports","8":"tag-airport","9":"tag-europe"},"uagb_featured_image_src":{"full":["https:\/\/aviacionaldia.com\/wp-content\/uploads\/2021\/09\/Aeropuerto-de-heathrow.jpg",800,400,false],"thumbnail":["https:\/\/aviacionaldia.com\/wp-content\/uploads\/2021\/09\/Aeropuerto-de-heathrow-150x150.jpg",150,150,true],"medium":["https:\/\/aviacionaldia.com\/wp-content\/uploads\/2021\/09\/Aeropuerto-de-heathrow-300x150.jpg",300,150,true],"medium_large":["https:\/\/aviacionaldia.com\/wp-content\/uploads\/2021\/09\/Aeropuerto-de-heathrow-768x384.jpg",768,384,true],"large":["https:\/\/aviacionaldia.com\/wp-content\/uploads\/2021\/09\/Aeropuerto-de-heathrow.jpg",800,400,false],"1536x1536":["https:\/\/aviacionaldia.com\/wp-content\/uploads\/2021\/09\/Aeropuerto-de-heathrow.jpg",800,400,false],"2048x2048":["https:\/\/aviacionaldia.com\/wp-content\/uploads\/2021\/09\/Aeropuerto-de-heathrow.jpg",800,400,false],"pk-small":["https:\/\/aviacionaldia.com\/wp-content\/uploads\/2021\/09\/Aeropuerto-de-heathrow.jpg",80,40,false],"pk-thumbnail":["https:\/\/aviacionaldia.com\/wp-content\/uploads\/2021\/09\/Aeropuerto-de-heathrow.jpg",300,150,false],"csco-small":["https:\/\/aviacionaldia.com\/wp-content\/uploads\/2021\/09\/Aeropuerto-de-heathrow-80x80.jpg",80,80,true],"csco-intermediate":["https:\/\/aviacionaldia.com\/wp-content\/uploads\/2021\/09\/Aeropuerto-de-heathrow-200x140.jpg",200,140,true],"csco-thumbnail":["https:\/\/aviacionaldia.com\/wp-content\/uploads\/2021\/09\/Aeropuerto-de-heathrow-380x220.jpg",380,220,true],"csco-thumbnail-alternative":["https:\/\/aviacionaldia.com\/wp-content\/uploads\/2021\/09\/Aeropuerto-de-heathrow-300x180.jpg",300,180,true],"csco-thumbnail-uncropped":["https:\/\/aviacionaldia.com\/wp-content\/uploads\/2021\/09\/Aeropuerto-de-heathrow-380x190.jpg",380,190,true],"csco-medium":["https:\/\/aviacionaldia.com\/wp-content\/uploads\/2021\/09\/Aeropuerto-de-heathrow.jpg",800,400,false],"csco-medium-alternative":["https:\/\/aviacionaldia.com\/wp-content\/uploads\/2021\/09\/Aeropuerto-de-heathrow-560x336.jpg",560,336,true],"csco-medium-uncropped":["https:\/\/aviacionaldia.com\/wp-content\/uploads\/2021\/09\/Aeropuerto-de-heathrow.jpg",800,400,false],"csco-large":["https:\/\/aviacionaldia.com\/wp-content\/uploads\/2021\/09\/Aeropuerto-de-heathrow.jpg",800,400,false],"csco-large-uncropped":["https:\/\/aviacionaldia.com\/wp-content\/uploads\/2021\/09\/Aeropuerto-de-heathrow.jpg",800,400,false],"csco-extra-large":["https:\/\/aviacionaldia.com\/wp-content\/uploads\/2021\/09\/Aeropuerto-de-heathrow.jpg",800,400,false]},"uagb_author_info":{"display_name":"Redacci\u00f3n - Aviaci\u00f3n al D\u00eda","author_link":"https:\/\/aviacionaldia.com\/en\/author\/aad"},"uagb_comment_info":0,"uagb_excerpt":"London Heathrow Airport has reported the busiest February in its history, handling 5.8 million passengers. This milestone, driven&hellip;","amp_enabled":true,"_links":{"self":[{"href":"https:\/\/aviacionaldia.com\/en\/wp-json\/wp\/v2\/posts\/185328","targetHints":{"allow":["GET"]}}],"collection":[{"href":"https:\/\/aviacionaldia.com\/en\/wp-json\/wp\/v2\/posts"}],"about":[{"href":"https:\/\/aviacionaldia.com\/en\/wp-json\/wp\/v2\/types\/post"}],"author":[{"embeddable":true,"href":"https:\/\/aviacionaldia.com\/en\/wp-json\/wp\/v2\/users\/4316"}],"replies":[{"embeddable":true,"href":"https:\/\/aviacionaldia.com\/en\/wp-json\/wp\/v2\/comments?post=185328"}],"version-history":[{"count":1,"href":"https:\/\/aviacionaldia.com\/en\/wp-json\/wp\/v2\/posts\/185328\/revisions"}],"predecessor-version":[{"id":185329,"href":"https:\/\/aviacionaldia.com\/en\/wp-json\/wp\/v2\/posts\/185328\/revisions\/185329"}],"wp:featuredmedia":[{"embeddable":true,"href":"https:\/\/aviacionaldia.com\/en\/wp-json\/wp\/v2\/media\/116053"}],"wp:attachment":[{"href":"https:\/\/aviacionaldia.com\/en\/wp-json\/wp\/v2\/media?parent=185328"}],"wp:term":[{"taxonomy":"category","embeddable":true,"href":"https:\/\/aviacionaldia.com\/en\/wp-json\/wp\/v2\/categories?post=185328"},{"taxonomy":"post_tag","embeddable":true,"href":"https:\/\/aviacionaldia.com\/en\/wp-json\/wp\/v2\/tags?post=185328"}],"curies":[{"name":"wp","href":"https:\/\/api.w.org\/{rel}","templated":true}]}}