{"id":187166,"date":"2026-04-27T15:00:45","date_gmt":"2026-04-27T15:00:45","guid":{"rendered":"https:\/\/aviacionaldia.com\/?p=187166"},"modified":"2026-04-27T20:10:07","modified_gmt":"2026-04-27T20:10:07","slug":"discover-airlines-launches-flights-to-shannon-a-new-strategic-connection-with-ireland","status":"publish","type":"post","link":"https:\/\/aviacionaldia.com\/en\/2026\/04\/discover-airlines-launches-flights-to-shannon-a-new-strategic-connection-with-ireland.html","title":{"rendered":"Discover Airlines Launches Flights to Shannon: A New Strategic Connection with Ireland"},"content":{"rendered":"\n<p><strong>Discover Airlines<\/strong> commenced operations to<strong> Shannon Airport<\/strong> this Saturday, marking its first foray into the Irish market. This new seasonal route from Frankfurt bolsters connectivity between the West of Ireland and the Lufthansa Group\u2019s extensive global network.<\/p>\n\n\n\n<h2 class=\"wp-block-heading\">Operational Details and Connectivity<\/h2>\n\n\n\n<p>The carrier will offer a weekly direct frequency, operating every Saturday through October 24, 2026.<\/p>\n\n\n\n<p>The integration of Discover Airlines into the Lufthansa Group\u2019s global network provides a significant competitive advantage:<\/p>\n\n\n\n<ul class=\"wp-block-list\">\n<li><strong>Ease of Connection:<\/strong> Travelers can access Shannon from various points worldwide via the Frankfurt hub.<\/li>\n\n\n\n<li><strong>Logistical Convenience:<\/strong> Passenger experience is enhanced through simplified booking and transit processes under the German group&#8217;s umbrella.<\/li>\n<\/ul>\n\n\n\n<p><em><strong>\u2192 <a href=\"https:\/\/aviacionaldia.com\/en\/2026\/03\/discover-airlines-expands-moroccan-footprint-for-winter-2026-27-season.html\">Discover Airlines Expands Moroccan Footprint for Winter 2026\/27 Season<\/a><\/strong><\/em><\/p>\n\n\n\n<h2 class=\"wp-block-heading\">Shannon: Gateway to the West of Ireland<\/h2>\n\n\n\n<p>The selection of Shannon as a destination is a calculated move. The city is positioned as the ideal starting point for exploration across the country due to its strategic location:<\/p>\n\n\n\n<ul class=\"wp-block-list\">\n<li><strong>Regional Flexibility:<\/strong> Shannon provides seamless connectivity to various geographical points across Ireland.<\/li>\n\n\n\n<li><strong>Scenic Tourism:<\/strong> Its proximity to the world-renowned &#8220;Wild Atlantic Way&#8221; makes it the perfect base for launching tours along the rugged landscapes of the west coast.<\/li>\n<\/ul>\n\n\n\n<p>With this new route, Discover Airlines not only expands its destination network but also facilitates the flow of international travelers to one of Ireland\u2019s most iconic tourism corridors, ensuring efficient operations during the peak summer demand months.<\/p>\n\n\n\n<h2 class=\"wp-block-heading\" id=\"related-topics\">Related Topics<\/h2>\n\n\n\n\t\t\t<div class=\"wp-block-uagb-post-grid uagb-post-grid  uagb-post__image-position-top uagb-post__image-enabled uagb-block-9e302684     uagb-post__items uagb-post__columns-2 is-grid uagb-post__columns-tablet-2 uagb-post__columns-mobile-1 uagb-post__equal-height\" data-total=\"417\" style=\"\">\n\n\t\t\t\t\t\t\t\t\t\t\t\t<article class=\"uagb-post__inner-wrap\">\t\t\t\t\t\t\t\t<div class='uagb-post__image'>\n\t\t\t\t\t\t\t\t\t<a href=\"https:\/\/aviacionaldia.com\/en\/2026\/04\/alta-maps-out-roadmap-to-net-zero-challenges-and-opportunities-for-aviation-in-latin-america-and-the-caribbean.html\" target=\"_self\" rel=\"bookmark noopener noreferrer\" class='uagb-image-ratio-inherit'><img decoding=\"async\" width=\"800\" height=\"400\" src=\"https:\/\/aviacionaldia.com\/wp-content\/uploads\/2026\/04\/Avion-Emisiones.webp\" class=\"attachment-large size-large\" alt=\"\" srcset=\"https:\/\/aviacionaldia.com\/wp-content\/uploads\/2026\/04\/Avion-Emisiones.webp 800w, https:\/\/aviacionaldia.com\/wp-content\/uploads\/2026\/04\/Avion-Emisiones-300x150.webp 300w, https:\/\/aviacionaldia.com\/wp-content\/uploads\/2026\/04\/Avion-Emisiones-768x384.webp 768w, https:\/\/aviacionaldia.com\/wp-content\/uploads\/2026\/04\/Avion-Emisiones-380x190.webp 380w\" sizes=\"(max-width: 800px) 100vw, 800px\" \/>\t\t\t\t\t<\/a>\n\t\t\t\t\t\t\t<\/div>\n\t\t\t\t\t\t<h4 class=\"uagb-post__title uagb-post__text\">\n\t\t\t\t<a href=\"https:\/\/aviacionaldia.com\/en\/2026\/04\/alta-maps-out-roadmap-to-net-zero-challenges-and-opportunities-for-aviation-in-latin-america-and-the-caribbean.html\" target=\"_self\" rel=\"bookmark noopener noreferrer\">ALTA Maps Out Roadmap to Net Zero: Challenges and Opportunities for Aviation in Latin America and the Caribbean<\/a>\n\t\t\t<\/h4>\n\t\t\t\t\t\t<div class='uagb-post__text uagb-post-grid-byline'>\n\t\t\t\t\t\t\t<\/div>\n\t\t\t\t\t\t<div class=\"uagb-post__text uagb-post__cta wp-block-button\">\n\t\t\t\t<a class=\"wp-block-button__link uagb-text-link\" style=\"\" href=\"https:\/\/aviacionaldia.com\/en\/2026\/04\/alta-maps-out-roadmap-to-net-zero-challenges-and-opportunities-for-aviation-in-latin-america-and-the-caribbean.html\" target=\"_self\" rel=\"bookmark noopener noreferrer\">Read More<\/a>\n\t\t\t<\/div>\n\t\t\t\n\t\t\t\t\t\t\t\t\t<\/article>\n\t\t\t\t\t\t\t\t\t\t\t\t\t\t\t\t<article class=\"uagb-post__inner-wrap\">\t\t\t\t\t\t\t\t<div class='uagb-post__image'>\n\t\t\t\t\t\t\t\t\t<a href=\"https:\/\/aviacionaldia.com\/en\/2026\/04\/air-traffic-in-latin-america-and-the-caribbean-grows-6-6-in-february.html\" target=\"_self\" rel=\"bookmark noopener noreferrer\" class='uagb-image-ratio-inherit'><img decoding=\"async\" width=\"800\" height=\"400\" src=\"https:\/\/aviacionaldia.com\/wp-content\/uploads\/2021\/11\/Pasajeros-de-avion.jpg\" class=\"attachment-large size-large\" alt=\"\" srcset=\"https:\/\/aviacionaldia.com\/wp-content\/uploads\/2021\/11\/Pasajeros-de-avion.jpg 800w, https:\/\/aviacionaldia.com\/wp-content\/uploads\/2021\/11\/Pasajeros-de-avion-300x150.jpg 300w, https:\/\/aviacionaldia.com\/wp-content\/uploads\/2021\/11\/Pasajeros-de-avion-768x384.jpg 768w, https:\/\/aviacionaldia.com\/wp-content\/uploads\/2021\/11\/Pasajeros-de-avion-380x190.jpg 380w\" sizes=\"(max-width: 800px) 100vw, 800px\" \/>\t\t\t\t\t<\/a>\n\t\t\t\t\t\t\t<\/div>\n\t\t\t\t\t\t<h4 class=\"uagb-post__title uagb-post__text\">\n\t\t\t\t<a href=\"https:\/\/aviacionaldia.com\/en\/2026\/04\/air-traffic-in-latin-america-and-the-caribbean-grows-6-6-in-february.html\" target=\"_self\" rel=\"bookmark noopener noreferrer\">Air Traffic in Latin America and the Caribbean Grows 6.6% in February<\/a>\n\t\t\t<\/h4>\n\t\t\t\t\t\t<div class='uagb-post__text uagb-post-grid-byline'>\n\t\t\t\t\t\t\t<\/div>\n\t\t\t\t\t\t<div class=\"uagb-post__text uagb-post__cta wp-block-button\">\n\t\t\t\t<a class=\"wp-block-button__link uagb-text-link\" style=\"\" href=\"https:\/\/aviacionaldia.com\/en\/2026\/04\/air-traffic-in-latin-america-and-the-caribbean-grows-6-6-in-february.html\" target=\"_self\" rel=\"bookmark noopener noreferrer\">Read More<\/a>\n\t\t\t<\/div>\n\t\t\t\n\t\t\t\t\t\t\t\t\t<\/article>\n\t\t\t\t\t\t\t\t\t\t\t\t\t\t\t\t<article class=\"uagb-post__inner-wrap\">\t\t\t\t\t\t\t\t<div class='uagb-post__image'>\n\t\t\t\t\t\t\t\t\t<a href=\"https:\/\/aviacionaldia.com\/en\/2026\/04\/latam-airlines-to-become-south-americas-first-to-offer-lie-flat-seats-on-airbus-a321xlr.html\" target=\"_self\" rel=\"bookmark noopener noreferrer\" class='uagb-image-ratio-inherit'><img decoding=\"async\" width=\"800\" height=\"400\" src=\"https:\/\/aviacionaldia.com\/wp-content\/uploads\/2026\/04\/Latam-Asientos-_Lie-Flat_-en-el-Airbus-A321XLR.webp\" class=\"attachment-large size-large\" alt=\"\" srcset=\"https:\/\/aviacionaldia.com\/wp-content\/uploads\/2026\/04\/Latam-Asientos-_Lie-Flat_-en-el-Airbus-A321XLR.webp 800w, https:\/\/aviacionaldia.com\/wp-content\/uploads\/2026\/04\/Latam-Asientos-_Lie-Flat_-en-el-Airbus-A321XLR-300x150.webp 300w, https:\/\/aviacionaldia.com\/wp-content\/uploads\/2026\/04\/Latam-Asientos-_Lie-Flat_-en-el-Airbus-A321XLR-768x384.webp 768w, https:\/\/aviacionaldia.com\/wp-content\/uploads\/2026\/04\/Latam-Asientos-_Lie-Flat_-en-el-Airbus-A321XLR-380x190.webp 380w\" sizes=\"(max-width: 800px) 100vw, 800px\" \/>\t\t\t\t\t<\/a>\n\t\t\t\t\t\t\t<\/div>\n\t\t\t\t\t\t<h4 class=\"uagb-post__title uagb-post__text\">\n\t\t\t\t<a href=\"https:\/\/aviacionaldia.com\/en\/2026\/04\/latam-airlines-to-become-south-americas-first-to-offer-lie-flat-seats-on-airbus-a321xlr.html\" target=\"_self\" rel=\"bookmark noopener noreferrer\">LATAM Airlines to Become South America&#8217;s First to Offer &#8220;Lie-Flat&#8221; Seats on Airbus A321XLR<\/a>\n\t\t\t<\/h4>\n\t\t\t\t\t\t<div class='uagb-post__text uagb-post-grid-byline'>\n\t\t\t\t\t\t\t<\/div>\n\t\t\t\t\t\t<div class=\"uagb-post__text uagb-post__cta wp-block-button\">\n\t\t\t\t<a class=\"wp-block-button__link uagb-text-link\" style=\"\" href=\"https:\/\/aviacionaldia.com\/en\/2026\/04\/latam-airlines-to-become-south-americas-first-to-offer-lie-flat-seats-on-airbus-a321xlr.html\" target=\"_self\" rel=\"bookmark noopener noreferrer\">Read More<\/a>\n\t\t\t<\/div>\n\t\t\t\n\t\t\t\t\t\t\t\t\t<\/article>\n\t\t\t\t\t\t\t\t\t\t\t\t\t\t\t\t<article class=\"uagb-post__inner-wrap\">\t\t\t\t\t\t\t\t<div class='uagb-post__image'>\n\t\t\t\t\t\t\t\t\t<a href=\"https:\/\/aviacionaldia.com\/en\/2026\/04\/jetsmart-launches-all-you-can-fly-annual-membership-for-unlimited-flights-across-south-america.html\" target=\"_self\" rel=\"bookmark noopener noreferrer\" class='uagb-image-ratio-inherit'><img decoding=\"async\" width=\"800\" height=\"400\" src=\"https:\/\/aviacionaldia.com\/wp-content\/uploads\/2026\/04\/JetSmart-All-You-Can-Fly.webp\" class=\"attachment-large size-large\" alt=\"\" srcset=\"https:\/\/aviacionaldia.com\/wp-content\/uploads\/2026\/04\/JetSmart-All-You-Can-Fly.webp 800w, https:\/\/aviacionaldia.com\/wp-content\/uploads\/2026\/04\/JetSmart-All-You-Can-Fly-300x150.webp 300w, https:\/\/aviacionaldia.com\/wp-content\/uploads\/2026\/04\/JetSmart-All-You-Can-Fly-768x384.webp 768w, https:\/\/aviacionaldia.com\/wp-content\/uploads\/2026\/04\/JetSmart-All-You-Can-Fly-380x190.webp 380w\" sizes=\"(max-width: 800px) 100vw, 800px\" \/>\t\t\t\t\t<\/a>\n\t\t\t\t\t\t\t<\/div>\n\t\t\t\t\t\t<h4 class=\"uagb-post__title uagb-post__text\">\n\t\t\t\t<a href=\"https:\/\/aviacionaldia.com\/en\/2026\/04\/jetsmart-launches-all-you-can-fly-annual-membership-for-unlimited-flights-across-south-america.html\" target=\"_self\" rel=\"bookmark noopener noreferrer\">JetSmart Launches &#8220;All You Can Fly&#8221;: Annual Membership for Unlimited Flights Across South America<\/a>\n\t\t\t<\/h4>\n\t\t\t\t\t\t<div class='uagb-post__text uagb-post-grid-byline'>\n\t\t\t\t\t\t\t<\/div>\n\t\t\t\t\t\t<div class=\"uagb-post__text uagb-post__cta wp-block-button\">\n\t\t\t\t<a class=\"wp-block-button__link uagb-text-link\" style=\"\" href=\"https:\/\/aviacionaldia.com\/en\/2026\/04\/jetsmart-launches-all-you-can-fly-annual-membership-for-unlimited-flights-across-south-america.html\" target=\"_self\" rel=\"bookmark noopener noreferrer\">Read More<\/a>\n\t\t\t<\/div>\n\t\t\t\n\t\t\t\t\t\t\t\t\t<\/article>\n\t\t\t\t\t\t\t\t\t\t\t<\/div>\n\t\t\t","protected":false},"excerpt":{"rendered":"Discover Airlines commenced operations to Shannon Airport this Saturday, marking its first foray into the Irish market. This&hellip;\n","protected":false},"author":4316,"featured_media":187151,"comment_status":"open","ping_status":"closed","sticky":false,"template":"","format":"standard","meta":{"_uag_custom_page_level_css":"","footnotes":""},"categories":[193],"tags":[230,1123,269,198],"class_list":{"0":"post-187166","1":"post","2":"type-post","3":"status-publish","4":"format-standard","5":"has-post-thumbnail","7":"category-releases-and-promotions","8":"tag-airline","9":"tag-discover-airlines-2","10":"tag-europe","11":"tag-flights"},"uagb_featured_image_src":{"full":["https:\/\/aviacionaldia.com\/wp-content\/uploads\/2026\/04\/Discover-Airlines-vuelos-Discover-Airlines-inaugura-sus-vuelos-a-Shannon.webp",800,400,false],"thumbnail":["https:\/\/aviacionaldia.com\/wp-content\/uploads\/2026\/04\/Discover-Airlines-vuelos-Discover-Airlines-inaugura-sus-vuelos-a-Shannon-150x150.webp",150,150,true],"medium":["https:\/\/aviacionaldia.com\/wp-content\/uploads\/2026\/04\/Discover-Airlines-vuelos-Discover-Airlines-inaugura-sus-vuelos-a-Shannon-300x150.webp",300,150,true],"medium_large":["https:\/\/aviacionaldia.com\/wp-content\/uploads\/2026\/04\/Discover-Airlines-vuelos-Discover-Airlines-inaugura-sus-vuelos-a-Shannon-768x384.webp",768,384,true],"large":["https:\/\/aviacionaldia.com\/wp-content\/uploads\/2026\/04\/Discover-Airlines-vuelos-Discover-Airlines-inaugura-sus-vuelos-a-Shannon.webp",800,400,false],"1536x1536":["https:\/\/aviacionaldia.com\/wp-content\/uploads\/2026\/04\/Discover-Airlines-vuelos-Discover-Airlines-inaugura-sus-vuelos-a-Shannon.webp",800,400,false],"2048x2048":["https:\/\/aviacionaldia.com\/wp-content\/uploads\/2026\/04\/Discover-Airlines-vuelos-Discover-Airlines-inaugura-sus-vuelos-a-Shannon.webp",800,400,false],"pk-small":["https:\/\/aviacionaldia.com\/wp-content\/uploads\/2026\/04\/Discover-Airlines-vuelos-Discover-Airlines-inaugura-sus-vuelos-a-Shannon-80x80.webp",80,80,true],"pk-thumbnail":["https:\/\/aviacionaldia.com\/wp-content\/uploads\/2026\/04\/Discover-Airlines-vuelos-Discover-Airlines-inaugura-sus-vuelos-a-Shannon-300x225.webp",300,225,true],"csco-small":["https:\/\/aviacionaldia.com\/wp-content\/uploads\/2026\/04\/Discover-Airlines-vuelos-Discover-Airlines-inaugura-sus-vuelos-a-Shannon-80x80.webp",80,80,true],"csco-intermediate":["https:\/\/aviacionaldia.com\/wp-content\/uploads\/2026\/04\/Discover-Airlines-vuelos-Discover-Airlines-inaugura-sus-vuelos-a-Shannon-200x140.webp",200,140,true],"csco-thumbnail":["https:\/\/aviacionaldia.com\/wp-content\/uploads\/2026\/04\/Discover-Airlines-vuelos-Discover-Airlines-inaugura-sus-vuelos-a-Shannon-380x220.webp",380,220,true],"csco-thumbnail-alternative":["https:\/\/aviacionaldia.com\/wp-content\/uploads\/2026\/04\/Discover-Airlines-vuelos-Discover-Airlines-inaugura-sus-vuelos-a-Shannon-300x180.webp",300,180,true],"csco-thumbnail-uncropped":["https:\/\/aviacionaldia.com\/wp-content\/uploads\/2026\/04\/Discover-Airlines-vuelos-Discover-Airlines-inaugura-sus-vuelos-a-Shannon-380x190.webp",380,190,true],"csco-medium":["https:\/\/aviacionaldia.com\/wp-content\/uploads\/2026\/04\/Discover-Airlines-vuelos-Discover-Airlines-inaugura-sus-vuelos-a-Shannon.webp",800,400,false],"csco-medium-alternative":["https:\/\/aviacionaldia.com\/wp-content\/uploads\/2026\/04\/Discover-Airlines-vuelos-Discover-Airlines-inaugura-sus-vuelos-a-Shannon-560x336.webp",560,336,true],"csco-medium-uncropped":["https:\/\/aviacionaldia.com\/wp-content\/uploads\/2026\/04\/Discover-Airlines-vuelos-Discover-Airlines-inaugura-sus-vuelos-a-Shannon.webp",800,400,false],"csco-large":["https:\/\/aviacionaldia.com\/wp-content\/uploads\/2026\/04\/Discover-Airlines-vuelos-Discover-Airlines-inaugura-sus-vuelos-a-Shannon.webp",800,400,false],"csco-large-uncropped":["https:\/\/aviacionaldia.com\/wp-content\/uploads\/2026\/04\/Discover-Airlines-vuelos-Discover-Airlines-inaugura-sus-vuelos-a-Shannon.webp",800,400,false],"csco-extra-large":["https:\/\/aviacionaldia.com\/wp-content\/uploads\/2026\/04\/Discover-Airlines-vuelos-Discover-Airlines-inaugura-sus-vuelos-a-Shannon.webp",800,400,false]},"uagb_author_info":{"display_name":"Redacci\u00f3n - Aviaci\u00f3n al D\u00eda","author_link":"https:\/\/aviacionaldia.com\/en\/author\/aad"},"uagb_comment_info":0,"uagb_excerpt":"Discover Airlines commenced operations to Shannon Airport this Saturday, marking its first foray into the Irish market. This&hellip;","amp_enabled":true,"_links":{"self":[{"href":"https:\/\/aviacionaldia.com\/en\/wp-json\/wp\/v2\/posts\/187166","targetHints":{"allow":["GET"]}}],"collection":[{"href":"https:\/\/aviacionaldia.com\/en\/wp-json\/wp\/v2\/posts"}],"about":[{"href":"https:\/\/aviacionaldia.com\/en\/wp-json\/wp\/v2\/types\/post"}],"author":[{"embeddable":true,"href":"https:\/\/aviacionaldia.com\/en\/wp-json\/wp\/v2\/users\/4316"}],"replies":[{"embeddable":true,"href":"https:\/\/aviacionaldia.com\/en\/wp-json\/wp\/v2\/comments?post=187166"}],"version-history":[{"count":2,"href":"https:\/\/aviacionaldia.com\/en\/wp-json\/wp\/v2\/posts\/187166\/revisions"}],"predecessor-version":[{"id":187186,"href":"https:\/\/aviacionaldia.com\/en\/wp-json\/wp\/v2\/posts\/187166\/revisions\/187186"}],"wp:featuredmedia":[{"embeddable":true,"href":"https:\/\/aviacionaldia.com\/en\/wp-json\/wp\/v2\/media\/187151"}],"wp:attachment":[{"href":"https:\/\/aviacionaldia.com\/en\/wp-json\/wp\/v2\/media?parent=187166"}],"wp:term":[{"taxonomy":"category","embeddable":true,"href":"https:\/\/aviacionaldia.com\/en\/wp-json\/wp\/v2\/categories?post=187166"},{"taxonomy":"post_tag","embeddable":true,"href":"https:\/\/aviacionaldia.com\/en\/wp-json\/wp\/v2\/tags?post=187166"}],"curies":[{"name":"wp","href":"https:\/\/api.w.org\/{rel}","templated":true}]}}