{"id":187344,"date":"2026-04-30T14:30:22","date_gmt":"2026-04-30T14:30:22","guid":{"rendered":"https:\/\/aviacionaldia.com\/?p=187344"},"modified":"2026-05-01T11:48:50","modified_gmt":"2026-05-01T11:48:50","slug":"porter-airlines-redefines-2026-2027-winter-network-four-new-international-destinations-and-record-150-growth","status":"publish","type":"post","link":"https:\/\/aviacionaldia.com\/en\/2026\/04\/porter-airlines-redefines-2026-2027-winter-network-four-new-international-destinations-and-record-150-growth.html","title":{"rendered":"Porter Airlines Redefines 2026-2027 Winter Network: Four New International Destinations and Record 150% Growth"},"content":{"rendered":"\n<p><strong>Porter Airlines <\/strong>announced this Thursday an ambitious expansion for the 2026-2027 winter season, adding four new international destinations and exceeding 40 routes to sun markets. This growth represents an increase of over 150% in operational capacity toward warm-weather destinations compared to the previous year, consolidating its footprint across the Caribbean, Central America, and Mexico.<\/p>\n\n\n\n<h2 class=\"wp-block-heading\">Strategic Expansion with the Embraer E195-E2 Fleet<\/h2>\n\n\n\n<p>The cornerstone of this expansion is the integration of the <strong>Embraer E195-E2<\/strong> aircraft. Leveraging the efficiency and range of these airframes, the airline has successfully extended its network from Eastern Canada into new regions. The new destinations joining the itinerary this year are:<\/p>\n\n\n\n<ul class=\"wp-block-list\">\n<li><strong>Aruba<\/strong><\/li>\n\n\n\n<li><strong>San Jose, Costa Rica<\/strong><\/li>\n\n\n\n<li><strong>Montego Bay, Jamaica<\/strong><\/li>\n\n\n\n<li><strong>Los Cabos, Mexico<\/strong><\/li>\n<\/ul>\n\n\n\n<p>These cities join the carrier\u2019s current offering, which already includes services to Cancun, Puerto Vallarta, Nassau, Grand Cayman, and Liberia.<\/p>\n\n\n\n<h2 class=\"wp-block-heading\">Historic Milestone in Alberta and Western Connectivity<\/h2>\n\n\n\n<p>For the first time in its history, Porter will operate international flights from the province of Alberta. <strong>Edmonton<\/strong> will see the launch of routes to Puerto Vallarta, Los Cabos, Las Vegas, and Phoenix. Meanwhile, <strong>Calgary<\/strong> will add a daily service to Phoenix.<\/p>\n\n\n\n<p>A key pillar of the Western strategy is the strengthening of service to Phoenix. In addition to the new routes from Alberta, the airline will resume flights from Vancouver and introduce a second daily frequency from Toronto. All these flights allow for seamless connectivity to the extensive domestic network of its partner, <strong>American Airlines<\/strong>.<\/p>\n\n\n\n<p><strong><em>\u2192 <a href=\"https:\/\/aviacionaldia.com\/en\/2026\/03\/porter-airlines-to-be-first-carrier-at-new-montreal-metropolitan-airport.html\">Porter Airlines to be First Carrier at New Montreal Metropolitan Airport<\/a><\/em><\/strong><\/p>\n\n\n\n<h2 class=\"wp-block-heading\">New Route Breakdown for the 2026-2027 Season<\/h2>\n\n\n\n<p>The airline has distributed its new operations across six major Canadian airports, highlighting exclusive services from cities such as Ottawa and Hamilton.<\/p>\n\n\n\n<h4 class=\"wp-block-heading\"><strong>New Routes from Toronto, Ottawa, and Atlantic Canada<\/strong><\/h4>\n\n\n\n<figure class=\"wp-block-table\"><table class=\"has-fixed-layout\"><thead><tr><th class=\"has-text-align-center\" data-align=\"center\">Route<\/th><th class=\"has-text-align-center\" data-align=\"center\">Start Date<\/th><th class=\"has-text-align-center\" data-align=\"center\">Frequency<\/th><\/tr><\/thead><tbody><tr><td class=\"has-text-align-center\" data-align=\"center\">Toronto \u2013 Aruba<\/td><td class=\"has-text-align-center\" data-align=\"center\">Oct 30, 2026<\/td><td class=\"has-text-align-center\" data-align=\"center\">5x weekly<\/td><\/tr><tr><td class=\"has-text-align-center\" data-align=\"center\">Toronto \u2013 Los Cabos<\/td><td class=\"has-text-align-center\" data-align=\"center\">Nov 16, 2026<\/td><td class=\"has-text-align-center\" data-align=\"center\">3x weekly<\/td><\/tr><tr><td class=\"has-text-align-center\" data-align=\"center\">Toronto \u2013 Montego Bay<\/td><td class=\"has-text-align-center\" data-align=\"center\">Nov 23, 2026<\/td><td class=\"has-text-align-center\" data-align=\"center\">5x weekly<\/td><\/tr><tr><td class=\"has-text-align-center\" data-align=\"center\">Toronto \u2013 San Jose, CR<\/td><td class=\"has-text-align-center\" data-align=\"center\">Dec 2, 2026<\/td><td class=\"has-text-align-center\" data-align=\"center\">4x weekly<\/td><\/tr><tr><td class=\"has-text-align-center\" data-align=\"center\">Ottawa \u2013 Aruba<\/td><td class=\"has-text-align-center\" data-align=\"center\">Nov 7, 2026<\/td><td class=\"has-text-align-center\" data-align=\"center\">2x weekly<\/td><\/tr><tr><td class=\"has-text-align-center\" data-align=\"center\">Ottawa \u2013 Montego Bay<\/td><td class=\"has-text-align-center\" data-align=\"center\">Nov 25, 2026<\/td><td class=\"has-text-align-center\" data-align=\"center\">2x weekly<\/td><\/tr><tr><td class=\"has-text-align-center\" data-align=\"center\">Ottawa \u2013 Los Cabos<\/td><td class=\"has-text-align-center\" data-align=\"center\">Dec 18, 2026<\/td><td class=\"has-text-align-center\" data-align=\"center\">2x weekly<\/td><\/tr><tr><td class=\"has-text-align-center\" data-align=\"center\">Halifax \u2013 Fort Lauderdale<\/td><td class=\"has-text-align-center\" data-align=\"center\">Dec 17, 2026<\/td><td class=\"has-text-align-center\" data-align=\"center\">4x weekly<\/td><\/tr><tr><td class=\"has-text-align-center\" data-align=\"center\">Halifax \u2013 Cancun<\/td><td class=\"has-text-align-center\" data-align=\"center\">Dec 18, 2026<\/td><td class=\"has-text-align-center\" data-align=\"center\">3x weekly<\/td><\/tr><tr><td class=\"has-text-align-center\" data-align=\"center\">Hamilton \u2013 Montego Bay<\/td><td class=\"has-text-align-center\" data-align=\"center\">Dec 20, 2026<\/td><td class=\"has-text-align-center\" data-align=\"center\">2x weekly<\/td><\/tr><\/tbody><\/table><\/figure>\n\n\n\n<p>Notably, Porter will be the only airline offering non-stop flights to Aruba and Los Cabos from Ottawa, as well as to Montego Bay from Hamilton.<\/p>\n\n\n\n<h2 class=\"wp-block-heading\">Capacity Increases in Existing Markets<\/h2>\n\n\n\n<p>Beyond the new destinations, the company will significantly increase frequencies on popular established routes:<\/p>\n\n\n\n<ul class=\"wp-block-list\">\n<li><strong>Ottawa to Cancun<\/strong>: Increases from 5x weekly to 10x weekly.<\/li>\n\n\n\n<li><strong>Hamilton to Cancun<\/strong>: Doubles from 3x to 6x weekly.<\/li>\n\n\n\n<li><strong>Toronto to Puerto Vallarta<\/strong>: Moves from 5x weekly to a daily service.<\/li>\n\n\n\n<li><strong>Hamilton to Orlando and Fort Lauderdale<\/strong>: Both routes will reach daily frequency.<\/li>\n<\/ul>\n\n\n\n<h3 class=\"wp-block-heading\"><strong>In-Flight Experience: Elevating Passenger Standards<\/strong><\/h3>\n\n\n\n<p>All operations are conducted under the airline\u2019s premium service concept. Passengers enjoy a cabin configuration with <strong>no middle seats<\/strong>, high-quality snacks, and a selection of complimentary wine and beer served in glassware.<\/p>\n\n\n\n<p>On flights operated by the new Embraer E195-E2s, the company also offers free high-speed Wi-Fi for all travelers, reinforcing its value proposition against the competition.<\/p>\n\n\n\n<h2 class=\"wp-block-heading\">Network Outlook and Growth<\/h2>\n\n\n\n<p>With nearly 5,000 flights scheduled for the upcoming winter season, Porter Airlines aims to build upon the success achieved during its inaugural year of operations to markets in the Southern United States.<\/p>\n\n\n\n<p><strong>Andrew Pierce<\/strong>, Vice President of Network Planning and Reporting, noted that this announcement expands the airline&#8217;s network to two new countries and four additional cities. The strategy not only aims to offer more vacation options but also to provide competitive alternatives for Canadian travelers through a network that now spans from the Atlantic to the Pacific.<\/p>\n\n\n\n<h2 class=\"wp-block-heading\" id=\"related-topics\">Related Topics<\/h2>\n\n\n\n\t\t\t<div class=\"wp-block-uagb-post-grid uagb-post-grid  uagb-post__image-position-top uagb-post__image-enabled uagb-block-9e302684     uagb-post__items uagb-post__columns-2 is-grid uagb-post__columns-tablet-2 uagb-post__columns-mobile-1 uagb-post__equal-height\" data-total=\"418\" style=\"\">\n\n\t\t\t\t\t\t\t\t\t\t\t\t<article class=\"uagb-post__inner-wrap\">\t\t\t\t\t\t\t\t<div class='uagb-post__image'>\n\t\t\t\t\t\t\t\t\t<a href=\"https:\/\/aviacionaldia.com\/en\/2026\/04\/avianca-seeks-authorization-to-launch-bogota-maracaibo-service.html\" target=\"_self\" rel=\"bookmark noopener noreferrer\" class='uagb-image-ratio-inherit'><img decoding=\"async\" width=\"800\" height=\"400\" src=\"https:\/\/aviacionaldia.com\/wp-content\/uploads\/2021\/04\/Avianca-A320.jpg\" class=\"attachment-large size-large\" alt=\"\" srcset=\"https:\/\/aviacionaldia.com\/wp-content\/uploads\/2021\/04\/Avianca-A320.jpg 800w, https:\/\/aviacionaldia.com\/wp-content\/uploads\/2021\/04\/Avianca-A320-300x150.jpg 300w, https:\/\/aviacionaldia.com\/wp-content\/uploads\/2021\/04\/Avianca-A320-768x384.jpg 768w, https:\/\/aviacionaldia.com\/wp-content\/uploads\/2021\/04\/Avianca-A320-380x190.jpg 380w\" sizes=\"(max-width: 800px) 100vw, 800px\" \/>\t\t\t\t\t<\/a>\n\t\t\t\t\t\t\t<\/div>\n\t\t\t\t\t\t<h4 class=\"uagb-post__title uagb-post__text\">\n\t\t\t\t<a href=\"https:\/\/aviacionaldia.com\/en\/2026\/04\/avianca-seeks-authorization-to-launch-bogota-maracaibo-service.html\" target=\"_self\" rel=\"bookmark noopener noreferrer\">Avianca Seeks Authorization to Launch Bogot\u00e1\u2013Maracaibo Service<\/a>\n\t\t\t<\/h4>\n\t\t\t\t\t\t<div class='uagb-post__text uagb-post-grid-byline'>\n\t\t\t\t\t\t\t<\/div>\n\t\t\t\t\t\t<div class=\"uagb-post__text uagb-post__cta wp-block-button\">\n\t\t\t\t<a class=\"wp-block-button__link uagb-text-link\" style=\"\" href=\"https:\/\/aviacionaldia.com\/en\/2026\/04\/avianca-seeks-authorization-to-launch-bogota-maracaibo-service.html\" target=\"_self\" rel=\"bookmark noopener noreferrer\">Read More<\/a>\n\t\t\t<\/div>\n\t\t\t\n\t\t\t\t\t\t\t\t\t<\/article>\n\t\t\t\t\t\t\t\t\t\t\t\t\t\t\t\t<article class=\"uagb-post__inner-wrap\">\t\t\t\t\t\t\t\t<div class='uagb-post__image'>\n\t\t\t\t\t\t\t\t\t<a href=\"https:\/\/aviacionaldia.com\/en\/2026\/04\/latam-airlines-reduces-co2-emissions-by-one-million-tons-annually-through-technological-innovation-and-operational-efficiency.html\" target=\"_self\" rel=\"bookmark noopener noreferrer\" class='uagb-image-ratio-inherit'><img decoding=\"async\" width=\"800\" height=\"400\" src=\"https:\/\/aviacionaldia.com\/wp-content\/uploads\/2023\/02\/Latam-Airlines-avion.jpg\" class=\"attachment-large size-large\" alt=\"\" srcset=\"https:\/\/aviacionaldia.com\/wp-content\/uploads\/2023\/02\/Latam-Airlines-avion.jpg 800w, https:\/\/aviacionaldia.com\/wp-content\/uploads\/2023\/02\/Latam-Airlines-avion-300x150.jpg 300w, https:\/\/aviacionaldia.com\/wp-content\/uploads\/2023\/02\/Latam-Airlines-avion-768x384.jpg 768w, https:\/\/aviacionaldia.com\/wp-content\/uploads\/2023\/02\/Latam-Airlines-avion-380x190.jpg 380w\" sizes=\"(max-width: 800px) 100vw, 800px\" \/>\t\t\t\t\t<\/a>\n\t\t\t\t\t\t\t<\/div>\n\t\t\t\t\t\t<h4 class=\"uagb-post__title uagb-post__text\">\n\t\t\t\t<a href=\"https:\/\/aviacionaldia.com\/en\/2026\/04\/latam-airlines-reduces-co2-emissions-by-one-million-tons-annually-through-technological-innovation-and-operational-efficiency.html\" target=\"_self\" rel=\"bookmark noopener noreferrer\">LATAM Airlines Reduces CO2 Emissions by One Million Tons Annually Through Technological Innovation and Operational Efficiency<\/a>\n\t\t\t<\/h4>\n\t\t\t\t\t\t<div class='uagb-post__text uagb-post-grid-byline'>\n\t\t\t\t\t\t\t<\/div>\n\t\t\t\t\t\t<div class=\"uagb-post__text uagb-post__cta wp-block-button\">\n\t\t\t\t<a class=\"wp-block-button__link uagb-text-link\" style=\"\" href=\"https:\/\/aviacionaldia.com\/en\/2026\/04\/latam-airlines-reduces-co2-emissions-by-one-million-tons-annually-through-technological-innovation-and-operational-efficiency.html\" target=\"_self\" rel=\"bookmark noopener noreferrer\">Read More<\/a>\n\t\t\t<\/div>\n\t\t\t\n\t\t\t\t\t\t\t\t\t<\/article>\n\t\t\t\t\t\t\t\t\t\t\t\t\t\t\t\t<article class=\"uagb-post__inner-wrap\">\t\t\t\t\t\t\t\t<div class='uagb-post__image'>\n\t\t\t\t\t\t\t\t\t<a href=\"https:\/\/aviacionaldia.com\/en\/2026\/04\/alta-maps-out-roadmap-to-net-zero-challenges-and-opportunities-for-aviation-in-latin-america-and-the-caribbean.html\" target=\"_self\" rel=\"bookmark noopener noreferrer\" class='uagb-image-ratio-inherit'><img decoding=\"async\" width=\"800\" height=\"400\" src=\"https:\/\/aviacionaldia.com\/wp-content\/uploads\/2026\/04\/Avion-Emisiones.webp\" class=\"attachment-large size-large\" alt=\"\" srcset=\"https:\/\/aviacionaldia.com\/wp-content\/uploads\/2026\/04\/Avion-Emisiones.webp 800w, https:\/\/aviacionaldia.com\/wp-content\/uploads\/2026\/04\/Avion-Emisiones-300x150.webp 300w, https:\/\/aviacionaldia.com\/wp-content\/uploads\/2026\/04\/Avion-Emisiones-768x384.webp 768w, https:\/\/aviacionaldia.com\/wp-content\/uploads\/2026\/04\/Avion-Emisiones-380x190.webp 380w\" sizes=\"(max-width: 800px) 100vw, 800px\" \/>\t\t\t\t\t<\/a>\n\t\t\t\t\t\t\t<\/div>\n\t\t\t\t\t\t<h4 class=\"uagb-post__title uagb-post__text\">\n\t\t\t\t<a href=\"https:\/\/aviacionaldia.com\/en\/2026\/04\/alta-maps-out-roadmap-to-net-zero-challenges-and-opportunities-for-aviation-in-latin-america-and-the-caribbean.html\" target=\"_self\" rel=\"bookmark noopener noreferrer\">ALTA Maps Out Roadmap to Net Zero: Challenges and Opportunities for Aviation in Latin America and the Caribbean<\/a>\n\t\t\t<\/h4>\n\t\t\t\t\t\t<div class='uagb-post__text uagb-post-grid-byline'>\n\t\t\t\t\t\t\t<\/div>\n\t\t\t\t\t\t<div class=\"uagb-post__text uagb-post__cta wp-block-button\">\n\t\t\t\t<a class=\"wp-block-button__link uagb-text-link\" style=\"\" href=\"https:\/\/aviacionaldia.com\/en\/2026\/04\/alta-maps-out-roadmap-to-net-zero-challenges-and-opportunities-for-aviation-in-latin-america-and-the-caribbean.html\" target=\"_self\" rel=\"bookmark noopener noreferrer\">Read More<\/a>\n\t\t\t<\/div>\n\t\t\t\n\t\t\t\t\t\t\t\t\t<\/article>\n\t\t\t\t\t\t\t\t\t\t\t\t\t\t\t\t<article class=\"uagb-post__inner-wrap\">\t\t\t\t\t\t\t\t<div class='uagb-post__image'>\n\t\t\t\t\t\t\t\t\t<a href=\"https:\/\/aviacionaldia.com\/en\/2026\/04\/air-traffic-in-latin-america-and-the-caribbean-grows-6-6-in-february.html\" target=\"_self\" rel=\"bookmark noopener noreferrer\" class='uagb-image-ratio-inherit'><img decoding=\"async\" width=\"800\" height=\"400\" src=\"https:\/\/aviacionaldia.com\/wp-content\/uploads\/2021\/11\/Pasajeros-de-avion.jpg\" class=\"attachment-large size-large\" alt=\"\" srcset=\"https:\/\/aviacionaldia.com\/wp-content\/uploads\/2021\/11\/Pasajeros-de-avion.jpg 800w, https:\/\/aviacionaldia.com\/wp-content\/uploads\/2021\/11\/Pasajeros-de-avion-300x150.jpg 300w, https:\/\/aviacionaldia.com\/wp-content\/uploads\/2021\/11\/Pasajeros-de-avion-768x384.jpg 768w, https:\/\/aviacionaldia.com\/wp-content\/uploads\/2021\/11\/Pasajeros-de-avion-380x190.jpg 380w\" sizes=\"(max-width: 800px) 100vw, 800px\" \/>\t\t\t\t\t<\/a>\n\t\t\t\t\t\t\t<\/div>\n\t\t\t\t\t\t<h4 class=\"uagb-post__title uagb-post__text\">\n\t\t\t\t<a href=\"https:\/\/aviacionaldia.com\/en\/2026\/04\/air-traffic-in-latin-america-and-the-caribbean-grows-6-6-in-february.html\" target=\"_self\" rel=\"bookmark noopener noreferrer\">Air Traffic in Latin America and the Caribbean Grows 6.6% in February<\/a>\n\t\t\t<\/h4>\n\t\t\t\t\t\t<div class='uagb-post__text uagb-post-grid-byline'>\n\t\t\t\t\t\t\t<\/div>\n\t\t\t\t\t\t<div class=\"uagb-post__text uagb-post__cta wp-block-button\">\n\t\t\t\t<a class=\"wp-block-button__link uagb-text-link\" style=\"\" href=\"https:\/\/aviacionaldia.com\/en\/2026\/04\/air-traffic-in-latin-america-and-the-caribbean-grows-6-6-in-february.html\" target=\"_self\" rel=\"bookmark noopener noreferrer\">Read More<\/a>\n\t\t\t<\/div>\n\t\t\t\n\t\t\t\t\t\t\t\t\t<\/article>\n\t\t\t\t\t\t\t\t\t\t\t<\/div>\n\t\t\t","protected":false},"excerpt":{"rendered":"Porter Airlines announced this Thursday an ambitious expansion for the 2026-2027 winter season, adding four new international destinations&hellip;\n","protected":false},"author":4316,"featured_media":181009,"comment_status":"open","ping_status":"closed","sticky":false,"template":"","format":"standard","meta":{"_uag_custom_page_level_css":"","footnotes":""},"categories":[1],"tags":[230,246,198,747],"class_list":{"0":"post-187344","1":"post","2":"type-post","3":"status-publish","4":"format-standard","5":"has-post-thumbnail","7":"category-airlines","8":"tag-airline","9":"tag-canada","10":"tag-flights","11":"tag-porter-airlines-2"},"uagb_featured_image_src":{"full":["https:\/\/aviacionaldia.com\/wp-content\/uploads\/2025\/11\/Porter-Airlines-Embraer-E195-E2.webp",800,400,false],"thumbnail":["https:\/\/aviacionaldia.com\/wp-content\/uploads\/2025\/11\/Porter-Airlines-Embraer-E195-E2-150x150.webp",150,150,true],"medium":["https:\/\/aviacionaldia.com\/wp-content\/uploads\/2025\/11\/Porter-Airlines-Embraer-E195-E2-300x150.webp",300,150,true],"medium_large":["https:\/\/aviacionaldia.com\/wp-content\/uploads\/2025\/11\/Porter-Airlines-Embraer-E195-E2-768x384.webp",768,384,true],"large":["https:\/\/aviacionaldia.com\/wp-content\/uploads\/2025\/11\/Porter-Airlines-Embraer-E195-E2.webp",800,400,false],"1536x1536":["https:\/\/aviacionaldia.com\/wp-content\/uploads\/2025\/11\/Porter-Airlines-Embraer-E195-E2.webp",800,400,false],"2048x2048":["https:\/\/aviacionaldia.com\/wp-content\/uploads\/2025\/11\/Porter-Airlines-Embraer-E195-E2.webp",800,400,false],"pk-small":["https:\/\/aviacionaldia.com\/wp-content\/uploads\/2025\/11\/Porter-Airlines-Embraer-E195-E2-80x80.webp",80,80,true],"pk-thumbnail":["https:\/\/aviacionaldia.com\/wp-content\/uploads\/2025\/11\/Porter-Airlines-Embraer-E195-E2-300x225.webp",300,225,true],"csco-small":["https:\/\/aviacionaldia.com\/wp-content\/uploads\/2025\/11\/Porter-Airlines-Embraer-E195-E2-80x80.webp",80,80,true],"csco-intermediate":["https:\/\/aviacionaldia.com\/wp-content\/uploads\/2025\/11\/Porter-Airlines-Embraer-E195-E2-200x140.webp",200,140,true],"csco-thumbnail":["https:\/\/aviacionaldia.com\/wp-content\/uploads\/2025\/11\/Porter-Airlines-Embraer-E195-E2-380x220.webp",380,220,true],"csco-thumbnail-alternative":["https:\/\/aviacionaldia.com\/wp-content\/uploads\/2025\/11\/Porter-Airlines-Embraer-E195-E2-300x180.webp",300,180,true],"csco-thumbnail-uncropped":["https:\/\/aviacionaldia.com\/wp-content\/uploads\/2025\/11\/Porter-Airlines-Embraer-E195-E2-380x190.webp",380,190,true],"csco-medium":["https:\/\/aviacionaldia.com\/wp-content\/uploads\/2025\/11\/Porter-Airlines-Embraer-E195-E2.webp",800,400,false],"csco-medium-alternative":["https:\/\/aviacionaldia.com\/wp-content\/uploads\/2025\/11\/Porter-Airlines-Embraer-E195-E2-560x336.webp",560,336,true],"csco-medium-uncropped":["https:\/\/aviacionaldia.com\/wp-content\/uploads\/2025\/11\/Porter-Airlines-Embraer-E195-E2.webp",800,400,false],"csco-large":["https:\/\/aviacionaldia.com\/wp-content\/uploads\/2025\/11\/Porter-Airlines-Embraer-E195-E2.webp",800,400,false],"csco-large-uncropped":["https:\/\/aviacionaldia.com\/wp-content\/uploads\/2025\/11\/Porter-Airlines-Embraer-E195-E2.webp",800,400,false],"csco-extra-large":["https:\/\/aviacionaldia.com\/wp-content\/uploads\/2025\/11\/Porter-Airlines-Embraer-E195-E2.webp",800,400,false]},"uagb_author_info":{"display_name":"Redacci\u00f3n - Aviaci\u00f3n al D\u00eda","author_link":"https:\/\/aviacionaldia.com\/en\/author\/aad"},"uagb_comment_info":0,"uagb_excerpt":"Porter Airlines announced this Thursday an ambitious expansion for the 2026-2027 winter season, adding four new international destinations&hellip;","amp_enabled":true,"_links":{"self":[{"href":"https:\/\/aviacionaldia.com\/en\/wp-json\/wp\/v2\/posts\/187344","targetHints":{"allow":["GET"]}}],"collection":[{"href":"https:\/\/aviacionaldia.com\/en\/wp-json\/wp\/v2\/posts"}],"about":[{"href":"https:\/\/aviacionaldia.com\/en\/wp-json\/wp\/v2\/types\/post"}],"author":[{"embeddable":true,"href":"https:\/\/aviacionaldia.com\/en\/wp-json\/wp\/v2\/users\/4316"}],"replies":[{"embeddable":true,"href":"https:\/\/aviacionaldia.com\/en\/wp-json\/wp\/v2\/comments?post=187344"}],"version-history":[{"count":1,"href":"https:\/\/aviacionaldia.com\/en\/wp-json\/wp\/v2\/posts\/187344\/revisions"}],"predecessor-version":[{"id":187345,"href":"https:\/\/aviacionaldia.com\/en\/wp-json\/wp\/v2\/posts\/187344\/revisions\/187345"}],"wp:featuredmedia":[{"embeddable":true,"href":"https:\/\/aviacionaldia.com\/en\/wp-json\/wp\/v2\/media\/181009"}],"wp:attachment":[{"href":"https:\/\/aviacionaldia.com\/en\/wp-json\/wp\/v2\/media?parent=187344"}],"wp:term":[{"taxonomy":"category","embeddable":true,"href":"https:\/\/aviacionaldia.com\/en\/wp-json\/wp\/v2\/categories?post=187344"},{"taxonomy":"post_tag","embeddable":true,"href":"https:\/\/aviacionaldia.com\/en\/wp-json\/wp\/v2\/tags?post=187344"}],"curies":[{"name":"wp","href":"https:\/\/api.w.org\/{rel}","templated":true}]}}