{"id":190259,"date":"2026-07-20T16:30:51","date_gmt":"2026-07-20T16:30:51","guid":{"rendered":"https:\/\/aviacionaldia.com\/?p=190259"},"modified":"2026-07-21T12:01:26","modified_gmt":"2026-07-21T12:01:26","slug":"ryanair-reports-34-drop-in-quarterly-profits-driven-by-surge-in-fuel-costs-amid-war-in-iran","status":"publish","type":"post","link":"https:\/\/aviacionaldia.com\/en\/2026\/07\/ryanair-reports-34-drop-in-quarterly-profits-driven-by-surge-in-fuel-costs-amid-war-in-iran.html","title":{"rendered":"Ryanair Reports 34% Drop in Quarterly Profits Driven by Surge in Fuel Costs Amid War in Iran"},"content":{"rendered":"\n<p>Irish carrier <strong>Ryanair <\/strong>has released its financial results for its first fiscal quarter (April 1 to June 30), reporting a profit after tax of \u20ac538 million ($616 million). This figure represents a 34% drop compared to the same period last year, coming in below the \u20ac579 million projected by market analysts.<\/p>\n\n\n\n<p>The margin compression was primarily driven by higher operational jet fuel costs combined with downward pressure on airfares on the eve of the Northern Hemisphere&#8217;s peak summer season.<\/p>\n\n\n\n<h2 class=\"wp-block-heading\">Geopolitical Impact and Crude Oil Volatility<\/h2>\n\n\n\n<p>The armed conflict in Iran, now in its fifth month, continues to exert severe pressure on the continental aviation industry. Following the collapse of a temporary truce, the resumption of US military strikes on Iranian territory for nine consecutive days drove crude prices above $90 per barrel, dampening travel bookings amid shaky consumer confidence.<\/p>\n\n\n\n<p>\u201cThere is a war going on in the world. There is enormous uncertainty. We are right in the middle of the peak July and August period, and I think pricing trends are showing more weakness than strength,\u201d stated Ryanair CEO Michael O\u2019Leary during an analyst briefing.<\/p>\n\n\n\n<p><strong><em>\u2192 <a href=\"https:\/\/aviacionaldia.com\/en\/2026\/07\/ryanair-records-new-june-record-21-2-million-passengers-carried.html\">Ryanair Records New June Record: 21.2 Million Passengers Carried<\/a><\/em><\/strong><\/p>\n\n\n\n<p>O\u2019Leary also forecasted that the airline&#8217;s average fares face a mid-single-digit year-on-year decline (between 4% and 6%) during the current quarter.<\/p>\n\n\n\n<h2 class=\"wp-block-heading\">Fuel Hedging Strategy<\/h2>\n\n\n\n<p>Despite the adverse macroeconomic environment, executive management highlighted its strong competitive position relative to other European carriers, underpinned by its fuel hedging position:<\/p>\n\n\n\n<ul class=\"wp-block-list\">\n<li><strong>Fiscal Year Ending March 2027:<\/strong> 80% of its fuel requirements are hedged at a fixed price of $67 per barrel.<\/li>\n\n\n\n<li><strong>Capitalizing on the Truce:<\/strong> During the brief lull in the conflict, Ryanair locked in 15% of its requirements for the subsequent fiscal year at $85 per barrel.<\/li>\n\n\n\n<li><strong>Spot Market Exposure:<\/strong> The remaining unhedged 20% saw its cost double, spiking to peaks of $150 per barrel during the April\u2013June quarter.<\/li>\n<\/ul>\n\n\n\n<h2 class=\"wp-block-heading\">Guarded Full-Year Outlook<\/h2>\n\n\n\n<p>Due to prevailing volatility and heavy reliance on close-in, last-minute summer bookings, Ryanair&#8217;s board determined that it is premature to issue formal full-year profit guidance for the close of the fiscal year.<\/p>\n\n\n\n<h2 class=\"wp-block-heading\" id=\"related-topics\">Related Topics<\/h2>\n\n\n\n\t\t\t<div class=\"wp-block-uagb-post-grid uagb-post-grid  uagb-post__image-position-top uagb-post__image-enabled uagb-block-9e302684     uagb-post__items uagb-post__columns-2 is-grid uagb-post__columns-tablet-2 uagb-post__columns-mobile-1 uagb-post__equal-height\" data-total=\"217\" style=\"\">\n\n\t\t\t\t\t\t\t\t\t\t\t\t<article class=\"uagb-post__inner-wrap\">\t\t\t\t\t\t\t\t<div class='uagb-post__image'>\n\t\t\t\t\t\t\t\t\t<a href=\"https:\/\/aviacionaldia.com\/en\/2026\/08\/air-india-seeks-1-5-billion-capital-injection-from-tata-sons-and-singapore-airlines-following-record-losses.html\" target=\"_self\" rel=\"bookmark noopener noreferrer\" class='uagb-image-ratio-inherit'><img decoding=\"async\" width=\"800\" height=\"400\" src=\"https:\/\/aviacionaldia.com\/wp-content\/uploads\/2026\/08\/Air-India-Boeing-787.webp\" class=\"attachment-large size-large\" alt=\"\" srcset=\"https:\/\/aviacionaldia.com\/wp-content\/uploads\/2026\/08\/Air-India-Boeing-787.webp 800w, https:\/\/aviacionaldia.com\/wp-content\/uploads\/2026\/08\/Air-India-Boeing-787-300x150.webp 300w, https:\/\/aviacionaldia.com\/wp-content\/uploads\/2026\/08\/Air-India-Boeing-787-768x384.webp 768w, https:\/\/aviacionaldia.com\/wp-content\/uploads\/2026\/08\/Air-India-Boeing-787-380x190.webp 380w\" sizes=\"(max-width: 800px) 100vw, 800px\" \/>\t\t\t\t\t<\/a>\n\t\t\t\t\t\t\t<\/div>\n\t\t\t\t\t\t<h4 class=\"uagb-post__title uagb-post__text\">\n\t\t\t\t<a href=\"https:\/\/aviacionaldia.com\/en\/2026\/08\/air-india-seeks-1-5-billion-capital-injection-from-tata-sons-and-singapore-airlines-following-record-losses.html\" target=\"_self\" rel=\"bookmark noopener noreferrer\">Air India Seeks $1.5 Billion Capital Injection From Tata Sons and Singapore Airlines Following Record Losses<\/a>\n\t\t\t<\/h4>\n\t\t\t\t\t\t<div class='uagb-post__text uagb-post-grid-byline'>\n\t\t\t\t\t\t\t<\/div>\n\t\t\t\t\t\t<div class=\"uagb-post__text uagb-post__cta wp-block-button\">\n\t\t\t\t<a class=\"wp-block-button__link uagb-text-link\" style=\"\" href=\"https:\/\/aviacionaldia.com\/en\/2026\/08\/air-india-seeks-1-5-billion-capital-injection-from-tata-sons-and-singapore-airlines-following-record-losses.html\" target=\"_self\" rel=\"bookmark noopener noreferrer\">Read More<\/a>\n\t\t\t<\/div>\n\t\t\t\n\t\t\t\t\t\t\t\t\t<\/article>\n\t\t\t\t\t\t\t\t\t\t\t\t\t\t\t\t<article class=\"uagb-post__inner-wrap\">\t\t\t\t\t\t\t\t<div class='uagb-post__image'>\n\t\t\t\t\t\t\t\t\t<a href=\"https:\/\/aviacionaldia.com\/en\/2026\/08\/jin-air-to-absorb-air-busan-and-air-seoul-to-form-south-koreas-largest-low-cost-carrier-group.html\" target=\"_self\" rel=\"bookmark noopener noreferrer\" class='uagb-image-ratio-inherit'><img decoding=\"async\" width=\"800\" height=\"400\" src=\"https:\/\/aviacionaldia.com\/wp-content\/uploads\/2026\/08\/Jin-Air-Boeing-737.webp\" class=\"attachment-large size-large\" alt=\"\" srcset=\"https:\/\/aviacionaldia.com\/wp-content\/uploads\/2026\/08\/Jin-Air-Boeing-737.webp 800w, https:\/\/aviacionaldia.com\/wp-content\/uploads\/2026\/08\/Jin-Air-Boeing-737-300x150.webp 300w, https:\/\/aviacionaldia.com\/wp-content\/uploads\/2026\/08\/Jin-Air-Boeing-737-768x384.webp 768w, https:\/\/aviacionaldia.com\/wp-content\/uploads\/2026\/08\/Jin-Air-Boeing-737-380x190.webp 380w\" sizes=\"(max-width: 800px) 100vw, 800px\" \/>\t\t\t\t\t<\/a>\n\t\t\t\t\t\t\t<\/div>\n\t\t\t\t\t\t<h4 class=\"uagb-post__title uagb-post__text\">\n\t\t\t\t<a href=\"https:\/\/aviacionaldia.com\/en\/2026\/08\/jin-air-to-absorb-air-busan-and-air-seoul-to-form-south-koreas-largest-low-cost-carrier-group.html\" target=\"_self\" rel=\"bookmark noopener noreferrer\">Jin Air to Absorb Air Busan and Air Seoul to Form South Korea&#8217;s Largest Low-Cost Carrier Group<\/a>\n\t\t\t<\/h4>\n\t\t\t\t\t\t<div class='uagb-post__text uagb-post-grid-byline'>\n\t\t\t\t\t\t\t<\/div>\n\t\t\t\t\t\t<div class=\"uagb-post__text uagb-post__cta wp-block-button\">\n\t\t\t\t<a class=\"wp-block-button__link uagb-text-link\" style=\"\" href=\"https:\/\/aviacionaldia.com\/en\/2026\/08\/jin-air-to-absorb-air-busan-and-air-seoul-to-form-south-koreas-largest-low-cost-carrier-group.html\" target=\"_self\" rel=\"bookmark noopener noreferrer\">Read More<\/a>\n\t\t\t<\/div>\n\t\t\t\n\t\t\t\t\t\t\t\t\t<\/article>\n\t\t\t\t\t\t\t\t\t\t\t\t\t\t\t\t<article class=\"uagb-post__inner-wrap\">\t\t\t\t\t\t\t\t<div class='uagb-post__image'>\n\t\t\t\t\t\t\t\t\t<a href=\"https:\/\/aviacionaldia.com\/en\/2026\/08\/korean-air-expands-australian-footprint-with-direct-seoul-melbourne-service.html\" target=\"_self\" rel=\"bookmark noopener noreferrer\" class='uagb-image-ratio-inherit'><img decoding=\"async\" width=\"800\" height=\"400\" src=\"https:\/\/aviacionaldia.com\/wp-content\/uploads\/2026\/08\/Korean-Air-Boeing-787.webp\" class=\"attachment-large size-large\" alt=\"\" srcset=\"https:\/\/aviacionaldia.com\/wp-content\/uploads\/2026\/08\/Korean-Air-Boeing-787.webp 800w, https:\/\/aviacionaldia.com\/wp-content\/uploads\/2026\/08\/Korean-Air-Boeing-787-300x150.webp 300w, https:\/\/aviacionaldia.com\/wp-content\/uploads\/2026\/08\/Korean-Air-Boeing-787-768x384.webp 768w, https:\/\/aviacionaldia.com\/wp-content\/uploads\/2026\/08\/Korean-Air-Boeing-787-380x190.webp 380w\" sizes=\"(max-width: 800px) 100vw, 800px\" \/>\t\t\t\t\t<\/a>\n\t\t\t\t\t\t\t<\/div>\n\t\t\t\t\t\t<h4 class=\"uagb-post__title uagb-post__text\">\n\t\t\t\t<a href=\"https:\/\/aviacionaldia.com\/en\/2026\/08\/korean-air-expands-australian-footprint-with-direct-seoul-melbourne-service.html\" target=\"_self\" rel=\"bookmark noopener noreferrer\">Korean Air Expands Australian Footprint with Direct Seoul\u2013Melbourne Service<\/a>\n\t\t\t<\/h4>\n\t\t\t\t\t\t<div class='uagb-post__text uagb-post-grid-byline'>\n\t\t\t\t\t\t\t<\/div>\n\t\t\t\t\t\t<div class=\"uagb-post__text uagb-post__cta wp-block-button\">\n\t\t\t\t<a class=\"wp-block-button__link uagb-text-link\" style=\"\" href=\"https:\/\/aviacionaldia.com\/en\/2026\/08\/korean-air-expands-australian-footprint-with-direct-seoul-melbourne-service.html\" target=\"_self\" rel=\"bookmark noopener noreferrer\">Read More<\/a>\n\t\t\t<\/div>\n\t\t\t\n\t\t\t\t\t\t\t\t\t<\/article>\n\t\t\t\t\t\t\t\t\t\t\t\t\t\t\t\t<article class=\"uagb-post__inner-wrap\">\t\t\t\t\t\t\t\t<div class='uagb-post__image'>\n\t\t\t\t\t\t\t\t\t<a href=\"https:\/\/aviacionaldia.com\/en\/2026\/08\/sas-returns-to-india-after-17-year-hiatus-with-new-direct-copenhagen-mumbai-route.html\" target=\"_self\" rel=\"bookmark noopener noreferrer\" class='uagb-image-ratio-inherit'><img decoding=\"async\" width=\"800\" height=\"400\" src=\"https:\/\/aviacionaldia.com\/wp-content\/uploads\/2026\/08\/SAS-Airbus-a330.webp\" class=\"attachment-large size-large\" alt=\"\" srcset=\"https:\/\/aviacionaldia.com\/wp-content\/uploads\/2026\/08\/SAS-Airbus-a330.webp 800w, https:\/\/aviacionaldia.com\/wp-content\/uploads\/2026\/08\/SAS-Airbus-a330-300x150.webp 300w, https:\/\/aviacionaldia.com\/wp-content\/uploads\/2026\/08\/SAS-Airbus-a330-768x384.webp 768w, https:\/\/aviacionaldia.com\/wp-content\/uploads\/2026\/08\/SAS-Airbus-a330-380x190.webp 380w\" sizes=\"(max-width: 800px) 100vw, 800px\" \/>\t\t\t\t\t<\/a>\n\t\t\t\t\t\t\t<\/div>\n\t\t\t\t\t\t<h4 class=\"uagb-post__title uagb-post__text\">\n\t\t\t\t<a href=\"https:\/\/aviacionaldia.com\/en\/2026\/08\/sas-returns-to-india-after-17-year-hiatus-with-new-direct-copenhagen-mumbai-route.html\" target=\"_self\" rel=\"bookmark noopener noreferrer\">SAS Returns to India After 17-Year Hiatus With New Direct Copenhagen\u2013Mumbai Route<\/a>\n\t\t\t<\/h4>\n\t\t\t\t\t\t<div class='uagb-post__text uagb-post-grid-byline'>\n\t\t\t\t\t\t\t<\/div>\n\t\t\t\t\t\t<div class=\"uagb-post__text uagb-post__cta wp-block-button\">\n\t\t\t\t<a class=\"wp-block-button__link uagb-text-link\" style=\"\" href=\"https:\/\/aviacionaldia.com\/en\/2026\/08\/sas-returns-to-india-after-17-year-hiatus-with-new-direct-copenhagen-mumbai-route.html\" target=\"_self\" rel=\"bookmark noopener noreferrer\">Read More<\/a>\n\t\t\t<\/div>\n\t\t\t\n\t\t\t\t\t\t\t\t\t<\/article>\n\t\t\t\t\t\t\t\t\t\t\t<\/div>\n\t\t\t","protected":false},"excerpt":{"rendered":"Irish carrier Ryanair has released its financial results for its first fiscal quarter (April 1 to June 30),&hellip;\n","protected":false},"author":4316,"featured_media":99602,"comment_status":"open","ping_status":"closed","sticky":false,"template":"","format":"standard","meta":{"_uag_custom_page_level_css":"","footnotes":""},"categories":[1],"tags":[230,269,279],"class_list":{"0":"post-190259","1":"post","2":"type-post","3":"status-publish","4":"format-standard","5":"has-post-thumbnail","7":"category-airlines","8":"tag-airline","9":"tag-europe","10":"tag-ryanair-2"},"uagb_featured_image_src":{"full":["https:\/\/aviacionaldia.com\/wp-content\/uploads\/2020\/05\/Ryanair-aviones.jpg",800,400,false],"thumbnail":["https:\/\/aviacionaldia.com\/wp-content\/uploads\/2020\/05\/Ryanair-aviones-150x150.jpg",150,150,true],"medium":["https:\/\/aviacionaldia.com\/wp-content\/uploads\/2020\/05\/Ryanair-aviones-300x150.jpg",300,150,true],"medium_large":["https:\/\/aviacionaldia.com\/wp-content\/uploads\/2020\/05\/Ryanair-aviones-768x384.jpg",768,384,true],"large":["https:\/\/aviacionaldia.com\/wp-content\/uploads\/2020\/05\/Ryanair-aviones.jpg",800,400,false],"1536x1536":["https:\/\/aviacionaldia.com\/wp-content\/uploads\/2020\/05\/Ryanair-aviones.jpg",800,400,false],"2048x2048":["https:\/\/aviacionaldia.com\/wp-content\/uploads\/2020\/05\/Ryanair-aviones.jpg",800,400,false],"pk-small":["https:\/\/aviacionaldia.com\/wp-content\/uploads\/2020\/05\/Ryanair-aviones-80x80.jpg",80,80,true],"pk-thumbnail":["https:\/\/aviacionaldia.com\/wp-content\/uploads\/2020\/05\/Ryanair-aviones-300x225.jpg",300,225,true],"csco-small":["https:\/\/aviacionaldia.com\/wp-content\/uploads\/2020\/05\/Ryanair-aviones-80x80.jpg",80,80,true],"csco-intermediate":["https:\/\/aviacionaldia.com\/wp-content\/uploads\/2020\/05\/Ryanair-aviones-200x140.jpg",200,140,true],"csco-thumbnail":["https:\/\/aviacionaldia.com\/wp-content\/uploads\/2020\/05\/Ryanair-aviones-380x220.jpg",380,220,true],"csco-thumbnail-alternative":["https:\/\/aviacionaldia.com\/wp-content\/uploads\/2020\/05\/Ryanair-aviones-300x180.jpg",300,180,true],"csco-thumbnail-uncropped":["https:\/\/aviacionaldia.com\/wp-content\/uploads\/2020\/05\/Ryanair-aviones-380x190.jpg",380,190,true],"csco-medium":["https:\/\/aviacionaldia.com\/wp-content\/uploads\/2020\/05\/Ryanair-aviones.jpg",800,400,false],"csco-medium-alternative":["https:\/\/aviacionaldia.com\/wp-content\/uploads\/2020\/05\/Ryanair-aviones-560x336.jpg",560,336,true],"csco-medium-uncropped":["https:\/\/aviacionaldia.com\/wp-content\/uploads\/2020\/05\/Ryanair-aviones.jpg",800,400,false],"csco-large":["https:\/\/aviacionaldia.com\/wp-content\/uploads\/2020\/05\/Ryanair-aviones.jpg",800,400,false],"csco-large-uncropped":["https:\/\/aviacionaldia.com\/wp-content\/uploads\/2020\/05\/Ryanair-aviones.jpg",800,400,false],"csco-extra-large":["https:\/\/aviacionaldia.com\/wp-content\/uploads\/2020\/05\/Ryanair-aviones.jpg",800,400,false]},"uagb_author_info":{"display_name":"Redacci\u00f3n - Aviaci\u00f3n al D\u00eda","author_link":"https:\/\/aviacionaldia.com\/en\/author\/aad"},"uagb_comment_info":0,"uagb_excerpt":"Irish carrier Ryanair has released its financial results for its first fiscal quarter (April 1 to June 30),&hellip;","amp_enabled":true,"_links":{"self":[{"href":"https:\/\/aviacionaldia.com\/en\/wp-json\/wp\/v2\/posts\/190259","targetHints":{"allow":["GET"]}}],"collection":[{"href":"https:\/\/aviacionaldia.com\/en\/wp-json\/wp\/v2\/posts"}],"about":[{"href":"https:\/\/aviacionaldia.com\/en\/wp-json\/wp\/v2\/types\/post"}],"author":[{"embeddable":true,"href":"https:\/\/aviacionaldia.com\/en\/wp-json\/wp\/v2\/users\/4316"}],"replies":[{"embeddable":true,"href":"https:\/\/aviacionaldia.com\/en\/wp-json\/wp\/v2\/comments?post=190259"}],"version-history":[{"count":1,"href":"https:\/\/aviacionaldia.com\/en\/wp-json\/wp\/v2\/posts\/190259\/revisions"}],"predecessor-version":[{"id":190260,"href":"https:\/\/aviacionaldia.com\/en\/wp-json\/wp\/v2\/posts\/190259\/revisions\/190260"}],"wp:featuredmedia":[{"embeddable":true,"href":"https:\/\/aviacionaldia.com\/en\/wp-json\/wp\/v2\/media\/99602"}],"wp:attachment":[{"href":"https:\/\/aviacionaldia.com\/en\/wp-json\/wp\/v2\/media?parent=190259"}],"wp:term":[{"taxonomy":"category","embeddable":true,"href":"https:\/\/aviacionaldia.com\/en\/wp-json\/wp\/v2\/categories?post=190259"},{"taxonomy":"post_tag","embeddable":true,"href":"https:\/\/aviacionaldia.com\/en\/wp-json\/wp\/v2\/tags?post=190259"}],"curies":[{"name":"wp","href":"https:\/\/api.w.org\/{rel}","templated":true}]}}