{"id":191515,"date":"2026-08-31T12:30:43","date_gmt":"2026-08-31T12:30:43","guid":{"rendered":"https:\/\/aviacionaldia.com\/?p=191515"},"modified":"2026-08-31T16:59:58","modified_gmt":"2026-08-31T16:59:58","slug":"airlink-defends-low-altitude-flypast-over-cape-town-stadium","status":"publish","type":"post","link":"https:\/\/aviacionaldia.com\/en\/2026\/08\/airlink-defends-low-altitude-flypast-over-cape-town-stadium.html","title":{"rendered":"Airlink Defends Low-Altitude Flypast Over Cape Town Stadium"},"content":{"rendered":"\n<p>A striking aerial display has divided opinion across the aviation industry and the general public. In the buildup to the rugby match between the South African and New Zealand national teams, two<strong> Airlink Embraer E190<\/strong> aircraft executed a low-altitude formation flight over the DHL Stadium in Cape Town, timed to coincide with a pyrotechnic flare display inside the venue.<\/p>\n\n\n\n<p>According to flight-tracking platform Flightradar24, the lead aircraft cleared the top of the stadium structure by less than 50 feet (15 meters).<\/p>\n\n\n\n<p>computational analysis and flight data raised immediate questions regarding operational risk and the potential for a catastrophic incident when maneuvering two commercial airliners over a maximum-capacity venue. However, the flight also drew praise for the technical precision required, with many locals welcoming the flypast as a display of national pride.<\/p>\n\n\n\n<h2 class=\"wp-block-heading\">Airlink Statement and Safety Standards<\/h2>\n\n\n\n<p>Responding to allegations of recklessness, Airlink released official statements defending the operation under the banner: &#8220;Planning. Precision. Performance.&#8221;<\/p>\n\n\n\n<p>The carrier detailed the safety measures implemented for the event:<\/p>\n\n\n\n<ul class=\"wp-block-list\">\n<li><strong>Highly Qualified Crew:<\/strong> Each participating aircraft was crewed by three senior captains, fulfilling the roles of Commander, First Officer, and Technical\/Safety Officer.<\/li>\n\n\n\n<li><strong>Approved Operational Envelope:<\/strong> The flyover adhered strictly to safety altitude and airspeed limits that had been previously rehearsed and authorized for the demonstration flight.<\/li>\n\n\n\n<li><strong>Regulatory Coordination:<\/strong> The maneuver was executed with explicit sign-off from civil aviation authorities.<\/li>\n<\/ul>\n\n\n\n<h2 class=\"wp-block-heading\">A Historic Precedent in South African Aviation<\/h2>\n\n\n\n<p>Low-altitude stadium flypasts have a rich history in South African aviation. The most iconic precedent occurred at the 1995 Rugby World Cup final in Johannesburg, when a South African Airways Boeing 747 performed a low pass over Ellis Park prior to South Africa&#8217;s victory against New Zealand.<\/p>\n\n\n\n<p>That historic event, later dramatized in the Hollywood film <em>Invictus<\/em>, served as a moment of profound national unity under then-President Nelson Mandela.<\/p>\n\n\n\n<p>Despite concerns raised by critics regarding risk management over densely populated areas, Airlink maintains that the operation complied fully with all applicable regulatory protocols for display flypasts. The airline continues to stand by the technical rigor and high level of preparation demonstrated by its flight crews.<\/p>\n\n\n\n<h2 class=\"wp-block-heading\" id=\"related-topics\">Related Topics<\/h2>\n\n\n\n\t\t\t<div class=\"wp-block-uagb-post-grid uagb-post-grid  uagb-post__image-position-top uagb-post__image-enabled uagb-block-9e302684     uagb-post__items uagb-post__columns-2 is-grid uagb-post__columns-tablet-2 uagb-post__columns-mobile-1 uagb-post__equal-height\" data-total=\"432\" style=\"\">\n\n\t\t\t\t\t\t\t\t\t\t\t\t<article class=\"uagb-post__inner-wrap\">\t\t\t\t\t\t\t\t<div class='uagb-post__image'>\n\t\t\t\t\t\t\t\t\t<a href=\"https:\/\/aviacionaldia.com\/en\/2026\/08\/avianca-strengthens-cross-border-network-launches-daily-flights-between-bogota-and-maracaibo-venezuela.html\" target=\"_self\" rel=\"bookmark noopener noreferrer\" class='uagb-image-ratio-inherit'><img decoding=\"async\" width=\"800\" height=\"400\" src=\"https:\/\/aviacionaldia.com\/wp-content\/uploads\/2021\/04\/Avianca-A320.jpg\" class=\"attachment-large size-large\" alt=\"\" srcset=\"https:\/\/aviacionaldia.com\/wp-content\/uploads\/2021\/04\/Avianca-A320.jpg 800w, https:\/\/aviacionaldia.com\/wp-content\/uploads\/2021\/04\/Avianca-A320-300x150.jpg 300w, https:\/\/aviacionaldia.com\/wp-content\/uploads\/2021\/04\/Avianca-A320-768x384.jpg 768w, https:\/\/aviacionaldia.com\/wp-content\/uploads\/2021\/04\/Avianca-A320-380x190.jpg 380w\" sizes=\"(max-width: 800px) 100vw, 800px\" \/>\t\t\t\t\t<\/a>\n\t\t\t\t\t\t\t<\/div>\n\t\t\t\t\t\t<h4 class=\"uagb-post__title uagb-post__text\">\n\t\t\t\t<a href=\"https:\/\/aviacionaldia.com\/en\/2026\/08\/avianca-strengthens-cross-border-network-launches-daily-flights-between-bogota-and-maracaibo-venezuela.html\" target=\"_self\" rel=\"bookmark noopener noreferrer\">Avianca Strengthens Cross-Border Network: Launches Daily Flights Between Bogot\u00e1 and Maracaibo, Venezuela<\/a>\n\t\t\t<\/h4>\n\t\t\t\t\t\t<div class='uagb-post__text uagb-post-grid-byline'>\n\t\t\t\t\t\t\t<\/div>\n\t\t\t\t\t\t<div class=\"uagb-post__text uagb-post__cta wp-block-button\">\n\t\t\t\t<a class=\"wp-block-button__link uagb-text-link\" style=\"\" href=\"https:\/\/aviacionaldia.com\/en\/2026\/08\/avianca-strengthens-cross-border-network-launches-daily-flights-between-bogota-and-maracaibo-venezuela.html\" target=\"_self\" rel=\"bookmark noopener noreferrer\">Read More<\/a>\n\t\t\t<\/div>\n\t\t\t\n\t\t\t\t\t\t\t\t\t<\/article>\n\t\t\t\t\t\t\t\t\t\t\t\t\t\t\t\t<article class=\"uagb-post__inner-wrap\">\t\t\t\t\t\t\t\t<div class='uagb-post__image'>\n\t\t\t\t\t\t\t\t\t<a href=\"https:\/\/aviacionaldia.com\/en\/2026\/08\/latam-to-expand-international-connectivity-with-new-direct-route-between-santiago-de-chile-and-salvador-de-bahia.html\" target=\"_self\" rel=\"bookmark noopener noreferrer\" class='uagb-image-ratio-inherit'><img decoding=\"async\" width=\"800\" height=\"400\" src=\"https:\/\/aviacionaldia.com\/wp-content\/uploads\/2024\/12\/LATAM-Airlines-Airbus-A320.jpg\" class=\"attachment-large size-large\" alt=\"\" srcset=\"https:\/\/aviacionaldia.com\/wp-content\/uploads\/2024\/12\/LATAM-Airlines-Airbus-A320.jpg 800w, https:\/\/aviacionaldia.com\/wp-content\/uploads\/2024\/12\/LATAM-Airlines-Airbus-A320-300x150.jpg 300w, https:\/\/aviacionaldia.com\/wp-content\/uploads\/2024\/12\/LATAM-Airlines-Airbus-A320-768x384.jpg 768w, https:\/\/aviacionaldia.com\/wp-content\/uploads\/2024\/12\/LATAM-Airlines-Airbus-A320-380x190.jpg 380w\" sizes=\"(max-width: 800px) 100vw, 800px\" \/>\t\t\t\t\t<\/a>\n\t\t\t\t\t\t\t<\/div>\n\t\t\t\t\t\t<h4 class=\"uagb-post__title uagb-post__text\">\n\t\t\t\t<a href=\"https:\/\/aviacionaldia.com\/en\/2026\/08\/latam-to-expand-international-connectivity-with-new-direct-route-between-santiago-de-chile-and-salvador-de-bahia.html\" target=\"_self\" rel=\"bookmark noopener noreferrer\">LATAM to Expand International Connectivity With New Direct Route Between Santiago de Chile and Salvador de Bahia<\/a>\n\t\t\t<\/h4>\n\t\t\t\t\t\t<div class='uagb-post__text uagb-post-grid-byline'>\n\t\t\t\t\t\t\t<\/div>\n\t\t\t\t\t\t<div class=\"uagb-post__text uagb-post__cta wp-block-button\">\n\t\t\t\t<a class=\"wp-block-button__link uagb-text-link\" style=\"\" href=\"https:\/\/aviacionaldia.com\/en\/2026\/08\/latam-to-expand-international-connectivity-with-new-direct-route-between-santiago-de-chile-and-salvador-de-bahia.html\" target=\"_self\" rel=\"bookmark noopener noreferrer\">Read More<\/a>\n\t\t\t<\/div>\n\t\t\t\n\t\t\t\t\t\t\t\t\t<\/article>\n\t\t\t\t\t\t\t\t\t\t\t\t\t\t\t\t<article class=\"uagb-post__inner-wrap\">\t\t\t\t\t\t\t\t<div class='uagb-post__image'>\n\t\t\t\t\t\t\t\t\t<a href=\"https:\/\/aviacionaldia.com\/en\/2026\/08\/copa-airlines-resumes-caracas-flights-in-september-following-earthquakes.html\" target=\"_self\" rel=\"bookmark noopener noreferrer\" class='uagb-image-ratio-inherit'><img decoding=\"async\" width=\"800\" height=\"400\" src=\"https:\/\/aviacionaldia.com\/wp-content\/uploads\/2023\/09\/Copa-Airlines-737-MAX.jpg\" class=\"attachment-large size-large\" alt=\"\" srcset=\"https:\/\/aviacionaldia.com\/wp-content\/uploads\/2023\/09\/Copa-Airlines-737-MAX.jpg 800w, https:\/\/aviacionaldia.com\/wp-content\/uploads\/2023\/09\/Copa-Airlines-737-MAX-300x150.jpg 300w, https:\/\/aviacionaldia.com\/wp-content\/uploads\/2023\/09\/Copa-Airlines-737-MAX-768x384.jpg 768w, https:\/\/aviacionaldia.com\/wp-content\/uploads\/2023\/09\/Copa-Airlines-737-MAX-380x190.jpg 380w\" sizes=\"(max-width: 800px) 100vw, 800px\" \/>\t\t\t\t\t<\/a>\n\t\t\t\t\t\t\t<\/div>\n\t\t\t\t\t\t<h4 class=\"uagb-post__title uagb-post__text\">\n\t\t\t\t<a href=\"https:\/\/aviacionaldia.com\/en\/2026\/08\/copa-airlines-resumes-caracas-flights-in-september-following-earthquakes.html\" target=\"_self\" rel=\"bookmark noopener noreferrer\">Copa Airlines Resumes Caracas Flights in September Following Earthquakes<\/a>\n\t\t\t<\/h4>\n\t\t\t\t\t\t<div class='uagb-post__text uagb-post-grid-byline'>\n\t\t\t\t\t\t\t<\/div>\n\t\t\t\t\t\t<div class=\"uagb-post__text uagb-post__cta wp-block-button\">\n\t\t\t\t<a class=\"wp-block-button__link uagb-text-link\" style=\"\" href=\"https:\/\/aviacionaldia.com\/en\/2026\/08\/copa-airlines-resumes-caracas-flights-in-september-following-earthquakes.html\" target=\"_self\" rel=\"bookmark noopener noreferrer\">Read More<\/a>\n\t\t\t<\/div>\n\t\t\t\n\t\t\t\t\t\t\t\t\t<\/article>\n\t\t\t\t\t\t\t\t\t\t\t\t\t\t\t\t<article class=\"uagb-post__inner-wrap\">\t\t\t\t\t\t\t\t<div class='uagb-post__image'>\n\t\t\t\t\t\t\t\t\t<a href=\"https:\/\/aviacionaldia.com\/en\/2026\/08\/aerolineas-argentinas-boosts-international-network-with-two-new-southern-summer-destinations-curacao-and-cartagena.html\" target=\"_self\" rel=\"bookmark noopener noreferrer\" class='uagb-image-ratio-inherit'><img decoding=\"async\" width=\"800\" height=\"400\" src=\"https:\/\/aviacionaldia.com\/wp-content\/uploads\/2026\/01\/Aerolineas-Argentinas-Boeing-737.webp\" class=\"attachment-large size-large\" alt=\"\" srcset=\"https:\/\/aviacionaldia.com\/wp-content\/uploads\/2026\/01\/Aerolineas-Argentinas-Boeing-737.webp 800w, https:\/\/aviacionaldia.com\/wp-content\/uploads\/2026\/01\/Aerolineas-Argentinas-Boeing-737-300x150.webp 300w, https:\/\/aviacionaldia.com\/wp-content\/uploads\/2026\/01\/Aerolineas-Argentinas-Boeing-737-768x384.webp 768w, https:\/\/aviacionaldia.com\/wp-content\/uploads\/2026\/01\/Aerolineas-Argentinas-Boeing-737-380x190.webp 380w\" sizes=\"(max-width: 800px) 100vw, 800px\" \/>\t\t\t\t\t<\/a>\n\t\t\t\t\t\t\t<\/div>\n\t\t\t\t\t\t<h4 class=\"uagb-post__title uagb-post__text\">\n\t\t\t\t<a href=\"https:\/\/aviacionaldia.com\/en\/2026\/08\/aerolineas-argentinas-boosts-international-network-with-two-new-southern-summer-destinations-curacao-and-cartagena.html\" target=\"_self\" rel=\"bookmark noopener noreferrer\">Aerol\u00edneas Argentinas Boosts International Network With Two New Southern Summer Destinations: Cura\u00e7ao and Cartagena<\/a>\n\t\t\t<\/h4>\n\t\t\t\t\t\t<div class='uagb-post__text uagb-post-grid-byline'>\n\t\t\t\t\t\t\t<\/div>\n\t\t\t\t\t\t<div class=\"uagb-post__text uagb-post__cta wp-block-button\">\n\t\t\t\t<a class=\"wp-block-button__link uagb-text-link\" style=\"\" href=\"https:\/\/aviacionaldia.com\/en\/2026\/08\/aerolineas-argentinas-boosts-international-network-with-two-new-southern-summer-destinations-curacao-and-cartagena.html\" target=\"_self\" rel=\"bookmark noopener noreferrer\">Read More<\/a>\n\t\t\t<\/div>\n\t\t\t\n\t\t\t\t\t\t\t\t\t<\/article>\n\t\t\t\t\t\t\t\t\t\t\t<\/div>\n\t\t\t","protected":false},"excerpt":{"rendered":"A striking aerial display has divided opinion across the aviation industry and the general public. In the buildup&hellip;\n","protected":false},"author":4316,"featured_media":191504,"comment_status":"open","ping_status":"closed","sticky":false,"template":"","format":"standard","meta":{"_uag_custom_page_level_css":"","footnotes":""},"categories":[1],"tags":[222,230,979],"class_list":{"0":"post-191515","1":"post","2":"type-post","3":"status-publish","4":"format-standard","5":"has-post-thumbnail","7":"category-airlines","8":"tag-aircraft","9":"tag-airline","10":"tag-airlink-2"},"uagb_featured_image_src":{"full":["https:\/\/aviacionaldia.com\/wp-content\/uploads\/2026\/08\/Avion-de-Airlink-sobrevolando-un-Estadio.webp",800,400,false],"thumbnail":["https:\/\/aviacionaldia.com\/wp-content\/uploads\/2026\/08\/Avion-de-Airlink-sobrevolando-un-Estadio-150x150.webp",150,150,true],"medium":["https:\/\/aviacionaldia.com\/wp-content\/uploads\/2026\/08\/Avion-de-Airlink-sobrevolando-un-Estadio-300x150.webp",300,150,true],"medium_large":["https:\/\/aviacionaldia.com\/wp-content\/uploads\/2026\/08\/Avion-de-Airlink-sobrevolando-un-Estadio-768x384.webp",768,384,true],"large":["https:\/\/aviacionaldia.com\/wp-content\/uploads\/2026\/08\/Avion-de-Airlink-sobrevolando-un-Estadio.webp",800,400,false],"1536x1536":["https:\/\/aviacionaldia.com\/wp-content\/uploads\/2026\/08\/Avion-de-Airlink-sobrevolando-un-Estadio.webp",800,400,false],"2048x2048":["https:\/\/aviacionaldia.com\/wp-content\/uploads\/2026\/08\/Avion-de-Airlink-sobrevolando-un-Estadio.webp",800,400,false],"pk-small":["https:\/\/aviacionaldia.com\/wp-content\/uploads\/2026\/08\/Avion-de-Airlink-sobrevolando-un-Estadio-80x80.webp",80,80,true],"pk-thumbnail":["https:\/\/aviacionaldia.com\/wp-content\/uploads\/2026\/08\/Avion-de-Airlink-sobrevolando-un-Estadio-300x225.webp",300,225,true],"csco-small":["https:\/\/aviacionaldia.com\/wp-content\/uploads\/2026\/08\/Avion-de-Airlink-sobrevolando-un-Estadio-80x80.webp",80,80,true],"csco-intermediate":["https:\/\/aviacionaldia.com\/wp-content\/uploads\/2026\/08\/Avion-de-Airlink-sobrevolando-un-Estadio-200x140.webp",200,140,true],"csco-thumbnail":["https:\/\/aviacionaldia.com\/wp-content\/uploads\/2026\/08\/Avion-de-Airlink-sobrevolando-un-Estadio-380x220.webp",380,220,true],"csco-thumbnail-alternative":["https:\/\/aviacionaldia.com\/wp-content\/uploads\/2026\/08\/Avion-de-Airlink-sobrevolando-un-Estadio-300x180.webp",300,180,true],"csco-thumbnail-uncropped":["https:\/\/aviacionaldia.com\/wp-content\/uploads\/2026\/08\/Avion-de-Airlink-sobrevolando-un-Estadio-380x190.webp",380,190,true],"csco-medium":["https:\/\/aviacionaldia.com\/wp-content\/uploads\/2026\/08\/Avion-de-Airlink-sobrevolando-un-Estadio.webp",800,400,false],"csco-medium-alternative":["https:\/\/aviacionaldia.com\/wp-content\/uploads\/2026\/08\/Avion-de-Airlink-sobrevolando-un-Estadio-560x336.webp",560,336,true],"csco-medium-uncropped":["https:\/\/aviacionaldia.com\/wp-content\/uploads\/2026\/08\/Avion-de-Airlink-sobrevolando-un-Estadio.webp",800,400,false],"csco-large":["https:\/\/aviacionaldia.com\/wp-content\/uploads\/2026\/08\/Avion-de-Airlink-sobrevolando-un-Estadio.webp",800,400,false],"csco-large-uncropped":["https:\/\/aviacionaldia.com\/wp-content\/uploads\/2026\/08\/Avion-de-Airlink-sobrevolando-un-Estadio.webp",800,400,false],"csco-extra-large":["https:\/\/aviacionaldia.com\/wp-content\/uploads\/2026\/08\/Avion-de-Airlink-sobrevolando-un-Estadio.webp",800,400,false]},"uagb_author_info":{"display_name":"Redacci\u00f3n - Aviaci\u00f3n al D\u00eda","author_link":"https:\/\/aviacionaldia.com\/en\/author\/aad"},"uagb_comment_info":0,"uagb_excerpt":"A striking aerial display has divided opinion across the aviation industry and the general public. In the buildup&hellip;","amp_enabled":true,"_links":{"self":[{"href":"https:\/\/aviacionaldia.com\/en\/wp-json\/wp\/v2\/posts\/191515","targetHints":{"allow":["GET"]}}],"collection":[{"href":"https:\/\/aviacionaldia.com\/en\/wp-json\/wp\/v2\/posts"}],"about":[{"href":"https:\/\/aviacionaldia.com\/en\/wp-json\/wp\/v2\/types\/post"}],"author":[{"embeddable":true,"href":"https:\/\/aviacionaldia.com\/en\/wp-json\/wp\/v2\/users\/4316"}],"replies":[{"embeddable":true,"href":"https:\/\/aviacionaldia.com\/en\/wp-json\/wp\/v2\/comments?post=191515"}],"version-history":[{"count":1,"href":"https:\/\/aviacionaldia.com\/en\/wp-json\/wp\/v2\/posts\/191515\/revisions"}],"predecessor-version":[{"id":191516,"href":"https:\/\/aviacionaldia.com\/en\/wp-json\/wp\/v2\/posts\/191515\/revisions\/191516"}],"wp:featuredmedia":[{"embeddable":true,"href":"https:\/\/aviacionaldia.com\/en\/wp-json\/wp\/v2\/media\/191504"}],"wp:attachment":[{"href":"https:\/\/aviacionaldia.com\/en\/wp-json\/wp\/v2\/media?parent=191515"}],"wp:term":[{"taxonomy":"category","embeddable":true,"href":"https:\/\/aviacionaldia.com\/en\/wp-json\/wp\/v2\/categories?post=191515"},{"taxonomy":"post_tag","embeddable":true,"href":"https:\/\/aviacionaldia.com\/en\/wp-json\/wp\/v2\/tags?post=191515"}],"curies":[{"name":"wp","href":"https:\/\/api.w.org\/{rel}","templated":true}]}}