{"id":191570,"date":"2026-09-01T12:30:32","date_gmt":"2026-09-01T12:30:32","guid":{"rendered":"https:\/\/aviacionaldia.com\/?p=191570"},"modified":"2026-09-02T11:53:07","modified_gmt":"2026-09-02T11:53:07","slug":"condor-and-qantas-sign-strategic-partnership-enhancing-connectivity-between-europe-australia-and-new-zealand","status":"publish","type":"post","link":"https:\/\/aviacionaldia.com\/en\/2026\/09\/condor-and-qantas-sign-strategic-partnership-enhancing-connectivity-between-europe-australia-and-new-zealand.html","title":{"rendered":"Condor and Qantas Sign Strategic Partnership Enhancing Connectivity Between Europe, Australia, and New Zealand"},"content":{"rendered":"\n<p>German carrier<strong> Condor<\/strong> and Australia&#8217;s <strong>Qantas Airways <\/strong>have launched a new strategic partnership aimed at expanding travel options between Australia, New Zealand, Europe, and other international markets.<\/p>\n\n\n\n<p>At the core of this agreement is an interline agreement linking both carriers&#8217; route networks. The companies&#8217; networks converge and connect at key international transfer hubs, including:<\/p>\n\n\n\n<ul class=\"wp-block-list\">\n<li><strong>Asia:<\/strong> Bangkok<\/li>\n\n\n\n<li><strong>Africa:<\/strong> Johannesburg<\/li>\n\n\n\n<li><strong>North America:<\/strong> Los Angeles, San Francisco, New York, and Vancouver<\/li>\n\n\n\n<li><strong>Europe:<\/strong> Paris and Rome<\/li>\n<\/ul>\n\n\n\n<p>This infrastructure allows passengers traveling between Oceania and Europe to book under a single ticket and enjoy seamless baggage through-checking to their final destination.<\/p>\n\n\n\n<p><strong><em>\u2192 <a href=\"https:\/\/aviacionaldia.com\/en\/2026\/08\/condor-launches-flights-between-frankfurt-and-tel-aviv.html\">Condor Launches Flights Between Frankfurt and Tel Aviv<\/a><\/em><\/strong><\/p>\n\n\n\n<h2 class=\"wp-block-heading\">Commercial Integration and Frequent Flyer Program<\/h2>\n\n\n\n<p>Beyond route connectivity, the collaboration features direct integration within the Qantas Frequent Flyer loyalty program.<\/p>\n\n\n\n<p>Through this partnership, Qantas Frequent Flyer members can redeem points for reward seats across Condor\u2019s network. Availability spans all cabin classes offered by the German airline:<\/p>\n\n\n\n<ul class=\"wp-block-list\">\n<li>Economy Class<\/li>\n\n\n\n<li>Premium Economy Class<\/li>\n\n\n\n<li>Business Class<\/li>\n<\/ul>\n\n\n\n<p>The addition of Condor brings more than 90 destinations across Europe, the Mediterranean, North America, Central America, and the Caribbean into reach for travelers departing from Australia and New Zealand.<\/p>\n\n\n\n<p>&#8220;Europe is consistently the most requested region by our Frequent Flyer members, with a record number of points redeemed on flights over the past year. Almost a third of all international seats booked by our members using points are redeemed on partner airlines, which expands our reach to more than 1,300 destinations worldwide,&#8221; stated Andrew Glance, CEO of Qantas Loyalty.<\/p>\n\n\n\n<p>For his part, Dr. Pierre Dominique Pr\u00fcmm, Chief Commercial Officer (CCO) at Condor, underscored the operational value of the agreement:<\/p>\n\n\n\n<p>&#8220;We are delighted to launch our partnership with Qantas\u2026 By connecting our networks, we are creating new travel opportunities between Australia and New Zealand and our extensive network in Europe and beyond. With our attractive network, modern fleet, and high-quality onboard product, we look forward to offering Qantas customers a wider array of options and convenient connections.&#8221;<\/p>\n\n\n\n<h2 class=\"wp-block-heading\">Condor&#8217;s Global Partnership Strategy<\/h2>\n\n\n\n<p>Adding Qantas is part of a systematic interline expansion strategy spearheaded by Condor over the past year to strengthen its presence across key international markets in Asia, Australia, New Zealand, and the Middle East.<\/p>\n\n\n\n<p>Among the interline agreements recently implemented by the German carrier are partnerships with:<\/p>\n\n\n\n<ul class=\"wp-block-list\">\n<li>Etihad Airways<\/li>\n\n\n\n<li>EVA Air<\/li>\n\n\n\n<li>Saudia<\/li>\n\n\n\n<li>Air Astana<\/li>\n\n\n\n<li>Japan Airlines<\/li>\n\n\n\n<li>Hainan Airlines<\/li>\n\n\n\n<li>Cathay Pacific<\/li>\n\n\n\n<li>Uzbekistan Airways<\/li>\n\n\n\n<li>Qantas Airways<\/li>\n<\/ul>\n\n\n\n<p>Additionally, Condor is scheduled to launch its interline cooperation with Thai Airways on September 1, 2026, introducing further connection alternatives through Southeast Asia.<\/p>\n\n\n\n<h2 class=\"wp-block-heading\" id=\"related-topics\">Related Topics<\/h2>\n\n\n\n\t\t\t<div class=\"wp-block-uagb-post-grid uagb-post-grid  uagb-post__image-position-top uagb-post__image-enabled uagb-block-9e302684     uagb-post__items uagb-post__columns-2 is-grid uagb-post__columns-tablet-2 uagb-post__columns-mobile-1 uagb-post__equal-height\" data-total=\"432\" style=\"\">\n\n\t\t\t\t\t\t\t\t\t\t\t\t<article class=\"uagb-post__inner-wrap\">\t\t\t\t\t\t\t\t<div class='uagb-post__image'>\n\t\t\t\t\t\t\t\t\t<a href=\"https:\/\/aviacionaldia.com\/en\/2026\/08\/avianca-strengthens-cross-border-network-launches-daily-flights-between-bogota-and-maracaibo-venezuela.html\" target=\"_self\" rel=\"bookmark noopener noreferrer\" class='uagb-image-ratio-inherit'><img decoding=\"async\" width=\"800\" height=\"400\" src=\"https:\/\/aviacionaldia.com\/wp-content\/uploads\/2021\/04\/Avianca-A320.jpg\" class=\"attachment-large size-large\" alt=\"\" srcset=\"https:\/\/aviacionaldia.com\/wp-content\/uploads\/2021\/04\/Avianca-A320.jpg 800w, https:\/\/aviacionaldia.com\/wp-content\/uploads\/2021\/04\/Avianca-A320-300x150.jpg 300w, https:\/\/aviacionaldia.com\/wp-content\/uploads\/2021\/04\/Avianca-A320-768x384.jpg 768w, https:\/\/aviacionaldia.com\/wp-content\/uploads\/2021\/04\/Avianca-A320-380x190.jpg 380w\" sizes=\"(max-width: 800px) 100vw, 800px\" \/>\t\t\t\t\t<\/a>\n\t\t\t\t\t\t\t<\/div>\n\t\t\t\t\t\t<h4 class=\"uagb-post__title uagb-post__text\">\n\t\t\t\t<a href=\"https:\/\/aviacionaldia.com\/en\/2026\/08\/avianca-strengthens-cross-border-network-launches-daily-flights-between-bogota-and-maracaibo-venezuela.html\" target=\"_self\" rel=\"bookmark noopener noreferrer\">Avianca Strengthens Cross-Border Network: Launches Daily Flights Between Bogot\u00e1 and Maracaibo, Venezuela<\/a>\n\t\t\t<\/h4>\n\t\t\t\t\t\t<div class='uagb-post__text uagb-post-grid-byline'>\n\t\t\t\t\t\t\t<\/div>\n\t\t\t\t\t\t<div class=\"uagb-post__text uagb-post__cta wp-block-button\">\n\t\t\t\t<a class=\"wp-block-button__link uagb-text-link\" style=\"\" href=\"https:\/\/aviacionaldia.com\/en\/2026\/08\/avianca-strengthens-cross-border-network-launches-daily-flights-between-bogota-and-maracaibo-venezuela.html\" target=\"_self\" rel=\"bookmark noopener noreferrer\">Read More<\/a>\n\t\t\t<\/div>\n\t\t\t\n\t\t\t\t\t\t\t\t\t<\/article>\n\t\t\t\t\t\t\t\t\t\t\t\t\t\t\t\t<article class=\"uagb-post__inner-wrap\">\t\t\t\t\t\t\t\t<div class='uagb-post__image'>\n\t\t\t\t\t\t\t\t\t<a href=\"https:\/\/aviacionaldia.com\/en\/2026\/08\/latam-to-expand-international-connectivity-with-new-direct-route-between-santiago-de-chile-and-salvador-de-bahia.html\" target=\"_self\" rel=\"bookmark noopener noreferrer\" class='uagb-image-ratio-inherit'><img decoding=\"async\" width=\"800\" height=\"400\" src=\"https:\/\/aviacionaldia.com\/wp-content\/uploads\/2024\/12\/LATAM-Airlines-Airbus-A320.jpg\" class=\"attachment-large size-large\" alt=\"\" srcset=\"https:\/\/aviacionaldia.com\/wp-content\/uploads\/2024\/12\/LATAM-Airlines-Airbus-A320.jpg 800w, https:\/\/aviacionaldia.com\/wp-content\/uploads\/2024\/12\/LATAM-Airlines-Airbus-A320-300x150.jpg 300w, https:\/\/aviacionaldia.com\/wp-content\/uploads\/2024\/12\/LATAM-Airlines-Airbus-A320-768x384.jpg 768w, https:\/\/aviacionaldia.com\/wp-content\/uploads\/2024\/12\/LATAM-Airlines-Airbus-A320-380x190.jpg 380w\" sizes=\"(max-width: 800px) 100vw, 800px\" \/>\t\t\t\t\t<\/a>\n\t\t\t\t\t\t\t<\/div>\n\t\t\t\t\t\t<h4 class=\"uagb-post__title uagb-post__text\">\n\t\t\t\t<a href=\"https:\/\/aviacionaldia.com\/en\/2026\/08\/latam-to-expand-international-connectivity-with-new-direct-route-between-santiago-de-chile-and-salvador-de-bahia.html\" target=\"_self\" rel=\"bookmark noopener noreferrer\">LATAM to Expand International Connectivity With New Direct Route Between Santiago de Chile and Salvador de Bahia<\/a>\n\t\t\t<\/h4>\n\t\t\t\t\t\t<div class='uagb-post__text uagb-post-grid-byline'>\n\t\t\t\t\t\t\t<\/div>\n\t\t\t\t\t\t<div class=\"uagb-post__text uagb-post__cta wp-block-button\">\n\t\t\t\t<a class=\"wp-block-button__link uagb-text-link\" style=\"\" href=\"https:\/\/aviacionaldia.com\/en\/2026\/08\/latam-to-expand-international-connectivity-with-new-direct-route-between-santiago-de-chile-and-salvador-de-bahia.html\" target=\"_self\" rel=\"bookmark noopener noreferrer\">Read More<\/a>\n\t\t\t<\/div>\n\t\t\t\n\t\t\t\t\t\t\t\t\t<\/article>\n\t\t\t\t\t\t\t\t\t\t\t\t\t\t\t\t<article class=\"uagb-post__inner-wrap\">\t\t\t\t\t\t\t\t<div class='uagb-post__image'>\n\t\t\t\t\t\t\t\t\t<a href=\"https:\/\/aviacionaldia.com\/en\/2026\/08\/copa-airlines-resumes-caracas-flights-in-september-following-earthquakes.html\" target=\"_self\" rel=\"bookmark noopener noreferrer\" class='uagb-image-ratio-inherit'><img decoding=\"async\" width=\"800\" height=\"400\" src=\"https:\/\/aviacionaldia.com\/wp-content\/uploads\/2023\/09\/Copa-Airlines-737-MAX.jpg\" class=\"attachment-large size-large\" alt=\"\" srcset=\"https:\/\/aviacionaldia.com\/wp-content\/uploads\/2023\/09\/Copa-Airlines-737-MAX.jpg 800w, https:\/\/aviacionaldia.com\/wp-content\/uploads\/2023\/09\/Copa-Airlines-737-MAX-300x150.jpg 300w, https:\/\/aviacionaldia.com\/wp-content\/uploads\/2023\/09\/Copa-Airlines-737-MAX-768x384.jpg 768w, https:\/\/aviacionaldia.com\/wp-content\/uploads\/2023\/09\/Copa-Airlines-737-MAX-380x190.jpg 380w\" sizes=\"(max-width: 800px) 100vw, 800px\" \/>\t\t\t\t\t<\/a>\n\t\t\t\t\t\t\t<\/div>\n\t\t\t\t\t\t<h4 class=\"uagb-post__title uagb-post__text\">\n\t\t\t\t<a href=\"https:\/\/aviacionaldia.com\/en\/2026\/08\/copa-airlines-resumes-caracas-flights-in-september-following-earthquakes.html\" target=\"_self\" rel=\"bookmark noopener noreferrer\">Copa Airlines Resumes Caracas Flights in September Following Earthquakes<\/a>\n\t\t\t<\/h4>\n\t\t\t\t\t\t<div class='uagb-post__text uagb-post-grid-byline'>\n\t\t\t\t\t\t\t<\/div>\n\t\t\t\t\t\t<div class=\"uagb-post__text uagb-post__cta wp-block-button\">\n\t\t\t\t<a class=\"wp-block-button__link uagb-text-link\" style=\"\" href=\"https:\/\/aviacionaldia.com\/en\/2026\/08\/copa-airlines-resumes-caracas-flights-in-september-following-earthquakes.html\" target=\"_self\" rel=\"bookmark noopener noreferrer\">Read More<\/a>\n\t\t\t<\/div>\n\t\t\t\n\t\t\t\t\t\t\t\t\t<\/article>\n\t\t\t\t\t\t\t\t\t\t\t\t\t\t\t\t<article class=\"uagb-post__inner-wrap\">\t\t\t\t\t\t\t\t<div class='uagb-post__image'>\n\t\t\t\t\t\t\t\t\t<a href=\"https:\/\/aviacionaldia.com\/en\/2026\/08\/aerolineas-argentinas-boosts-international-network-with-two-new-southern-summer-destinations-curacao-and-cartagena.html\" target=\"_self\" rel=\"bookmark noopener noreferrer\" class='uagb-image-ratio-inherit'><img decoding=\"async\" width=\"800\" height=\"400\" src=\"https:\/\/aviacionaldia.com\/wp-content\/uploads\/2026\/01\/Aerolineas-Argentinas-Boeing-737.webp\" class=\"attachment-large size-large\" alt=\"\" srcset=\"https:\/\/aviacionaldia.com\/wp-content\/uploads\/2026\/01\/Aerolineas-Argentinas-Boeing-737.webp 800w, https:\/\/aviacionaldia.com\/wp-content\/uploads\/2026\/01\/Aerolineas-Argentinas-Boeing-737-300x150.webp 300w, https:\/\/aviacionaldia.com\/wp-content\/uploads\/2026\/01\/Aerolineas-Argentinas-Boeing-737-768x384.webp 768w, https:\/\/aviacionaldia.com\/wp-content\/uploads\/2026\/01\/Aerolineas-Argentinas-Boeing-737-380x190.webp 380w\" sizes=\"(max-width: 800px) 100vw, 800px\" \/>\t\t\t\t\t<\/a>\n\t\t\t\t\t\t\t<\/div>\n\t\t\t\t\t\t<h4 class=\"uagb-post__title uagb-post__text\">\n\t\t\t\t<a href=\"https:\/\/aviacionaldia.com\/en\/2026\/08\/aerolineas-argentinas-boosts-international-network-with-two-new-southern-summer-destinations-curacao-and-cartagena.html\" target=\"_self\" rel=\"bookmark noopener noreferrer\">Aerol\u00edneas Argentinas Boosts International Network With Two New Southern Summer Destinations: Cura\u00e7ao and Cartagena<\/a>\n\t\t\t<\/h4>\n\t\t\t\t\t\t<div class='uagb-post__text uagb-post-grid-byline'>\n\t\t\t\t\t\t\t<\/div>\n\t\t\t\t\t\t<div class=\"uagb-post__text uagb-post__cta wp-block-button\">\n\t\t\t\t<a class=\"wp-block-button__link uagb-text-link\" style=\"\" href=\"https:\/\/aviacionaldia.com\/en\/2026\/08\/aerolineas-argentinas-boosts-international-network-with-two-new-southern-summer-destinations-curacao-and-cartagena.html\" target=\"_self\" rel=\"bookmark noopener noreferrer\">Read More<\/a>\n\t\t\t<\/div>\n\t\t\t\n\t\t\t\t\t\t\t\t\t<\/article>\n\t\t\t\t\t\t\t\t\t\t\t<\/div>\n\t\t\t","protected":false},"excerpt":{"rendered":"German carrier Condor and Australia&#8217;s Qantas Airways have launched a new strategic partnership aimed at expanding travel options&hellip;\n","protected":false},"author":4316,"featured_media":191532,"comment_status":"open","ping_status":"closed","sticky":false,"template":"","format":"standard","meta":{"_uag_custom_page_level_css":"","footnotes":""},"categories":[1],"tags":[230,197,712,232],"class_list":{"0":"post-191570","1":"post","2":"type-post","3":"status-publish","4":"format-standard","5":"has-post-thumbnail","7":"category-airlines","8":"tag-airline","9":"tag-airlines","10":"tag-condor-2","11":"tag-qantas-2"},"uagb_featured_image_src":{"full":["https:\/\/aviacionaldia.com\/wp-content\/uploads\/2026\/09\/Condor-Qantas.webp",800,400,false],"thumbnail":["https:\/\/aviacionaldia.com\/wp-content\/uploads\/2026\/09\/Condor-Qantas-150x150.webp",150,150,true],"medium":["https:\/\/aviacionaldia.com\/wp-content\/uploads\/2026\/09\/Condor-Qantas-300x150.webp",300,150,true],"medium_large":["https:\/\/aviacionaldia.com\/wp-content\/uploads\/2026\/09\/Condor-Qantas-768x384.webp",768,384,true],"large":["https:\/\/aviacionaldia.com\/wp-content\/uploads\/2026\/09\/Condor-Qantas.webp",800,400,false],"1536x1536":["https:\/\/aviacionaldia.com\/wp-content\/uploads\/2026\/09\/Condor-Qantas.webp",800,400,false],"2048x2048":["https:\/\/aviacionaldia.com\/wp-content\/uploads\/2026\/09\/Condor-Qantas.webp",800,400,false],"pk-small":["https:\/\/aviacionaldia.com\/wp-content\/uploads\/2026\/09\/Condor-Qantas-80x80.webp",80,80,true],"pk-thumbnail":["https:\/\/aviacionaldia.com\/wp-content\/uploads\/2026\/09\/Condor-Qantas-300x225.webp",300,225,true],"csco-small":["https:\/\/aviacionaldia.com\/wp-content\/uploads\/2026\/09\/Condor-Qantas-80x80.webp",80,80,true],"csco-intermediate":["https:\/\/aviacionaldia.com\/wp-content\/uploads\/2026\/09\/Condor-Qantas-200x140.webp",200,140,true],"csco-thumbnail":["https:\/\/aviacionaldia.com\/wp-content\/uploads\/2026\/09\/Condor-Qantas-380x220.webp",380,220,true],"csco-thumbnail-alternative":["https:\/\/aviacionaldia.com\/wp-content\/uploads\/2026\/09\/Condor-Qantas-300x180.webp",300,180,true],"csco-thumbnail-uncropped":["https:\/\/aviacionaldia.com\/wp-content\/uploads\/2026\/09\/Condor-Qantas-380x190.webp",380,190,true],"csco-medium":["https:\/\/aviacionaldia.com\/wp-content\/uploads\/2026\/09\/Condor-Qantas.webp",800,400,false],"csco-medium-alternative":["https:\/\/aviacionaldia.com\/wp-content\/uploads\/2026\/09\/Condor-Qantas-560x336.webp",560,336,true],"csco-medium-uncropped":["https:\/\/aviacionaldia.com\/wp-content\/uploads\/2026\/09\/Condor-Qantas.webp",800,400,false],"csco-large":["https:\/\/aviacionaldia.com\/wp-content\/uploads\/2026\/09\/Condor-Qantas.webp",800,400,false],"csco-large-uncropped":["https:\/\/aviacionaldia.com\/wp-content\/uploads\/2026\/09\/Condor-Qantas.webp",800,400,false],"csco-extra-large":["https:\/\/aviacionaldia.com\/wp-content\/uploads\/2026\/09\/Condor-Qantas.webp",800,400,false]},"uagb_author_info":{"display_name":"Redacci\u00f3n - Aviaci\u00f3n al D\u00eda","author_link":"https:\/\/aviacionaldia.com\/en\/author\/aad"},"uagb_comment_info":0,"uagb_excerpt":"German carrier Condor and Australia&#8217;s Qantas Airways have launched a new strategic partnership aimed at expanding travel options&hellip;","amp_enabled":true,"_links":{"self":[{"href":"https:\/\/aviacionaldia.com\/en\/wp-json\/wp\/v2\/posts\/191570","targetHints":{"allow":["GET"]}}],"collection":[{"href":"https:\/\/aviacionaldia.com\/en\/wp-json\/wp\/v2\/posts"}],"about":[{"href":"https:\/\/aviacionaldia.com\/en\/wp-json\/wp\/v2\/types\/post"}],"author":[{"embeddable":true,"href":"https:\/\/aviacionaldia.com\/en\/wp-json\/wp\/v2\/users\/4316"}],"replies":[{"embeddable":true,"href":"https:\/\/aviacionaldia.com\/en\/wp-json\/wp\/v2\/comments?post=191570"}],"version-history":[{"count":1,"href":"https:\/\/aviacionaldia.com\/en\/wp-json\/wp\/v2\/posts\/191570\/revisions"}],"predecessor-version":[{"id":191571,"href":"https:\/\/aviacionaldia.com\/en\/wp-json\/wp\/v2\/posts\/191570\/revisions\/191571"}],"wp:featuredmedia":[{"embeddable":true,"href":"https:\/\/aviacionaldia.com\/en\/wp-json\/wp\/v2\/media\/191532"}],"wp:attachment":[{"href":"https:\/\/aviacionaldia.com\/en\/wp-json\/wp\/v2\/media?parent=191570"}],"wp:term":[{"taxonomy":"category","embeddable":true,"href":"https:\/\/aviacionaldia.com\/en\/wp-json\/wp\/v2\/categories?post=191570"},{"taxonomy":"post_tag","embeddable":true,"href":"https:\/\/aviacionaldia.com\/en\/wp-json\/wp\/v2\/tags?post=191570"}],"curies":[{"name":"wp","href":"https:\/\/api.w.org\/{rel}","templated":true}]}}