{"id":191573,"date":"2026-09-01T13:00:00","date_gmt":"2026-09-01T13:00:00","guid":{"rendered":"https:\/\/aviacionaldia.com\/?p=191573"},"modified":"2026-09-02T11:57:22","modified_gmt":"2026-09-02T11:57:22","slug":"arajet-celebrates-fourth-anniversary-with-purple-days-promotion-one-way-fares-starting-at-4","status":"publish","type":"post","link":"https:\/\/aviacionaldia.com\/en\/2026\/09\/arajet-celebrates-fourth-anniversary-with-purple-days-promotion-one-way-fares-starting-at-4.html","title":{"rendered":"Arajet Celebrates Fourth Anniversary with &#8216;Purple Days&#8217; Promotion: One-Way Fares Starting at $4"},"content":{"rendered":"\n<p>Dominican airline<strong> Arajet<\/strong> has kicked off its fourth anniversary of operations with the launch of <strong>&#8220;Purple Days&#8221;<\/strong>. The promotional campaign allows passengers to purchase base fares starting at $4 one-way across various international destinations within its network.<\/p>\n\n\n\n<h2 class=\"wp-block-heading\">&#8216;Purple Days&#8217; Promotion Details and Fare Conditions<\/h2>\n\n\n\n<p>The promotion is active from September 1 through September 15, 2026. During this booking window, travelers can access promotional fares valid for travel between September 14, 2026, and March 31, 2027, providing a generous lead time for mid-term leisure and corporate travel planning.<\/p>\n\n\n\n<p><strong><em>\u2192 <a href=\"https:\/\/aviacionaldia.com\/en\/2026\/08\/arajet-announces-new-direct-route-between-montevideo-and-punta-cana.html\">Arajet Announces New Direct Route Between Montevideo and Punta Cana<\/a><\/em><\/strong><\/p>\n\n\n\n<h3 class=\"wp-block-heading\">Fare Structure and Market Availability<\/h3>\n\n\n\n<p>The $4 promotional base fare will be available across the airline&#8217;s international markets, with the exception of departures from S\u00e3o Paulo-Guarulhos International Airport, where promotional base fares start at $44 one-way.<\/p>\n\n\n\n<ul class=\"wp-block-list\">\n<li><strong>Eligible Fare Classes:<\/strong> The offer applies to the Basic, Classic, Comfort, and Extra fare families.<\/li>\n\n\n\n<li><strong>Additional Charges:<\/strong> Promotional base fares exclude taxes, airport fees, and passenger facility charges.<\/li>\n\n\n\n<li><strong>Inventory:<\/strong> Seat allocation is subject to availability and limited to a specific capacity per flight.<\/li>\n<\/ul>\n\n\n\n<p>The campaign aims to consolidate the carrier&#8217;s footprint within the Latin American and Caribbean aviation markets, boosting passenger traffic through hyper-competitive pricing.<\/p>\n\n\n\n<p>&#8220;We are in our anniversary month, and we want to share this milestone with those who have been a fundamental part of our growth: our passengers. With Purple Days, we want to express our gratitude for their trust by offering new opportunities to travel, explore destinations, and stay connected across our network, all while continuing our mission to make flying across the Americas increasingly accessible,&#8221; said Victor Pacheco, CEO and founder of Arajet.<\/p>\n\n\n\n<p>With the rollout of &#8220;Purple Days,&#8221; Arajet reinforces its founding commitment to expand air transport options and enhance route network connectivity throughout the Americas.<\/p>\n\n\n\n<h2 class=\"wp-block-heading\" id=\"related-topics\">Related Topics<\/h2>\n\n\n\n\t\t\t<div class=\"wp-block-uagb-post-grid uagb-post-grid  uagb-post__image-position-top uagb-post__image-enabled uagb-block-9e302684     uagb-post__items uagb-post__columns-2 is-grid uagb-post__columns-tablet-2 uagb-post__columns-mobile-1 uagb-post__equal-height\" data-total=\"65\" style=\"\">\n\n\t\t\t\t\t\t\t\t\t\t\t\t<article class=\"uagb-post__inner-wrap\">\t\t\t\t\t\t\t\t<div class='uagb-post__image'>\n\t\t\t\t\t\t\t\t\t<a href=\"https:\/\/aviacionaldia.com\/en\/2026\/08\/global-passenger-demand-rises-0-2-in-july-driven-by-europe-and-latin-america.html\" target=\"_self\" rel=\"bookmark noopener noreferrer\" class='uagb-image-ratio-inherit'><img decoding=\"async\" width=\"800\" height=\"400\" src=\"https:\/\/aviacionaldia.com\/wp-content\/uploads\/2022\/01\/aeropuerto-pasajeros.jpg\" class=\"attachment-large size-large\" alt=\"\" srcset=\"https:\/\/aviacionaldia.com\/wp-content\/uploads\/2022\/01\/aeropuerto-pasajeros.jpg 800w, https:\/\/aviacionaldia.com\/wp-content\/uploads\/2022\/01\/aeropuerto-pasajeros-300x150.jpg 300w, https:\/\/aviacionaldia.com\/wp-content\/uploads\/2022\/01\/aeropuerto-pasajeros-768x384.jpg 768w, https:\/\/aviacionaldia.com\/wp-content\/uploads\/2022\/01\/aeropuerto-pasajeros-380x190.jpg 380w\" sizes=\"(max-width: 800px) 100vw, 800px\" \/>\t\t\t\t\t<\/a>\n\t\t\t\t\t\t\t<\/div>\n\t\t\t\t\t\t<h4 class=\"uagb-post__title uagb-post__text\">\n\t\t\t\t<a href=\"https:\/\/aviacionaldia.com\/en\/2026\/08\/global-passenger-demand-rises-0-2-in-july-driven-by-europe-and-latin-america.html\" target=\"_self\" rel=\"bookmark noopener noreferrer\">Global Passenger Demand Rises 0.2% in July Driven by Europe and Latin America<\/a>\n\t\t\t<\/h4>\n\t\t\t\t\t\t<div class='uagb-post__text uagb-post-grid-byline'>\n\t\t\t\t\t\t\t<\/div>\n\t\t\t\t\t\t<div class=\"uagb-post__text uagb-post__cta wp-block-button\">\n\t\t\t\t<a class=\"wp-block-button__link uagb-text-link\" style=\"\" href=\"https:\/\/aviacionaldia.com\/en\/2026\/08\/global-passenger-demand-rises-0-2-in-july-driven-by-europe-and-latin-america.html\" target=\"_self\" rel=\"bookmark noopener noreferrer\">Read More<\/a>\n\t\t\t<\/div>\n\t\t\t\n\t\t\t\t\t\t\t\t\t<\/article>\n\t\t\t\t\t\t\t\t\t\t\t\t\t\t\t\t<article class=\"uagb-post__inner-wrap\">\t\t\t\t\t\t\t\t<div class='uagb-post__image'>\n\t\t\t\t\t\t\t\t\t<a href=\"https:\/\/aviacionaldia.com\/en\/2026\/08\/colombia-air-transport-grows-5-1-between-january-and-july-2026-after-handling-34-3-million-passengers.html\" target=\"_self\" rel=\"bookmark noopener noreferrer\" class='uagb-image-ratio-inherit'><img decoding=\"async\" width=\"800\" height=\"400\" src=\"https:\/\/aviacionaldia.com\/wp-content\/uploads\/2020\/08\/aeropuerto-el-dorado-Bogota.jpg\" class=\"attachment-large size-large\" alt=\"\" srcset=\"https:\/\/aviacionaldia.com\/wp-content\/uploads\/2020\/08\/aeropuerto-el-dorado-Bogota.jpg 800w, https:\/\/aviacionaldia.com\/wp-content\/uploads\/2020\/08\/aeropuerto-el-dorado-Bogota-300x150.jpg 300w, https:\/\/aviacionaldia.com\/wp-content\/uploads\/2020\/08\/aeropuerto-el-dorado-Bogota-768x384.jpg 768w, https:\/\/aviacionaldia.com\/wp-content\/uploads\/2020\/08\/aeropuerto-el-dorado-Bogota-380x190.jpg 380w\" sizes=\"(max-width: 800px) 100vw, 800px\" \/>\t\t\t\t\t<\/a>\n\t\t\t\t\t\t\t<\/div>\n\t\t\t\t\t\t<h4 class=\"uagb-post__title uagb-post__text\">\n\t\t\t\t<a href=\"https:\/\/aviacionaldia.com\/en\/2026\/08\/colombia-air-transport-grows-5-1-between-january-and-july-2026-after-handling-34-3-million-passengers.html\" target=\"_self\" rel=\"bookmark noopener noreferrer\">Colombia Air Transport Grows 5.1% Between January and July 2026 After Handling 34.3 Million Passengers<\/a>\n\t\t\t<\/h4>\n\t\t\t\t\t\t<div class='uagb-post__text uagb-post-grid-byline'>\n\t\t\t\t\t\t\t<\/div>\n\t\t\t\t\t\t<div class=\"uagb-post__text uagb-post__cta wp-block-button\">\n\t\t\t\t<a class=\"wp-block-button__link uagb-text-link\" style=\"\" href=\"https:\/\/aviacionaldia.com\/en\/2026\/08\/colombia-air-transport-grows-5-1-between-january-and-july-2026-after-handling-34-3-million-passengers.html\" target=\"_self\" rel=\"bookmark noopener noreferrer\">Read More<\/a>\n\t\t\t<\/div>\n\t\t\t\n\t\t\t\t\t\t\t\t\t<\/article>\n\t\t\t\t\t\t\t\t\t\t\t\t\t\t\t\t<article class=\"uagb-post__inner-wrap\">\t\t\t\t\t\t\t\t<div class='uagb-post__image'>\n\t\t\t\t\t\t\t\t\t<a href=\"https:\/\/aviacionaldia.com\/en\/2026\/08\/colombias-civil-aviation-authority-authorizes-gradual-airport-reopening-following-post-earthquake-technical-evaluation.html\" target=\"_self\" rel=\"bookmark noopener noreferrer\" class='uagb-image-ratio-inherit'><img decoding=\"async\" width=\"800\" height=\"400\" src=\"https:\/\/aviacionaldia.com\/wp-content\/uploads\/2026\/05\/Aeropuerto-de-Cali.webp\" class=\"attachment-large size-large\" alt=\"\" srcset=\"https:\/\/aviacionaldia.com\/wp-content\/uploads\/2026\/05\/Aeropuerto-de-Cali.webp 800w, https:\/\/aviacionaldia.com\/wp-content\/uploads\/2026\/05\/Aeropuerto-de-Cali-300x150.webp 300w, https:\/\/aviacionaldia.com\/wp-content\/uploads\/2026\/05\/Aeropuerto-de-Cali-768x384.webp 768w, https:\/\/aviacionaldia.com\/wp-content\/uploads\/2026\/05\/Aeropuerto-de-Cali-380x190.webp 380w\" sizes=\"(max-width: 800px) 100vw, 800px\" \/>\t\t\t\t\t<\/a>\n\t\t\t\t\t\t\t<\/div>\n\t\t\t\t\t\t<h4 class=\"uagb-post__title uagb-post__text\">\n\t\t\t\t<a href=\"https:\/\/aviacionaldia.com\/en\/2026\/08\/colombias-civil-aviation-authority-authorizes-gradual-airport-reopening-following-post-earthquake-technical-evaluation.html\" target=\"_self\" rel=\"bookmark noopener noreferrer\">Colombia\u2019s Civil Aviation Authority Authorizes Gradual Airport Reopening Following Post-Earthquake Technical Evaluation<\/a>\n\t\t\t<\/h4>\n\t\t\t\t\t\t<div class='uagb-post__text uagb-post-grid-byline'>\n\t\t\t\t\t\t\t<\/div>\n\t\t\t\t\t\t<div class=\"uagb-post__text uagb-post__cta wp-block-button\">\n\t\t\t\t<a class=\"wp-block-button__link uagb-text-link\" style=\"\" href=\"https:\/\/aviacionaldia.com\/en\/2026\/08\/colombias-civil-aviation-authority-authorizes-gradual-airport-reopening-following-post-earthquake-technical-evaluation.html\" target=\"_self\" rel=\"bookmark noopener noreferrer\">Read More<\/a>\n\t\t\t<\/div>\n\t\t\t\n\t\t\t\t\t\t\t\t\t<\/article>\n\t\t\t\t\t\t\t\t\t\t\t\t\t\t\t\t<article class=\"uagb-post__inner-wrap\">\t\t\t\t\t\t\t\t<div class='uagb-post__image'>\n\t\t\t\t\t\t\t\t\t<a href=\"https:\/\/aviacionaldia.com\/en\/2026\/08\/passenger-traffic-in-latin-america-and-the-caribbean-dropped-2-3-in-june-first-monthly-contraction-since-2021.html\" target=\"_self\" rel=\"bookmark noopener noreferrer\" class='uagb-image-ratio-inherit'><img decoding=\"async\" width=\"800\" height=\"400\" src=\"https:\/\/aviacionaldia.com\/wp-content\/uploads\/2022\/01\/aeropuerto-pasajeros.jpg\" class=\"attachment-large size-large\" alt=\"\" srcset=\"https:\/\/aviacionaldia.com\/wp-content\/uploads\/2022\/01\/aeropuerto-pasajeros.jpg 800w, https:\/\/aviacionaldia.com\/wp-content\/uploads\/2022\/01\/aeropuerto-pasajeros-300x150.jpg 300w, https:\/\/aviacionaldia.com\/wp-content\/uploads\/2022\/01\/aeropuerto-pasajeros-768x384.jpg 768w, https:\/\/aviacionaldia.com\/wp-content\/uploads\/2022\/01\/aeropuerto-pasajeros-380x190.jpg 380w\" sizes=\"(max-width: 800px) 100vw, 800px\" \/>\t\t\t\t\t<\/a>\n\t\t\t\t\t\t\t<\/div>\n\t\t\t\t\t\t<h4 class=\"uagb-post__title uagb-post__text\">\n\t\t\t\t<a href=\"https:\/\/aviacionaldia.com\/en\/2026\/08\/passenger-traffic-in-latin-america-and-the-caribbean-dropped-2-3-in-june-first-monthly-contraction-since-2021.html\" target=\"_self\" rel=\"bookmark noopener noreferrer\">Passenger Traffic in Latin America and the Caribbean Dropped 2.3% in June: First Monthly Contraction Since 2021<\/a>\n\t\t\t<\/h4>\n\t\t\t\t\t\t<div class='uagb-post__text uagb-post-grid-byline'>\n\t\t\t\t\t\t\t<\/div>\n\t\t\t\t\t\t<div class=\"uagb-post__text uagb-post__cta wp-block-button\">\n\t\t\t\t<a class=\"wp-block-button__link uagb-text-link\" style=\"\" href=\"https:\/\/aviacionaldia.com\/en\/2026\/08\/passenger-traffic-in-latin-america-and-the-caribbean-dropped-2-3-in-june-first-monthly-contraction-since-2021.html\" target=\"_self\" rel=\"bookmark noopener noreferrer\">Read More<\/a>\n\t\t\t<\/div>\n\t\t\t\n\t\t\t\t\t\t\t\t\t<\/article>\n\t\t\t\t\t\t\t\t\t\t\t<\/div>\n\t\t\t","protected":false},"excerpt":{"rendered":"Dominican airline Arajet has kicked off its fourth anniversary of operations with the launch of &#8220;Purple Days&#8221;. The&hellip;\n","protected":false},"author":4316,"featured_media":187778,"comment_status":"open","ping_status":"closed","sticky":false,"template":"","format":"standard","meta":{"_uag_custom_page_level_css":"","footnotes":""},"categories":[193],"tags":[230,872,198],"class_list":{"0":"post-191573","1":"post","2":"type-post","3":"status-publish","4":"format-standard","5":"has-post-thumbnail","7":"category-releases-and-promotions","8":"tag-airline","9":"tag-arajet-2","10":"tag-flights"},"uagb_featured_image_src":{"full":["https:\/\/aviacionaldia.com\/wp-content\/uploads\/2026\/05\/Arajet-Boeing-737-MAX.webp",800,400,false],"thumbnail":["https:\/\/aviacionaldia.com\/wp-content\/uploads\/2026\/05\/Arajet-Boeing-737-MAX-150x150.webp",150,150,true],"medium":["https:\/\/aviacionaldia.com\/wp-content\/uploads\/2026\/05\/Arajet-Boeing-737-MAX-300x150.webp",300,150,true],"medium_large":["https:\/\/aviacionaldia.com\/wp-content\/uploads\/2026\/05\/Arajet-Boeing-737-MAX-768x384.webp",768,384,true],"large":["https:\/\/aviacionaldia.com\/wp-content\/uploads\/2026\/05\/Arajet-Boeing-737-MAX.webp",800,400,false],"1536x1536":["https:\/\/aviacionaldia.com\/wp-content\/uploads\/2026\/05\/Arajet-Boeing-737-MAX.webp",800,400,false],"2048x2048":["https:\/\/aviacionaldia.com\/wp-content\/uploads\/2026\/05\/Arajet-Boeing-737-MAX.webp",800,400,false],"pk-small":["https:\/\/aviacionaldia.com\/wp-content\/uploads\/2026\/05\/Arajet-Boeing-737-MAX-80x80.webp",80,80,true],"pk-thumbnail":["https:\/\/aviacionaldia.com\/wp-content\/uploads\/2026\/05\/Arajet-Boeing-737-MAX-300x225.webp",300,225,true],"csco-small":["https:\/\/aviacionaldia.com\/wp-content\/uploads\/2026\/05\/Arajet-Boeing-737-MAX-80x80.webp",80,80,true],"csco-intermediate":["https:\/\/aviacionaldia.com\/wp-content\/uploads\/2026\/05\/Arajet-Boeing-737-MAX-200x140.webp",200,140,true],"csco-thumbnail":["https:\/\/aviacionaldia.com\/wp-content\/uploads\/2026\/05\/Arajet-Boeing-737-MAX-380x220.webp",380,220,true],"csco-thumbnail-alternative":["https:\/\/aviacionaldia.com\/wp-content\/uploads\/2026\/05\/Arajet-Boeing-737-MAX-300x180.webp",300,180,true],"csco-thumbnail-uncropped":["https:\/\/aviacionaldia.com\/wp-content\/uploads\/2026\/05\/Arajet-Boeing-737-MAX-380x190.webp",380,190,true],"csco-medium":["https:\/\/aviacionaldia.com\/wp-content\/uploads\/2026\/05\/Arajet-Boeing-737-MAX.webp",800,400,false],"csco-medium-alternative":["https:\/\/aviacionaldia.com\/wp-content\/uploads\/2026\/05\/Arajet-Boeing-737-MAX-560x336.webp",560,336,true],"csco-medium-uncropped":["https:\/\/aviacionaldia.com\/wp-content\/uploads\/2026\/05\/Arajet-Boeing-737-MAX.webp",800,400,false],"csco-large":["https:\/\/aviacionaldia.com\/wp-content\/uploads\/2026\/05\/Arajet-Boeing-737-MAX.webp",800,400,false],"csco-large-uncropped":["https:\/\/aviacionaldia.com\/wp-content\/uploads\/2026\/05\/Arajet-Boeing-737-MAX.webp",800,400,false],"csco-extra-large":["https:\/\/aviacionaldia.com\/wp-content\/uploads\/2026\/05\/Arajet-Boeing-737-MAX.webp",800,400,false]},"uagb_author_info":{"display_name":"Redacci\u00f3n - Aviaci\u00f3n al D\u00eda","author_link":"https:\/\/aviacionaldia.com\/en\/author\/aad"},"uagb_comment_info":0,"uagb_excerpt":"Dominican airline Arajet has kicked off its fourth anniversary of operations with the launch of &#8220;Purple Days&#8221;. The&hellip;","amp_enabled":true,"_links":{"self":[{"href":"https:\/\/aviacionaldia.com\/en\/wp-json\/wp\/v2\/posts\/191573","targetHints":{"allow":["GET"]}}],"collection":[{"href":"https:\/\/aviacionaldia.com\/en\/wp-json\/wp\/v2\/posts"}],"about":[{"href":"https:\/\/aviacionaldia.com\/en\/wp-json\/wp\/v2\/types\/post"}],"author":[{"embeddable":true,"href":"https:\/\/aviacionaldia.com\/en\/wp-json\/wp\/v2\/users\/4316"}],"replies":[{"embeddable":true,"href":"https:\/\/aviacionaldia.com\/en\/wp-json\/wp\/v2\/comments?post=191573"}],"version-history":[{"count":1,"href":"https:\/\/aviacionaldia.com\/en\/wp-json\/wp\/v2\/posts\/191573\/revisions"}],"predecessor-version":[{"id":191574,"href":"https:\/\/aviacionaldia.com\/en\/wp-json\/wp\/v2\/posts\/191573\/revisions\/191574"}],"wp:featuredmedia":[{"embeddable":true,"href":"https:\/\/aviacionaldia.com\/en\/wp-json\/wp\/v2\/media\/187778"}],"wp:attachment":[{"href":"https:\/\/aviacionaldia.com\/en\/wp-json\/wp\/v2\/media?parent=191573"}],"wp:term":[{"taxonomy":"category","embeddable":true,"href":"https:\/\/aviacionaldia.com\/en\/wp-json\/wp\/v2\/categories?post=191573"},{"taxonomy":"post_tag","embeddable":true,"href":"https:\/\/aviacionaldia.com\/en\/wp-json\/wp\/v2\/tags?post=191573"}],"curies":[{"name":"wp","href":"https:\/\/api.w.org\/{rel}","templated":true}]}}