{"id":191577,"date":"2026-09-01T14:00:02","date_gmt":"2026-09-01T14:00:02","guid":{"rendered":"https:\/\/aviacionaldia.com\/?p=191577"},"modified":"2026-09-02T12:11:52","modified_gmt":"2026-09-02T12:11:52","slug":"air-france-unveils-its-new-vip-lounge-at-frankfurt-airport","status":"publish","type":"post","link":"https:\/\/aviacionaldia.com\/en\/2026\/09\/air-france-unveils-its-new-vip-lounge-at-frankfurt-airport.html","title":{"rendered":"Air France Unveils Its New VIP Lounge at Frankfurt Airport"},"content":{"rendered":"\n<p>As part of its ongoing premium upscale strategy,<strong> Air France<\/strong> has opened the doors to its new VIP lounge at <strong>Frankfurt International Airport<\/strong>.<\/p>\n\n\n\n<h2 class=\"wp-block-heading\">Strategic Location and Operational Partnership<\/h2>\n\n\n\n<p>Located in the new Terminal 3\u2014opened this past April 2026\u2014the new lounge reflects Air France\u2019s corporate identity and global service standards. The facility operates daily from 5:00 a.m. to 9:30 p.m. under an operational partnership with Global Lounge Network.<\/p>\n\n\n\n<p>Entry to the lounge is available to:<\/p>\n\n\n\n<ul class=\"wp-block-list\">\n<li>Passengers traveling in Air France Business Class.<\/li>\n\n\n\n<li>Flying Blue Elite Plus status members.<\/li>\n\n\n\n<li>Eligible customers of KLM Royal Dutch Airlines.<\/li>\n\n\n\n<li>Eligible passengers traveling with SkyTeam alliance partner airlines.<\/li>\n<\/ul>\n\n\n\n<p><strong><em>\u2192 <a href=\"https:\/\/aviacionaldia.com\/en\/2026\/08\/air-france-deploys-new-la-premiere-cabin-on-san-francisco-flights.html\">Air France Deploys New La Premi\u00e8re Cabin on San Francisco Flights<\/a><\/em><\/strong><\/p>\n\n\n\n<h2 class=\"wp-block-heading\">Interior Architecture and Brand Identity<\/h2>\n\n\n\n<p>Designed by Air France teams in collaboration with design agency MARKS Brandimage, the VIP lounge covers nearly 500 square meters and offers seating capacity for approximately 120 passengers. Its layout prioritizes natural light through floor-to-ceiling windows featuring panoramic views of the airport&#8217;s runways.<\/p>\n\n\n\n<p>The design concept incorporates signature elements from the airline\u2019s heritage and history:<\/p>\n\n\n\n<ul class=\"wp-block-list\">\n<li><strong>Iconic Symbolism:<\/strong> Features the official logo, vintage posters from the brand&#8217;s historical collection, and the &#8220;winged seahorse,&#8221; the airline&#8217;s historic emblem.<\/li>\n\n\n\n<li><strong>Color Palette:<\/strong> Dominated by shades of blue, crisp white, and red accents.<\/li>\n\n\n\n<li><strong>Exclusive Furniture:<\/strong> Sleek pieces crafted by internationally renowned French designers, including Pierre Paulin and Ronan &amp; Erwan Bouroullec.<\/li>\n<\/ul>\n\n\n\n<h2 class=\"wp-block-heading\">Culinary Experience and Sustainability Commitment<\/h2>\n\n\n\n<p>At the center of the lounge lies the dining area, designed to deliver a culinary experience focused on traditional French gastronomy. This open-concept space connects the kitchen to the dining section, accommodating nearly 50 guests simultaneously.<\/p>\n\n\n\n<h3 class=\"wp-block-heading\">Culinary Offerings and Environmental Care<\/h3>\n\n\n\n<ul class=\"wp-block-list\">\n<li><strong>Evolving Menu:<\/strong> A selection of sweet and savory dishes tailored to the time of day, including vegetarian alternatives.<\/li>\n\n\n\n<li><strong>Beverage Menu:<\/strong> A wide range of alcoholic and non-alcoholic options, featuring a selection of French wines, Champagne, and locally sourced craft beers.<\/li>\n\n\n\n<li><strong>Sustainable Practices:<\/strong> Air France prioritizes seasonal, locally sourced ingredients. Additionally, operations incorporate catering waste separation and recycling protocols alongside active food waste reduction programs.<\/li>\n<\/ul>\n\n\n\n<h2 class=\"wp-block-heading\">Private Space for Flying Blue Ultimate Members<\/h2>\n\n\n\n<p>The lounge features an exclusive access area reserved solely for Flying Blue Ultimate members. This private space is outfitted with &#8220;cocoon&#8221; style seating designed to ensure maximum privacy, tranquility, and acoustic insulation, while maintaining direct access to all lounge services.<\/p>\n\n\n\n<h3 class=\"wp-block-heading\">Technology, Functionality, and Connectivity in Frankfurt<\/h3>\n\n\n\n<p>To optimize passenger flow and enhance the ground experience, the facility integrates various technological resources and comfort amenities:<\/p>\n\n\n\n<ul class=\"wp-block-list\">\n<li><strong>Seamless Access:<\/strong> Automated digital kiosks at the entrance for quick eligibility checks.<\/li>\n\n\n\n<li><strong>Dedicated Zones:<\/strong> A quiet relaxation area separated from the main lounge, along with a dedicated workspace featuring a soundproof booth.<\/li>\n\n\n\n<li><strong>Connectivity:<\/strong> Complimentary Wi-Fi coverage, television displays, and strategically placed power outlets and USB ports throughout the space.<\/li>\n\n\n\n<li><strong>Digital Reading:<\/strong> Access to national and international digital newspapers and magazines via the Air France Press app.<\/li>\n<\/ul>\n\n\n\n<h2 class=\"wp-block-heading\">Air Connectivity Between Frankfurt and Paris<\/h2>\n\n\n\n<p>During the summer season, Air France operates up to five daily flights between Frankfurt International Airport and Paris-Charles de Gaulle Airport, allowing passengers to seamlessly connect to the airline\u2019s global network through its Paris hub.<\/p>\n\n\n\n<h2 class=\"wp-block-heading\" id=\"related-topics\">Related Topics<\/h2>\n\n\n\n\t\t\t<div class=\"wp-block-uagb-post-grid uagb-post-grid  uagb-post__image-position-top uagb-post__image-enabled uagb-block-9e302684     uagb-post__items uagb-post__columns-2 is-grid uagb-post__columns-tablet-2 uagb-post__columns-mobile-1 uagb-post__equal-height\" data-total=\"498\" style=\"\">\n\n\t\t\t\t\t\t\t\t\t\t\t\t<article class=\"uagb-post__inner-wrap\">\t\t\t\t\t\t\t\t<div class='uagb-post__image'>\n\t\t\t\t\t\t\t\t\t<a href=\"https:\/\/aviacionaldia.com\/en\/2026\/09\/united-automates-disruption-management-new-mobile-feature-allows-passengers-to-join-standby-lists-for-earlier-flights.html\" target=\"_self\" rel=\"bookmark noopener noreferrer\" class='uagb-image-ratio-inherit'><img decoding=\"async\" width=\"800\" height=\"400\" src=\"https:\/\/aviacionaldia.com\/wp-content\/uploads\/2026\/09\/United-Airlines-APP.webp\" class=\"attachment-large size-large\" alt=\"\" srcset=\"https:\/\/aviacionaldia.com\/wp-content\/uploads\/2026\/09\/United-Airlines-APP.webp 800w, https:\/\/aviacionaldia.com\/wp-content\/uploads\/2026\/09\/United-Airlines-APP-300x150.webp 300w, https:\/\/aviacionaldia.com\/wp-content\/uploads\/2026\/09\/United-Airlines-APP-768x384.webp 768w, https:\/\/aviacionaldia.com\/wp-content\/uploads\/2026\/09\/United-Airlines-APP-380x190.webp 380w\" sizes=\"(max-width: 800px) 100vw, 800px\" \/>\t\t\t\t\t<\/a>\n\t\t\t\t\t\t\t<\/div>\n\t\t\t\t\t\t<h4 class=\"uagb-post__title uagb-post__text\">\n\t\t\t\t<a href=\"https:\/\/aviacionaldia.com\/en\/2026\/09\/united-automates-disruption-management-new-mobile-feature-allows-passengers-to-join-standby-lists-for-earlier-flights.html\" target=\"_self\" rel=\"bookmark noopener noreferrer\">United Automates Disruption Management: New Mobile Feature Allows Passengers to Join Standby Lists for Earlier Flights<\/a>\n\t\t\t<\/h4>\n\t\t\t\t\t\t<div class='uagb-post__text uagb-post-grid-byline'>\n\t\t\t\t\t\t\t<\/div>\n\t\t\t\t\t\t<div class=\"uagb-post__text uagb-post__cta wp-block-button\">\n\t\t\t\t<a class=\"wp-block-button__link uagb-text-link\" style=\"\" href=\"https:\/\/aviacionaldia.com\/en\/2026\/09\/united-automates-disruption-management-new-mobile-feature-allows-passengers-to-join-standby-lists-for-earlier-flights.html\" target=\"_self\" rel=\"bookmark noopener noreferrer\">Read More<\/a>\n\t\t\t<\/div>\n\t\t\t\n\t\t\t\t\t\t\t\t\t<\/article>\n\t\t\t\t\t\t\t\t\t\t\t\t\t\t\t\t<article class=\"uagb-post__inner-wrap\">\t\t\t\t\t\t\t\t<div class='uagb-post__image'>\n\t\t\t\t\t\t\t\t\t<a href=\"https:\/\/aviacionaldia.com\/en\/2026\/09\/jetblue-revolutions-domestic-premium-segment-with-launch-of-bluefirst.html\" target=\"_self\" rel=\"bookmark noopener noreferrer\" class='uagb-image-ratio-inherit'><img decoding=\"async\" width=\"800\" height=\"400\" src=\"https:\/\/aviacionaldia.com\/wp-content\/uploads\/2026\/09\/Jetblue-BlueFirst.webp\" class=\"attachment-large size-large\" alt=\"\" srcset=\"https:\/\/aviacionaldia.com\/wp-content\/uploads\/2026\/09\/Jetblue-BlueFirst.webp 800w, https:\/\/aviacionaldia.com\/wp-content\/uploads\/2026\/09\/Jetblue-BlueFirst-300x150.webp 300w, https:\/\/aviacionaldia.com\/wp-content\/uploads\/2026\/09\/Jetblue-BlueFirst-768x384.webp 768w, https:\/\/aviacionaldia.com\/wp-content\/uploads\/2026\/09\/Jetblue-BlueFirst-380x190.webp 380w\" sizes=\"(max-width: 800px) 100vw, 800px\" \/>\t\t\t\t\t<\/a>\n\t\t\t\t\t\t\t<\/div>\n\t\t\t\t\t\t<h4 class=\"uagb-post__title uagb-post__text\">\n\t\t\t\t<a href=\"https:\/\/aviacionaldia.com\/en\/2026\/09\/jetblue-revolutions-domestic-premium-segment-with-launch-of-bluefirst.html\" target=\"_self\" rel=\"bookmark noopener noreferrer\">JetBlue Revolutions domestic premium segment with launch of BlueFirst\u2122<\/a>\n\t\t\t<\/h4>\n\t\t\t\t\t\t<div class='uagb-post__text uagb-post-grid-byline'>\n\t\t\t\t\t\t\t<\/div>\n\t\t\t\t\t\t<div class=\"uagb-post__text uagb-post__cta wp-block-button\">\n\t\t\t\t<a class=\"wp-block-button__link uagb-text-link\" style=\"\" href=\"https:\/\/aviacionaldia.com\/en\/2026\/09\/jetblue-revolutions-domestic-premium-segment-with-launch-of-bluefirst.html\" target=\"_self\" rel=\"bookmark noopener noreferrer\">Read More<\/a>\n\t\t\t<\/div>\n\t\t\t\n\t\t\t\t\t\t\t\t\t<\/article>\n\t\t\t\t\t\t\t\t\t\t\t\t\t\t\t\t<article class=\"uagb-post__inner-wrap\">\t\t\t\t\t\t\t\t<div class='uagb-post__image'>\n\t\t\t\t\t\t\t\t\t<a href=\"https:\/\/aviacionaldia.com\/en\/2026\/08\/american-airlines-to-resume-direct-flights-between-miami-and-caracas-starting-in-september.html\" target=\"_self\" rel=\"bookmark noopener noreferrer\" class='uagb-image-ratio-inherit'><img decoding=\"async\" width=\"800\" height=\"400\" src=\"https:\/\/aviacionaldia.com\/wp-content\/uploads\/2021\/05\/American-Eagle-E175.jpg\" class=\"attachment-large size-large\" alt=\"\" srcset=\"https:\/\/aviacionaldia.com\/wp-content\/uploads\/2021\/05\/American-Eagle-E175.jpg 800w, https:\/\/aviacionaldia.com\/wp-content\/uploads\/2021\/05\/American-Eagle-E175-300x150.jpg 300w, https:\/\/aviacionaldia.com\/wp-content\/uploads\/2021\/05\/American-Eagle-E175-768x384.jpg 768w, https:\/\/aviacionaldia.com\/wp-content\/uploads\/2021\/05\/American-Eagle-E175-380x190.jpg 380w\" sizes=\"(max-width: 800px) 100vw, 800px\" \/>\t\t\t\t\t<\/a>\n\t\t\t\t\t\t\t<\/div>\n\t\t\t\t\t\t<h4 class=\"uagb-post__title uagb-post__text\">\n\t\t\t\t<a href=\"https:\/\/aviacionaldia.com\/en\/2026\/08\/american-airlines-to-resume-direct-flights-between-miami-and-caracas-starting-in-september.html\" target=\"_self\" rel=\"bookmark noopener noreferrer\">American Airlines to Resume Direct Flights Between Miami and Caracas Starting in September<\/a>\n\t\t\t<\/h4>\n\t\t\t\t\t\t<div class='uagb-post__text uagb-post-grid-byline'>\n\t\t\t\t\t\t\t<\/div>\n\t\t\t\t\t\t<div class=\"uagb-post__text uagb-post__cta wp-block-button\">\n\t\t\t\t<a class=\"wp-block-button__link uagb-text-link\" style=\"\" href=\"https:\/\/aviacionaldia.com\/en\/2026\/08\/american-airlines-to-resume-direct-flights-between-miami-and-caracas-starting-in-september.html\" target=\"_self\" rel=\"bookmark noopener noreferrer\">Read More<\/a>\n\t\t\t<\/div>\n\t\t\t\n\t\t\t\t\t\t\t\t\t<\/article>\n\t\t\t\t\t\t\t\t\t\t\t\t\t\t\t\t<article class=\"uagb-post__inner-wrap\">\t\t\t\t\t\t\t\t<div class='uagb-post__image'>\n\t\t\t\t\t\t\t\t\t<a href=\"https:\/\/aviacionaldia.com\/en\/2026\/08\/investigation-reveals-two-controllers-left-posts-prior-to-air-canada-aircraft-and-fire-truck-collision-at-laguardia.html\" target=\"_self\" rel=\"bookmark noopener noreferrer\" class='uagb-image-ratio-inherit'><img decoding=\"async\" width=\"800\" height=\"400\" src=\"https:\/\/aviacionaldia.com\/wp-content\/uploads\/2026\/03\/Accidente-de-avion-de-Air-Canada-Express-en-LaGuardia.webp\" class=\"attachment-large size-large\" alt=\"\" srcset=\"https:\/\/aviacionaldia.com\/wp-content\/uploads\/2026\/03\/Accidente-de-avion-de-Air-Canada-Express-en-LaGuardia.webp 800w, https:\/\/aviacionaldia.com\/wp-content\/uploads\/2026\/03\/Accidente-de-avion-de-Air-Canada-Express-en-LaGuardia-300x150.webp 300w, https:\/\/aviacionaldia.com\/wp-content\/uploads\/2026\/03\/Accidente-de-avion-de-Air-Canada-Express-en-LaGuardia-768x384.webp 768w, https:\/\/aviacionaldia.com\/wp-content\/uploads\/2026\/03\/Accidente-de-avion-de-Air-Canada-Express-en-LaGuardia-380x190.webp 380w\" sizes=\"(max-width: 800px) 100vw, 800px\" \/>\t\t\t\t\t<\/a>\n\t\t\t\t\t\t\t<\/div>\n\t\t\t\t\t\t<h4 class=\"uagb-post__title uagb-post__text\">\n\t\t\t\t<a href=\"https:\/\/aviacionaldia.com\/en\/2026\/08\/investigation-reveals-two-controllers-left-posts-prior-to-air-canada-aircraft-and-fire-truck-collision-at-laguardia.html\" target=\"_self\" rel=\"bookmark noopener noreferrer\">Investigation Reveals Two Controllers Left Posts Prior to Air Canada Aircraft and Fire Truck Collision at LaGuardia<\/a>\n\t\t\t<\/h4>\n\t\t\t\t\t\t<div class='uagb-post__text uagb-post-grid-byline'>\n\t\t\t\t\t\t\t<\/div>\n\t\t\t\t\t\t<div class=\"uagb-post__text uagb-post__cta wp-block-button\">\n\t\t\t\t<a class=\"wp-block-button__link uagb-text-link\" style=\"\" href=\"https:\/\/aviacionaldia.com\/en\/2026\/08\/investigation-reveals-two-controllers-left-posts-prior-to-air-canada-aircraft-and-fire-truck-collision-at-laguardia.html\" target=\"_self\" rel=\"bookmark noopener noreferrer\">Read More<\/a>\n\t\t\t<\/div>\n\t\t\t\n\t\t\t\t\t\t\t\t\t<\/article>\n\t\t\t\t\t\t\t\t\t\t\t<\/div>\n\t\t\t","protected":false},"excerpt":{"rendered":"As part of its ongoing premium upscale strategy, Air France has opened the doors to its new VIP&hellip;\n","protected":false},"author":4316,"featured_media":191549,"comment_status":"open","ping_status":"closed","sticky":false,"template":"","format":"standard","meta":{"_uag_custom_page_level_css":"","footnotes":""},"categories":[1],"tags":[415,230,269],"class_list":{"0":"post-191577","1":"post","2":"type-post","3":"status-publish","4":"format-standard","5":"has-post-thumbnail","7":"category-airlines","8":"tag-air-france-2","9":"tag-airline","10":"tag-europe"},"uagb_featured_image_src":{"full":["https:\/\/aviacionaldia.com\/wp-content\/uploads\/2026\/09\/Air-France-nueva-sala-VIP-en-el-aeropuerto-de-Frankfurt.webp",800,400,false],"thumbnail":["https:\/\/aviacionaldia.com\/wp-content\/uploads\/2026\/09\/Air-France-nueva-sala-VIP-en-el-aeropuerto-de-Frankfurt-150x150.webp",150,150,true],"medium":["https:\/\/aviacionaldia.com\/wp-content\/uploads\/2026\/09\/Air-France-nueva-sala-VIP-en-el-aeropuerto-de-Frankfurt-300x150.webp",300,150,true],"medium_large":["https:\/\/aviacionaldia.com\/wp-content\/uploads\/2026\/09\/Air-France-nueva-sala-VIP-en-el-aeropuerto-de-Frankfurt-768x384.webp",768,384,true],"large":["https:\/\/aviacionaldia.com\/wp-content\/uploads\/2026\/09\/Air-France-nueva-sala-VIP-en-el-aeropuerto-de-Frankfurt.webp",800,400,false],"1536x1536":["https:\/\/aviacionaldia.com\/wp-content\/uploads\/2026\/09\/Air-France-nueva-sala-VIP-en-el-aeropuerto-de-Frankfurt.webp",800,400,false],"2048x2048":["https:\/\/aviacionaldia.com\/wp-content\/uploads\/2026\/09\/Air-France-nueva-sala-VIP-en-el-aeropuerto-de-Frankfurt.webp",800,400,false],"pk-small":["https:\/\/aviacionaldia.com\/wp-content\/uploads\/2026\/09\/Air-France-nueva-sala-VIP-en-el-aeropuerto-de-Frankfurt-80x80.webp",80,80,true],"pk-thumbnail":["https:\/\/aviacionaldia.com\/wp-content\/uploads\/2026\/09\/Air-France-nueva-sala-VIP-en-el-aeropuerto-de-Frankfurt-300x225.webp",300,225,true],"csco-small":["https:\/\/aviacionaldia.com\/wp-content\/uploads\/2026\/09\/Air-France-nueva-sala-VIP-en-el-aeropuerto-de-Frankfurt-80x80.webp",80,80,true],"csco-intermediate":["https:\/\/aviacionaldia.com\/wp-content\/uploads\/2026\/09\/Air-France-nueva-sala-VIP-en-el-aeropuerto-de-Frankfurt-200x140.webp",200,140,true],"csco-thumbnail":["https:\/\/aviacionaldia.com\/wp-content\/uploads\/2026\/09\/Air-France-nueva-sala-VIP-en-el-aeropuerto-de-Frankfurt-380x220.webp",380,220,true],"csco-thumbnail-alternative":["https:\/\/aviacionaldia.com\/wp-content\/uploads\/2026\/09\/Air-France-nueva-sala-VIP-en-el-aeropuerto-de-Frankfurt-300x180.webp",300,180,true],"csco-thumbnail-uncropped":["https:\/\/aviacionaldia.com\/wp-content\/uploads\/2026\/09\/Air-France-nueva-sala-VIP-en-el-aeropuerto-de-Frankfurt-380x190.webp",380,190,true],"csco-medium":["https:\/\/aviacionaldia.com\/wp-content\/uploads\/2026\/09\/Air-France-nueva-sala-VIP-en-el-aeropuerto-de-Frankfurt.webp",800,400,false],"csco-medium-alternative":["https:\/\/aviacionaldia.com\/wp-content\/uploads\/2026\/09\/Air-France-nueva-sala-VIP-en-el-aeropuerto-de-Frankfurt-560x336.webp",560,336,true],"csco-medium-uncropped":["https:\/\/aviacionaldia.com\/wp-content\/uploads\/2026\/09\/Air-France-nueva-sala-VIP-en-el-aeropuerto-de-Frankfurt.webp",800,400,false],"csco-large":["https:\/\/aviacionaldia.com\/wp-content\/uploads\/2026\/09\/Air-France-nueva-sala-VIP-en-el-aeropuerto-de-Frankfurt.webp",800,400,false],"csco-large-uncropped":["https:\/\/aviacionaldia.com\/wp-content\/uploads\/2026\/09\/Air-France-nueva-sala-VIP-en-el-aeropuerto-de-Frankfurt.webp",800,400,false],"csco-extra-large":["https:\/\/aviacionaldia.com\/wp-content\/uploads\/2026\/09\/Air-France-nueva-sala-VIP-en-el-aeropuerto-de-Frankfurt.webp",800,400,false]},"uagb_author_info":{"display_name":"Redacci\u00f3n - Aviaci\u00f3n al D\u00eda","author_link":"https:\/\/aviacionaldia.com\/en\/author\/aad"},"uagb_comment_info":0,"uagb_excerpt":"As part of its ongoing premium upscale strategy, Air France has opened the doors to its new VIP&hellip;","amp_enabled":true,"_links":{"self":[{"href":"https:\/\/aviacionaldia.com\/en\/wp-json\/wp\/v2\/posts\/191577","targetHints":{"allow":["GET"]}}],"collection":[{"href":"https:\/\/aviacionaldia.com\/en\/wp-json\/wp\/v2\/posts"}],"about":[{"href":"https:\/\/aviacionaldia.com\/en\/wp-json\/wp\/v2\/types\/post"}],"author":[{"embeddable":true,"href":"https:\/\/aviacionaldia.com\/en\/wp-json\/wp\/v2\/users\/4316"}],"replies":[{"embeddable":true,"href":"https:\/\/aviacionaldia.com\/en\/wp-json\/wp\/v2\/comments?post=191577"}],"version-history":[{"count":1,"href":"https:\/\/aviacionaldia.com\/en\/wp-json\/wp\/v2\/posts\/191577\/revisions"}],"predecessor-version":[{"id":191578,"href":"https:\/\/aviacionaldia.com\/en\/wp-json\/wp\/v2\/posts\/191577\/revisions\/191578"}],"wp:featuredmedia":[{"embeddable":true,"href":"https:\/\/aviacionaldia.com\/en\/wp-json\/wp\/v2\/media\/191549"}],"wp:attachment":[{"href":"https:\/\/aviacionaldia.com\/en\/wp-json\/wp\/v2\/media?parent=191577"}],"wp:term":[{"taxonomy":"category","embeddable":true,"href":"https:\/\/aviacionaldia.com\/en\/wp-json\/wp\/v2\/categories?post=191577"},{"taxonomy":"post_tag","embeddable":true,"href":"https:\/\/aviacionaldia.com\/en\/wp-json\/wp\/v2\/tags?post=191577"}],"curies":[{"name":"wp","href":"https:\/\/api.w.org\/{rel}","templated":true}]}}