{"id":191635,"date":"2026-09-02T14:00:32","date_gmt":"2026-09-02T14:00:32","guid":{"rendered":"https:\/\/aviacionaldia.com\/?p=191635"},"modified":"2026-09-03T11:45:51","modified_gmt":"2026-09-03T11:45:51","slug":"ryanair-trims-passenger-targets-and-warns-of-fuel-cost-impact-in-europe","status":"publish","type":"post","link":"https:\/\/aviacionaldia.com\/en\/2026\/09\/ryanair-trims-passenger-targets-and-warns-of-fuel-cost-impact-in-europe.html","title":{"rendered":"Ryanair Trims Passenger Targets and Warns of Fuel Cost Impact in Europe"},"content":{"rendered":"\n<p><strong>Ryanair Holdings<\/strong> has lowered its passenger traffic target for the current fiscal year, driven by a strategy to reduce its winter flight schedule to mitigate exposure to elevated oil prices stemming from conflict in the Middle East.<\/p>\n\n\n\n<h2 class=\"wp-block-heading\">Reduced Estimates and Frozen Winter Traffic<\/h2>\n\n\n\n<p>The ultra-low-cost carrier (ULCC) now expects to transport 214 million passengers in the fiscal year ending March 2027, down from its previous forecast of 216 million. As reported by the airline in a statement released Wednesday:<\/p>\n\n\n\n<ul class=\"wp-block-list\">\n<li><strong>Flat Traffic:<\/strong> Passenger volume between November and March will remain unchanged compared to the same period last year.<\/li>\n\n\n\n<li><strong>Loss Mitigation:<\/strong> The reduction in the winter schedule is designed to cut the airline&#8217;s seasonal losses by between \u20ac70 million and \u20ac100 million.<\/li>\n<\/ul>\n\n\n\n<p><strong><em>\u2192 <a href=\"https:\/\/aviacionaldia.com\/en\/2026\/08\/ryanair-partners-with-google-cloud-to-support-its-300-million-passenger-expansion-plan.html\">Ryanair Partners with Google Cloud to Support Its 300 Million Passenger Expansion Plan<\/a><\/em><\/strong><\/p>\n\n\n\n<h2 class=\"wp-block-heading\">Fare Increases and Competitor Yield Pressure<\/h2>\n\n\n\n<p>The aviation sector continues to navigate operational and financial headwinds driven by surging jet fuel prices, set against the backdrop of an ongoing conflict involving Iran entering its sixth month.<\/p>\n\n\n\n<p>From the airline&#8217;s perspective:<\/p>\n\n\n\n<ul class=\"wp-block-list\">\n<li><strong>Fares on the Rise:<\/strong> Sustained high crude oil prices will trigger a material increase in short-haul airfares across Europe.<\/li>\n\n\n\n<li><strong>Market Strain:<\/strong> This cost dynamic will place severe financial strain on rival carriers operating within the region.<\/li>\n<\/ul>\n\n\n\n<p>Despite the adverse input cost environment, Ryanair stressed that it remains well-positioned to maintain profitability throughout the current fiscal year. However, executive management anticipates that net profit (PAT) will fall short of the figures recorded in the previous financial year.<\/p>\n\n\n\n<h2 class=\"wp-block-heading\" id=\"related-topics\">Related Topics<\/h2>\n\n\n\n\t\t\t<div class=\"wp-block-uagb-post-grid uagb-post-grid  uagb-post__image-position-top uagb-post__image-enabled uagb-block-9e302684     uagb-post__items uagb-post__columns-2 is-grid uagb-post__columns-tablet-2 uagb-post__columns-mobile-1 uagb-post__equal-height\" data-total=\"499\" style=\"\">\n\n\t\t\t\t\t\t\t\t\t\t\t\t<article class=\"uagb-post__inner-wrap\">\t\t\t\t\t\t\t\t<div class='uagb-post__image'>\n\t\t\t\t\t\t\t\t\t<a href=\"https:\/\/aviacionaldia.com\/en\/2026\/09\/american-airlines-unveils-first-reconfigured-boeing-777-300er-featuring-new-flagship-suite.html\" target=\"_self\" rel=\"bookmark noopener noreferrer\" class='uagb-image-ratio-inherit'><img decoding=\"async\" width=\"800\" height=\"400\" src=\"https:\/\/aviacionaldia.com\/wp-content\/uploads\/2026\/09\/American-Airlines-Flagship-Suite.webp\" class=\"attachment-large size-large\" alt=\"\" srcset=\"https:\/\/aviacionaldia.com\/wp-content\/uploads\/2026\/09\/American-Airlines-Flagship-Suite.webp 800w, https:\/\/aviacionaldia.com\/wp-content\/uploads\/2026\/09\/American-Airlines-Flagship-Suite-300x150.webp 300w, https:\/\/aviacionaldia.com\/wp-content\/uploads\/2026\/09\/American-Airlines-Flagship-Suite-768x384.webp 768w, https:\/\/aviacionaldia.com\/wp-content\/uploads\/2026\/09\/American-Airlines-Flagship-Suite-380x190.webp 380w\" sizes=\"(max-width: 800px) 100vw, 800px\" \/>\t\t\t\t\t<\/a>\n\t\t\t\t\t\t\t<\/div>\n\t\t\t\t\t\t<h4 class=\"uagb-post__title uagb-post__text\">\n\t\t\t\t<a href=\"https:\/\/aviacionaldia.com\/en\/2026\/09\/american-airlines-unveils-first-reconfigured-boeing-777-300er-featuring-new-flagship-suite.html\" target=\"_self\" rel=\"bookmark noopener noreferrer\">American Airlines Unveils First Reconfigured Boeing 777-300ER Featuring New Flagship Suite<\/a>\n\t\t\t<\/h4>\n\t\t\t\t\t\t<div class='uagb-post__text uagb-post-grid-byline'>\n\t\t\t\t\t\t\t<\/div>\n\t\t\t\t\t\t<div class=\"uagb-post__text uagb-post__cta wp-block-button\">\n\t\t\t\t<a class=\"wp-block-button__link uagb-text-link\" style=\"\" href=\"https:\/\/aviacionaldia.com\/en\/2026\/09\/american-airlines-unveils-first-reconfigured-boeing-777-300er-featuring-new-flagship-suite.html\" target=\"_self\" rel=\"bookmark noopener noreferrer\">Read More<\/a>\n\t\t\t<\/div>\n\t\t\t\n\t\t\t\t\t\t\t\t\t<\/article>\n\t\t\t\t\t\t\t\t\t\t\t\t\t\t\t\t<article class=\"uagb-post__inner-wrap\">\t\t\t\t\t\t\t\t<div class='uagb-post__image'>\n\t\t\t\t\t\t\t\t\t<a href=\"https:\/\/aviacionaldia.com\/en\/2026\/09\/southwest-reveals-plans-for-its-first-lounge-network-in-partnership-with-chase.html\" target=\"_self\" rel=\"bookmark noopener noreferrer\" class='uagb-image-ratio-inherit'><img decoding=\"async\" width=\"800\" height=\"400\" src=\"https:\/\/aviacionaldia.com\/wp-content\/uploads\/2026\/09\/Southwest-Salas-VIP.webp\" class=\"attachment-large size-large\" alt=\"\" srcset=\"https:\/\/aviacionaldia.com\/wp-content\/uploads\/2026\/09\/Southwest-Salas-VIP.webp 800w, https:\/\/aviacionaldia.com\/wp-content\/uploads\/2026\/09\/Southwest-Salas-VIP-300x150.webp 300w, https:\/\/aviacionaldia.com\/wp-content\/uploads\/2026\/09\/Southwest-Salas-VIP-768x384.webp 768w, https:\/\/aviacionaldia.com\/wp-content\/uploads\/2026\/09\/Southwest-Salas-VIP-380x190.webp 380w\" sizes=\"(max-width: 800px) 100vw, 800px\" \/>\t\t\t\t\t<\/a>\n\t\t\t\t\t\t\t<\/div>\n\t\t\t\t\t\t<h4 class=\"uagb-post__title uagb-post__text\">\n\t\t\t\t<a href=\"https:\/\/aviacionaldia.com\/en\/2026\/09\/southwest-reveals-plans-for-its-first-lounge-network-in-partnership-with-chase.html\" target=\"_self\" rel=\"bookmark noopener noreferrer\">Southwest Reveals Plans for Its First Lounge Network in Partnership with Chase<\/a>\n\t\t\t<\/h4>\n\t\t\t\t\t\t<div class='uagb-post__text uagb-post-grid-byline'>\n\t\t\t\t\t\t\t<\/div>\n\t\t\t\t\t\t<div class=\"uagb-post__text uagb-post__cta wp-block-button\">\n\t\t\t\t<a class=\"wp-block-button__link uagb-text-link\" style=\"\" href=\"https:\/\/aviacionaldia.com\/en\/2026\/09\/southwest-reveals-plans-for-its-first-lounge-network-in-partnership-with-chase.html\" target=\"_self\" rel=\"bookmark noopener noreferrer\">Read More<\/a>\n\t\t\t<\/div>\n\t\t\t\n\t\t\t\t\t\t\t\t\t<\/article>\n\t\t\t\t\t\t\t\t\t\t\t\t\t\t\t\t<article class=\"uagb-post__inner-wrap\">\t\t\t\t\t\t\t\t<div class='uagb-post__image'>\n\t\t\t\t\t\t\t\t\t<a href=\"https:\/\/aviacionaldia.com\/en\/2026\/09\/united-begins-gate-delivery-testing-for-food-and-essential-items-at-newark-airport.html\" target=\"_self\" rel=\"bookmark noopener noreferrer\" class='uagb-image-ratio-inherit'><img decoding=\"async\" width=\"800\" height=\"400\" src=\"https:\/\/aviacionaldia.com\/wp-content\/uploads\/2026\/09\/United-Airlines-Entregas-en-Puerta-de-Embarque.webp\" class=\"attachment-large size-large\" alt=\"\" srcset=\"https:\/\/aviacionaldia.com\/wp-content\/uploads\/2026\/09\/United-Airlines-Entregas-en-Puerta-de-Embarque.webp 800w, https:\/\/aviacionaldia.com\/wp-content\/uploads\/2026\/09\/United-Airlines-Entregas-en-Puerta-de-Embarque-300x150.webp 300w, https:\/\/aviacionaldia.com\/wp-content\/uploads\/2026\/09\/United-Airlines-Entregas-en-Puerta-de-Embarque-768x384.webp 768w, https:\/\/aviacionaldia.com\/wp-content\/uploads\/2026\/09\/United-Airlines-Entregas-en-Puerta-de-Embarque-380x190.webp 380w\" sizes=\"(max-width: 800px) 100vw, 800px\" \/>\t\t\t\t\t<\/a>\n\t\t\t\t\t\t\t<\/div>\n\t\t\t\t\t\t<h4 class=\"uagb-post__title uagb-post__text\">\n\t\t\t\t<a href=\"https:\/\/aviacionaldia.com\/en\/2026\/09\/united-begins-gate-delivery-testing-for-food-and-essential-items-at-newark-airport.html\" target=\"_self\" rel=\"bookmark noopener noreferrer\">United Begins Gate Delivery Testing for Food and Essential Items at Newark Airport<\/a>\n\t\t\t<\/h4>\n\t\t\t\t\t\t<div class='uagb-post__text uagb-post-grid-byline'>\n\t\t\t\t\t\t\t<\/div>\n\t\t\t\t\t\t<div class=\"uagb-post__text uagb-post__cta wp-block-button\">\n\t\t\t\t<a class=\"wp-block-button__link uagb-text-link\" style=\"\" href=\"https:\/\/aviacionaldia.com\/en\/2026\/09\/united-begins-gate-delivery-testing-for-food-and-essential-items-at-newark-airport.html\" target=\"_self\" rel=\"bookmark noopener noreferrer\">Read More<\/a>\n\t\t\t<\/div>\n\t\t\t\n\t\t\t\t\t\t\t\t\t<\/article>\n\t\t\t\t\t\t\t\t\t\t\t\t\t\t\t\t<article class=\"uagb-post__inner-wrap\">\t\t\t\t\t\t\t\t<div class='uagb-post__image'>\n\t\t\t\t\t\t\t\t\t<a href=\"https:\/\/aviacionaldia.com\/en\/2026\/09\/united-automates-disruption-management-new-mobile-feature-allows-passengers-to-join-standby-lists-for-earlier-flights.html\" target=\"_self\" rel=\"bookmark noopener noreferrer\" class='uagb-image-ratio-inherit'><img decoding=\"async\" width=\"800\" height=\"400\" src=\"https:\/\/aviacionaldia.com\/wp-content\/uploads\/2026\/09\/United-Airlines-APP.webp\" class=\"attachment-large size-large\" alt=\"\" srcset=\"https:\/\/aviacionaldia.com\/wp-content\/uploads\/2026\/09\/United-Airlines-APP.webp 800w, https:\/\/aviacionaldia.com\/wp-content\/uploads\/2026\/09\/United-Airlines-APP-300x150.webp 300w, https:\/\/aviacionaldia.com\/wp-content\/uploads\/2026\/09\/United-Airlines-APP-768x384.webp 768w, https:\/\/aviacionaldia.com\/wp-content\/uploads\/2026\/09\/United-Airlines-APP-380x190.webp 380w\" sizes=\"(max-width: 800px) 100vw, 800px\" \/>\t\t\t\t\t<\/a>\n\t\t\t\t\t\t\t<\/div>\n\t\t\t\t\t\t<h4 class=\"uagb-post__title uagb-post__text\">\n\t\t\t\t<a href=\"https:\/\/aviacionaldia.com\/en\/2026\/09\/united-automates-disruption-management-new-mobile-feature-allows-passengers-to-join-standby-lists-for-earlier-flights.html\" target=\"_self\" rel=\"bookmark noopener noreferrer\">United Automates Disruption Management: New Mobile Feature Allows Passengers to Join Standby Lists for Earlier Flights<\/a>\n\t\t\t<\/h4>\n\t\t\t\t\t\t<div class='uagb-post__text uagb-post-grid-byline'>\n\t\t\t\t\t\t\t<\/div>\n\t\t\t\t\t\t<div class=\"uagb-post__text uagb-post__cta wp-block-button\">\n\t\t\t\t<a class=\"wp-block-button__link uagb-text-link\" style=\"\" href=\"https:\/\/aviacionaldia.com\/en\/2026\/09\/united-automates-disruption-management-new-mobile-feature-allows-passengers-to-join-standby-lists-for-earlier-flights.html\" target=\"_self\" rel=\"bookmark noopener noreferrer\">Read More<\/a>\n\t\t\t<\/div>\n\t\t\t\n\t\t\t\t\t\t\t\t\t<\/article>\n\t\t\t\t\t\t\t\t\t\t\t<\/div>\n\t\t\t","protected":false},"excerpt":{"rendered":"Ryanair Holdings has lowered its passenger traffic target for the current fiscal year, driven by a strategy to&hellip;\n","protected":false},"author":4316,"featured_media":113115,"comment_status":"open","ping_status":"closed","sticky":false,"template":"","format":"standard","meta":{"_uag_custom_page_level_css":"","footnotes":""},"categories":[1],"tags":[230,269,279],"class_list":{"0":"post-191635","1":"post","2":"type-post","3":"status-publish","4":"format-standard","5":"has-post-thumbnail","7":"category-airlines","8":"tag-airline","9":"tag-europe","10":"tag-ryanair-2"},"uagb_featured_image_src":{"full":["https:\/\/aviacionaldia.com\/wp-content\/uploads\/2021\/07\/Ryanair-B737-800.jpg",800,400,false],"thumbnail":["https:\/\/aviacionaldia.com\/wp-content\/uploads\/2021\/07\/Ryanair-B737-800-150x150.jpg",150,150,true],"medium":["https:\/\/aviacionaldia.com\/wp-content\/uploads\/2021\/07\/Ryanair-B737-800-300x150.jpg",300,150,true],"medium_large":["https:\/\/aviacionaldia.com\/wp-content\/uploads\/2021\/07\/Ryanair-B737-800-768x384.jpg",768,384,true],"large":["https:\/\/aviacionaldia.com\/wp-content\/uploads\/2021\/07\/Ryanair-B737-800.jpg",800,400,false],"1536x1536":["https:\/\/aviacionaldia.com\/wp-content\/uploads\/2021\/07\/Ryanair-B737-800.jpg",800,400,false],"2048x2048":["https:\/\/aviacionaldia.com\/wp-content\/uploads\/2021\/07\/Ryanair-B737-800.jpg",800,400,false],"pk-small":["https:\/\/aviacionaldia.com\/wp-content\/uploads\/2021\/07\/Ryanair-B737-800.jpg",80,40,false],"pk-thumbnail":["https:\/\/aviacionaldia.com\/wp-content\/uploads\/2021\/07\/Ryanair-B737-800.jpg",300,150,false],"csco-small":["https:\/\/aviacionaldia.com\/wp-content\/uploads\/2021\/07\/Ryanair-B737-800-80x80.jpg",80,80,true],"csco-intermediate":["https:\/\/aviacionaldia.com\/wp-content\/uploads\/2021\/07\/Ryanair-B737-800-200x140.jpg",200,140,true],"csco-thumbnail":["https:\/\/aviacionaldia.com\/wp-content\/uploads\/2021\/07\/Ryanair-B737-800-380x220.jpg",380,220,true],"csco-thumbnail-alternative":["https:\/\/aviacionaldia.com\/wp-content\/uploads\/2021\/07\/Ryanair-B737-800-300x180.jpg",300,180,true],"csco-thumbnail-uncropped":["https:\/\/aviacionaldia.com\/wp-content\/uploads\/2021\/07\/Ryanair-B737-800-380x190.jpg",380,190,true],"csco-medium":["https:\/\/aviacionaldia.com\/wp-content\/uploads\/2021\/07\/Ryanair-B737-800.jpg",800,400,false],"csco-medium-alternative":["https:\/\/aviacionaldia.com\/wp-content\/uploads\/2021\/07\/Ryanair-B737-800-560x336.jpg",560,336,true],"csco-medium-uncropped":["https:\/\/aviacionaldia.com\/wp-content\/uploads\/2021\/07\/Ryanair-B737-800.jpg",800,400,false],"csco-large":["https:\/\/aviacionaldia.com\/wp-content\/uploads\/2021\/07\/Ryanair-B737-800.jpg",800,400,false],"csco-large-uncropped":["https:\/\/aviacionaldia.com\/wp-content\/uploads\/2021\/07\/Ryanair-B737-800.jpg",800,400,false],"csco-extra-large":["https:\/\/aviacionaldia.com\/wp-content\/uploads\/2021\/07\/Ryanair-B737-800.jpg",800,400,false]},"uagb_author_info":{"display_name":"Redacci\u00f3n - Aviaci\u00f3n al D\u00eda","author_link":"https:\/\/aviacionaldia.com\/en\/author\/aad"},"uagb_comment_info":0,"uagb_excerpt":"Ryanair Holdings has lowered its passenger traffic target for the current fiscal year, driven by a strategy to&hellip;","amp_enabled":true,"_links":{"self":[{"href":"https:\/\/aviacionaldia.com\/en\/wp-json\/wp\/v2\/posts\/191635","targetHints":{"allow":["GET"]}}],"collection":[{"href":"https:\/\/aviacionaldia.com\/en\/wp-json\/wp\/v2\/posts"}],"about":[{"href":"https:\/\/aviacionaldia.com\/en\/wp-json\/wp\/v2\/types\/post"}],"author":[{"embeddable":true,"href":"https:\/\/aviacionaldia.com\/en\/wp-json\/wp\/v2\/users\/4316"}],"replies":[{"embeddable":true,"href":"https:\/\/aviacionaldia.com\/en\/wp-json\/wp\/v2\/comments?post=191635"}],"version-history":[{"count":1,"href":"https:\/\/aviacionaldia.com\/en\/wp-json\/wp\/v2\/posts\/191635\/revisions"}],"predecessor-version":[{"id":191636,"href":"https:\/\/aviacionaldia.com\/en\/wp-json\/wp\/v2\/posts\/191635\/revisions\/191636"}],"wp:featuredmedia":[{"embeddable":true,"href":"https:\/\/aviacionaldia.com\/en\/wp-json\/wp\/v2\/media\/113115"}],"wp:attachment":[{"href":"https:\/\/aviacionaldia.com\/en\/wp-json\/wp\/v2\/media?parent=191635"}],"wp:term":[{"taxonomy":"category","embeddable":true,"href":"https:\/\/aviacionaldia.com\/en\/wp-json\/wp\/v2\/categories?post=191635"},{"taxonomy":"post_tag","embeddable":true,"href":"https:\/\/aviacionaldia.com\/en\/wp-json\/wp\/v2\/tags?post=191635"}],"curies":[{"name":"wp","href":"https:\/\/api.w.org\/{rel}","templated":true}]}}