{"id":191637,"date":"2026-09-02T14:30:55","date_gmt":"2026-09-02T14:30:55","guid":{"rendered":"https:\/\/aviacionaldia.com\/?p=191637"},"modified":"2026-09-03T11:51:01","modified_gmt":"2026-09-03T11:51:01","slug":"embraer-delivers-2000th-e-jet-solidifying-the-program-as-one-of-commercial-aviations-most-successful","status":"publish","type":"post","link":"https:\/\/aviacionaldia.com\/en\/2026\/09\/embraer-delivers-2000th-e-jet-solidifying-the-program-as-one-of-commercial-aviations-most-successful.html","title":{"rendered":"Embraer Delivers 2,000th E-Jet, Solidifying the Program as One of Commercial Aviation&#8217;s Most Successful"},"content":{"rendered":"\n<p>Brazilian aircraft manufacturer <strong>Embraer <\/strong>celebrated on Wednesday the delivery of its <strong>2,000th E-Jet<\/strong>, a milestone highlighting the sustained success of one of the world&#8217;s three largest commercial aircraft families. The milestone aircraft was an E195-E2 delivered to Azul Linhas A\u00e9reas.<\/p>\n\n\n\n<h2 class=\"wp-block-heading\">Two Decades of Transformation in the Small Narrowbody Segment<\/h2>\n\n\n\n<p>Since entering service in 2004, the E-Jets family has transformed commercial aviation by combining passenger comfort, operational efficiency, and industry-leading reliability. Over the past 20 years, these aircraft have established a strong global footprint:<\/p>\n\n\n\n<ul class=\"wp-block-list\">\n<li><strong>Global Operators:<\/strong> More than 90 airlines across over 60 countries.<\/li>\n\n\n\n<li><strong>Flight Hours:<\/strong> Approximately 48 million hours logged across the fleet.<\/li>\n\n\n\n<li><strong>Passengers Carried:<\/strong> Over 2.85 billion people worldwide.<\/li>\n<\/ul>\n\n\n\n<p>The program&#8217;s continued performance has enabled the Brazilian planemaker to expand beyond its traditional regional market, cementing a competitive position in the global small narrowbody segment.<\/p>\n\n\n\n<p><strong><em>\u2192 <a href=\"https:\/\/aviacionaldia.com\/en\/2026\/08\/embraer-reports-record-second-quarter-with-2-2-billion-in-revenue-and-raises-full-year-2026-guidance.html\">Embraer Reports Record Second Quarter with $2.2 Billion in Revenue and Raises Full-Year 2026 Guidance<\/a><\/em><\/strong><\/p>\n\n\n\n<h2 class=\"wp-block-heading\">Strategic Partnership and Regional Expansion with Azul Linhas A\u00e9reas<\/h2>\n\n\n\n<p>The delivery of the 2,000th unit also marks a significant milestone for Azul Linhas A\u00e9reas, representing the 50th E2 aircraft in its fleet. Since launching operations on December 15, 2008\u2014with an E190 registered as PR-AZL\u2014the carrier has operated more than 140 E-Jets family aircraft, serving as a key partner for regional connectivity in Brazil. In 2019, the airline became the launch customer for the E195-E2 upon taking delivery of the first unit produced.<\/p>\n\n\n\n<p>Arjan Meijer, President and CEO of Embraer Commercial Aviation, emphasized the vital role the aircraft family plays in connecting communities, opening new markets, and driving sustainable growth opportunities for airlines globally.<\/p>\n\n\n\n<h2 class=\"wp-block-heading\">Evolution of the E-Jets Family<\/h2>\n\n\n\n<p>The aircraft family encompasses two generations of technological development:<\/p>\n\n\n\n<ul class=\"wp-block-list\">\n<li><strong>First Generation:<\/strong> E170, E175, E190, and E195 models.<\/li>\n\n\n\n<li><strong>Second Generation:<\/strong> E190-E2 and E195-E2 models.<\/li>\n<\/ul>\n\n\n\n<p>This technical trajectory places the program among the highest-volume and most enduring developments in the history of international commercial aviation, positioning its operational footprint well into the future.<\/p>\n\n\n\n<h2 class=\"wp-block-heading\" id=\"related-topics\">Related Topics<\/h2>\n\n\n\n\t\t\t<div class=\"wp-block-uagb-post-grid uagb-post-grid  uagb-post__image-position-top uagb-post__image-enabled uagb-block-9e302684     uagb-post__items uagb-post__columns-2 is-grid uagb-post__columns-tablet-2 uagb-post__columns-mobile-1 uagb-post__equal-height\" data-total=\"214\" style=\"\">\n\n\t\t\t\t\t\t\t\t\t\t\t\t<article class=\"uagb-post__inner-wrap\">\t\t\t\t\t\t\t\t<div class='uagb-post__image'>\n\t\t\t\t\t\t\t\t\t<a href=\"https:\/\/aviacionaldia.com\/en\/2026\/08\/faa-mandates-inspections-for-select-boeing-787s-over-potential-structural-defects.html\" target=\"_self\" rel=\"bookmark noopener noreferrer\" class='uagb-image-ratio-inherit'><img decoding=\"async\" width=\"800\" height=\"400\" src=\"https:\/\/aviacionaldia.com\/wp-content\/uploads\/2025\/04\/Boeing-787.webp\" class=\"attachment-large size-large\" alt=\"\" srcset=\"https:\/\/aviacionaldia.com\/wp-content\/uploads\/2025\/04\/Boeing-787.webp 800w, https:\/\/aviacionaldia.com\/wp-content\/uploads\/2025\/04\/Boeing-787-300x150.webp 300w, https:\/\/aviacionaldia.com\/wp-content\/uploads\/2025\/04\/Boeing-787-768x384.webp 768w, https:\/\/aviacionaldia.com\/wp-content\/uploads\/2025\/04\/Boeing-787-380x190.webp 380w\" sizes=\"(max-width: 800px) 100vw, 800px\" \/>\t\t\t\t\t<\/a>\n\t\t\t\t\t\t\t<\/div>\n\t\t\t\t\t\t<h4 class=\"uagb-post__title uagb-post__text\">\n\t\t\t\t<a href=\"https:\/\/aviacionaldia.com\/en\/2026\/08\/faa-mandates-inspections-for-select-boeing-787s-over-potential-structural-defects.html\" target=\"_self\" rel=\"bookmark noopener noreferrer\">FAA Mandates Inspections for Select Boeing 787s Over Potential Structural Defects<\/a>\n\t\t\t<\/h4>\n\t\t\t\t\t\t<div class='uagb-post__text uagb-post-grid-byline'>\n\t\t\t\t\t\t\t<\/div>\n\t\t\t\t\t\t<div class=\"uagb-post__text uagb-post__cta wp-block-button\">\n\t\t\t\t<a class=\"wp-block-button__link uagb-text-link\" style=\"\" href=\"https:\/\/aviacionaldia.com\/en\/2026\/08\/faa-mandates-inspections-for-select-boeing-787s-over-potential-structural-defects.html\" target=\"_self\" rel=\"bookmark noopener noreferrer\">Read More<\/a>\n\t\t\t<\/div>\n\t\t\t\n\t\t\t\t\t\t\t\t\t<\/article>\n\t\t\t\t\t\t\t\t\t\t\t\t\t\t\t\t<article class=\"uagb-post__inner-wrap\">\t\t\t\t\t\t\t\t<div class='uagb-post__image'>\n\t\t\t\t\t\t\t\t\t<a href=\"https:\/\/aviacionaldia.com\/en\/2026\/08\/boeing-delivers-53-jets-in-july-down-11-from-june.html\" target=\"_self\" rel=\"bookmark noopener noreferrer\" class='uagb-image-ratio-inherit'><img decoding=\"async\" width=\"800\" height=\"400\" src=\"https:\/\/aviacionaldia.com\/wp-content\/uploads\/2024\/12\/Boeing-777-factory.jpg\" class=\"attachment-large size-large\" alt=\"\" srcset=\"https:\/\/aviacionaldia.com\/wp-content\/uploads\/2024\/12\/Boeing-777-factory.jpg 800w, https:\/\/aviacionaldia.com\/wp-content\/uploads\/2024\/12\/Boeing-777-factory-300x150.jpg 300w, https:\/\/aviacionaldia.com\/wp-content\/uploads\/2024\/12\/Boeing-777-factory-768x384.jpg 768w, https:\/\/aviacionaldia.com\/wp-content\/uploads\/2024\/12\/Boeing-777-factory-380x190.jpg 380w\" sizes=\"(max-width: 800px) 100vw, 800px\" \/>\t\t\t\t\t<\/a>\n\t\t\t\t\t\t\t<\/div>\n\t\t\t\t\t\t<h4 class=\"uagb-post__title uagb-post__text\">\n\t\t\t\t<a href=\"https:\/\/aviacionaldia.com\/en\/2026\/08\/boeing-delivers-53-jets-in-july-down-11-from-june.html\" target=\"_self\" rel=\"bookmark noopener noreferrer\">Boeing Delivers 53 Jets in July, Down 11 From June<\/a>\n\t\t\t<\/h4>\n\t\t\t\t\t\t<div class='uagb-post__text uagb-post-grid-byline'>\n\t\t\t\t\t\t\t<\/div>\n\t\t\t\t\t\t<div class=\"uagb-post__text uagb-post__cta wp-block-button\">\n\t\t\t\t<a class=\"wp-block-button__link uagb-text-link\" style=\"\" href=\"https:\/\/aviacionaldia.com\/en\/2026\/08\/boeing-delivers-53-jets-in-july-down-11-from-june.html\" target=\"_self\" rel=\"bookmark noopener noreferrer\">Read More<\/a>\n\t\t\t<\/div>\n\t\t\t\n\t\t\t\t\t\t\t\t\t<\/article>\n\t\t\t\t\t\t\t\t\t\t\t\t\t\t\t\t<article class=\"uagb-post__inner-wrap\">\t\t\t\t\t\t\t\t<div class='uagb-post__image'>\n\t\t\t\t\t\t\t\t\t<a href=\"https:\/\/aviacionaldia.com\/en\/2026\/08\/faa-orders-inspection-of-hundreds-of-boeing-737-max-aircraft-over-potential-fuselage-cracking.html\" target=\"_self\" rel=\"bookmark noopener noreferrer\" class='uagb-image-ratio-inherit'><img decoding=\"async\" width=\"800\" height=\"400\" src=\"https:\/\/aviacionaldia.com\/wp-content\/uploads\/2025\/05\/Boeing-737-MAX-Factory.webp\" class=\"attachment-large size-large\" alt=\"\" srcset=\"https:\/\/aviacionaldia.com\/wp-content\/uploads\/2025\/05\/Boeing-737-MAX-Factory.webp 800w, https:\/\/aviacionaldia.com\/wp-content\/uploads\/2025\/05\/Boeing-737-MAX-Factory-300x150.webp 300w, https:\/\/aviacionaldia.com\/wp-content\/uploads\/2025\/05\/Boeing-737-MAX-Factory-768x384.webp 768w, https:\/\/aviacionaldia.com\/wp-content\/uploads\/2025\/05\/Boeing-737-MAX-Factory-380x190.webp 380w\" sizes=\"(max-width: 800px) 100vw, 800px\" \/>\t\t\t\t\t<\/a>\n\t\t\t\t\t\t\t<\/div>\n\t\t\t\t\t\t<h4 class=\"uagb-post__title uagb-post__text\">\n\t\t\t\t<a href=\"https:\/\/aviacionaldia.com\/en\/2026\/08\/faa-orders-inspection-of-hundreds-of-boeing-737-max-aircraft-over-potential-fuselage-cracking.html\" target=\"_self\" rel=\"bookmark noopener noreferrer\">FAA Orders Inspection of Hundreds of Boeing 737 MAX Aircraft Over Potential Fuselage Cracking<\/a>\n\t\t\t<\/h4>\n\t\t\t\t\t\t<div class='uagb-post__text uagb-post-grid-byline'>\n\t\t\t\t\t\t\t<\/div>\n\t\t\t\t\t\t<div class=\"uagb-post__text uagb-post__cta wp-block-button\">\n\t\t\t\t<a class=\"wp-block-button__link uagb-text-link\" style=\"\" href=\"https:\/\/aviacionaldia.com\/en\/2026\/08\/faa-orders-inspection-of-hundreds-of-boeing-737-max-aircraft-over-potential-fuselage-cracking.html\" target=\"_self\" rel=\"bookmark noopener noreferrer\">Read More<\/a>\n\t\t\t<\/div>\n\t\t\t\n\t\t\t\t\t\t\t\t\t<\/article>\n\t\t\t\t\t\t\t\t\t\t\t\t\t\t\t\t<article class=\"uagb-post__inner-wrap\">\t\t\t\t\t\t\t\t<div class='uagb-post__image'>\n\t\t\t\t\t\t\t\t\t<a href=\"https:\/\/aviacionaldia.com\/en\/2026\/08\/faa-certifies-boeing-737-7.html\" target=\"_self\" rel=\"bookmark noopener noreferrer\" class='uagb-image-ratio-inherit'><img decoding=\"async\" width=\"800\" height=\"400\" src=\"https:\/\/aviacionaldia.com\/wp-content\/uploads\/2020\/06\/Boeing-737-MAX-7.jpg\" class=\"attachment-large size-large\" alt=\"\" srcset=\"https:\/\/aviacionaldia.com\/wp-content\/uploads\/2020\/06\/Boeing-737-MAX-7.jpg 800w, https:\/\/aviacionaldia.com\/wp-content\/uploads\/2020\/06\/Boeing-737-MAX-7-300x150.jpg 300w, https:\/\/aviacionaldia.com\/wp-content\/uploads\/2020\/06\/Boeing-737-MAX-7-768x384.jpg 768w, https:\/\/aviacionaldia.com\/wp-content\/uploads\/2020\/06\/Boeing-737-MAX-7-380x190.jpg 380w\" sizes=\"(max-width: 800px) 100vw, 800px\" \/>\t\t\t\t\t<\/a>\n\t\t\t\t\t\t\t<\/div>\n\t\t\t\t\t\t<h4 class=\"uagb-post__title uagb-post__text\">\n\t\t\t\t<a href=\"https:\/\/aviacionaldia.com\/en\/2026\/08\/faa-certifies-boeing-737-7.html\" target=\"_self\" rel=\"bookmark noopener noreferrer\">FAA Certifies Boeing 737-7<\/a>\n\t\t\t<\/h4>\n\t\t\t\t\t\t<div class='uagb-post__text uagb-post-grid-byline'>\n\t\t\t\t\t\t\t<\/div>\n\t\t\t\t\t\t<div class=\"uagb-post__text uagb-post__cta wp-block-button\">\n\t\t\t\t<a class=\"wp-block-button__link uagb-text-link\" style=\"\" href=\"https:\/\/aviacionaldia.com\/en\/2026\/08\/faa-certifies-boeing-737-7.html\" target=\"_self\" rel=\"bookmark noopener noreferrer\">Read More<\/a>\n\t\t\t<\/div>\n\t\t\t\n\t\t\t\t\t\t\t\t\t<\/article>\n\t\t\t\t\t\t\t\t\t\t\t<\/div>\n\t\t\t","protected":false},"excerpt":{"rendered":"Brazilian aircraft manufacturer Embraer celebrated on Wednesday the delivery of its 2,000th E-Jet, a milestone highlighting the sustained&hellip;\n","protected":false},"author":4316,"featured_media":191620,"comment_status":"open","ping_status":"closed","sticky":false,"template":"","format":"standard","meta":{"_uag_custom_page_level_css":"","footnotes":""},"categories":[190],"tags":[222,306,378],"class_list":{"0":"post-191637","1":"post","2":"type-post","3":"status-publish","4":"format-standard","5":"has-post-thumbnail","7":"category-the-industry","8":"tag-aircraft","9":"tag-brazil","10":"tag-embraer-2"},"uagb_featured_image_src":{"full":["https:\/\/aviacionaldia.com\/wp-content\/uploads\/2026\/09\/Embraer-entrega-el-E2-numero-2000.webp",800,400,false],"thumbnail":["https:\/\/aviacionaldia.com\/wp-content\/uploads\/2026\/09\/Embraer-entrega-el-E2-numero-2000-150x150.webp",150,150,true],"medium":["https:\/\/aviacionaldia.com\/wp-content\/uploads\/2026\/09\/Embraer-entrega-el-E2-numero-2000-300x150.webp",300,150,true],"medium_large":["https:\/\/aviacionaldia.com\/wp-content\/uploads\/2026\/09\/Embraer-entrega-el-E2-numero-2000-768x384.webp",768,384,true],"large":["https:\/\/aviacionaldia.com\/wp-content\/uploads\/2026\/09\/Embraer-entrega-el-E2-numero-2000.webp",800,400,false],"1536x1536":["https:\/\/aviacionaldia.com\/wp-content\/uploads\/2026\/09\/Embraer-entrega-el-E2-numero-2000.webp",800,400,false],"2048x2048":["https:\/\/aviacionaldia.com\/wp-content\/uploads\/2026\/09\/Embraer-entrega-el-E2-numero-2000.webp",800,400,false],"pk-small":["https:\/\/aviacionaldia.com\/wp-content\/uploads\/2026\/09\/Embraer-entrega-el-E2-numero-2000-80x80.webp",80,80,true],"pk-thumbnail":["https:\/\/aviacionaldia.com\/wp-content\/uploads\/2026\/09\/Embraer-entrega-el-E2-numero-2000-300x225.webp",300,225,true],"csco-small":["https:\/\/aviacionaldia.com\/wp-content\/uploads\/2026\/09\/Embraer-entrega-el-E2-numero-2000-80x80.webp",80,80,true],"csco-intermediate":["https:\/\/aviacionaldia.com\/wp-content\/uploads\/2026\/09\/Embraer-entrega-el-E2-numero-2000-200x140.webp",200,140,true],"csco-thumbnail":["https:\/\/aviacionaldia.com\/wp-content\/uploads\/2026\/09\/Embraer-entrega-el-E2-numero-2000-380x220.webp",380,220,true],"csco-thumbnail-alternative":["https:\/\/aviacionaldia.com\/wp-content\/uploads\/2026\/09\/Embraer-entrega-el-E2-numero-2000-300x180.webp",300,180,true],"csco-thumbnail-uncropped":["https:\/\/aviacionaldia.com\/wp-content\/uploads\/2026\/09\/Embraer-entrega-el-E2-numero-2000-380x190.webp",380,190,true],"csco-medium":["https:\/\/aviacionaldia.com\/wp-content\/uploads\/2026\/09\/Embraer-entrega-el-E2-numero-2000.webp",800,400,false],"csco-medium-alternative":["https:\/\/aviacionaldia.com\/wp-content\/uploads\/2026\/09\/Embraer-entrega-el-E2-numero-2000-560x336.webp",560,336,true],"csco-medium-uncropped":["https:\/\/aviacionaldia.com\/wp-content\/uploads\/2026\/09\/Embraer-entrega-el-E2-numero-2000.webp",800,400,false],"csco-large":["https:\/\/aviacionaldia.com\/wp-content\/uploads\/2026\/09\/Embraer-entrega-el-E2-numero-2000.webp",800,400,false],"csco-large-uncropped":["https:\/\/aviacionaldia.com\/wp-content\/uploads\/2026\/09\/Embraer-entrega-el-E2-numero-2000.webp",800,400,false],"csco-extra-large":["https:\/\/aviacionaldia.com\/wp-content\/uploads\/2026\/09\/Embraer-entrega-el-E2-numero-2000.webp",800,400,false]},"uagb_author_info":{"display_name":"Redacci\u00f3n - Aviaci\u00f3n al D\u00eda","author_link":"https:\/\/aviacionaldia.com\/en\/author\/aad"},"uagb_comment_info":0,"uagb_excerpt":"Brazilian aircraft manufacturer Embraer celebrated on Wednesday the delivery of its 2,000th E-Jet, a milestone highlighting the sustained&hellip;","amp_enabled":true,"_links":{"self":[{"href":"https:\/\/aviacionaldia.com\/en\/wp-json\/wp\/v2\/posts\/191637","targetHints":{"allow":["GET"]}}],"collection":[{"href":"https:\/\/aviacionaldia.com\/en\/wp-json\/wp\/v2\/posts"}],"about":[{"href":"https:\/\/aviacionaldia.com\/en\/wp-json\/wp\/v2\/types\/post"}],"author":[{"embeddable":true,"href":"https:\/\/aviacionaldia.com\/en\/wp-json\/wp\/v2\/users\/4316"}],"replies":[{"embeddable":true,"href":"https:\/\/aviacionaldia.com\/en\/wp-json\/wp\/v2\/comments?post=191637"}],"version-history":[{"count":1,"href":"https:\/\/aviacionaldia.com\/en\/wp-json\/wp\/v2\/posts\/191637\/revisions"}],"predecessor-version":[{"id":191638,"href":"https:\/\/aviacionaldia.com\/en\/wp-json\/wp\/v2\/posts\/191637\/revisions\/191638"}],"wp:featuredmedia":[{"embeddable":true,"href":"https:\/\/aviacionaldia.com\/en\/wp-json\/wp\/v2\/media\/191620"}],"wp:attachment":[{"href":"https:\/\/aviacionaldia.com\/en\/wp-json\/wp\/v2\/media?parent=191637"}],"wp:term":[{"taxonomy":"category","embeddable":true,"href":"https:\/\/aviacionaldia.com\/en\/wp-json\/wp\/v2\/categories?post=191637"},{"taxonomy":"post_tag","embeddable":true,"href":"https:\/\/aviacionaldia.com\/en\/wp-json\/wp\/v2\/tags?post=191637"}],"curies":[{"name":"wp","href":"https:\/\/api.w.org\/{rel}","templated":true}]}}