{"id":191641,"date":"2026-09-02T15:30:59","date_gmt":"2026-09-02T15:30:59","guid":{"rendered":"https:\/\/aviacionaldia.com\/?p=191641"},"modified":"2026-09-03T12:00:24","modified_gmt":"2026-09-03T12:00:24","slug":"latam-airlines-brazil-prepares-curitiba-brasilia-and-guarulhos-bases-for-embraer-e195-e2-fleet-maintenance","status":"publish","type":"post","link":"https:\/\/aviacionaldia.com\/en\/2026\/09\/latam-airlines-brazil-prepares-curitiba-brasilia-and-guarulhos-bases-for-embraer-e195-e2-fleet-maintenance.html","title":{"rendered":"LATAM Airlines Brazil Prepares Curitiba, Brasilia, and Guarulhos Bases for Embraer E195-E2 Fleet Maintenance"},"content":{"rendered":"\n<p><strong>LATAM Airlines Brazil<\/strong> is deploying a specialized technical support network ahead of the arrival of its new fleet of<strong> Embraer E195-E2<\/strong> aircraft. The line maintenance bases at Curitiba, Brasilia, and S\u00e3o Paulo\/Guarulhos will oversee scheduled maintenance for the new type, with preparations set to be finalized by October 2026 ahead of the commercial flight launch scheduled for November.<\/p>\n\n\n\n<p>Combined, the three facilities will offer an operational capacity to handle up to 49 scheduled maintenance checks per week, supported by a dedicated team of 127 mechanics assigned exclusively to the new narrowbody aircraft. Preparations, which began in January of this year, have involved hiring and both theoretical and practical training for personnel, facility upgrades, and the procurement of E195-E2-specific tooling and ground support equipment.<\/p>\n\n\n\n<p>&#8220;Adding a new aircraft type requires preparation that begins many months before the first revenue flight. Since January, we have been progressing with technician training, facility adaptations, and the acquisition of specialized tools and equipment. We will reach the commercial launch of the E195-E2 in November with a maintenance infrastructure ready to support this next phase of our operations in Brazil,&#8221; said Alexandre Peronti, Director of Maintenance at LATAM Airlines Brazil.<\/p>\n\n\n\n<h2 class=\"wp-block-heading\">Curitiba to Serve as Primary Maintenance Hub for the E195-E2<\/h2>\n\n\n\n<p>Curitiba will host the largest infrastructure dedicated to Embraer\u2019s newest jetliner. In the capital of Paran\u00e1 state, the airline will be able to handle up to three aircraft simultaneously during overnight remain-over-night (RON) stops, completing up to 21 maintenance checks weekly. To sustain this volume, LATAM is expanding and modernizing its local facilities by constructing a new maintenance workshop, upgrading specialized tooling hardware and storehouse facilities, and investing in new ground handling equipment.<\/p>\n\n\n\n<p><strong><em>\u2192 <a href=\"https:\/\/aviacionaldia.com\/en\/2026\/08\/latam-to-expand-international-connectivity-with-new-direct-route-between-santiago-de-chile-and-salvador-de-bahia.html\">LATAM to Expand International Connectivity With New Direct Route Between Santiago de Chile and Salvador de Bahia<\/a><\/em><\/strong><\/p>\n\n\n\n<p>This operation complements the airport&#8217;s existing capabilities, which currently handles an average of three Airbus A320 family aircraft per night for preventive maintenance, featuring an installed capacity to service up to six aircraft simultaneously.<\/p>\n\n\n\n<p>Meanwhile, S\u00e3o Paulo\/Guarulhos\u2014the airline\u2019s largest maintenance base in the country\u2014will adapt its operational processes to integrate the E195-E2 alongside its existing workload, which includes single-aisle and widebody aircraft such as the Airbus A319, A320, and A321, as well as the Boeing 767, 777, and 787. Guarulhos will have a dedicated capacity for 21 scheduled E195-E2 checks per week.<\/p>\n\n\n\n<p>Additionally, Brasilia International Airport, which already functions as a preventive maintenance center for the A320 family, will be capable of executing up to seven weekly maintenance checks for the Embraer fleet.<\/p>\n\n\n\n<h2 class=\"wp-block-heading\">Technical Support for Domestic and Regional Network Expansion<\/h2>\n\n\n\n<p>The technical alignment of these line maintenance bases directly responds to the growth of LATAM\u2019s connectivity and operations in Brazil throughout 2025:<\/p>\n\n\n\n<ul class=\"wp-block-list\">\n<li><strong>S\u00e3o Paulo\/Guarulhos:<\/strong> Logged 116,500 domestic flights and offered more than 22.4 million seats across 53 routes, marking an approximate 9% increase in flights and a 10% increase in seat capacity compared to 2024.<\/li>\n\n\n\n<li><strong>Brasilia:<\/strong> Recorded over 56,600 flights and 10.1 million seats across 36 domestic routes, representing a 12% rise in flight frequencies and an 11% increase in available seats year-over-year.<\/li>\n\n\n\n<li><strong>Curitiba:<\/strong> Registered 14,300 flights and 2.64 million seats across six domestic routes, posting growth of 12% and 14%, respectively.<\/li>\n<\/ul>\n\n\n\n<p>In the state of Paran\u00e1, the carrier operates across five airports: Curitiba, Foz do Igua\u00e7u, Londrina, Maring\u00e1, and Cascavel. Over the past two years, regional and international connectivity from the state expanded with the launch of the Curitiba\u2013Lima route in October 2024 (three weekly flights offering over 50,000 annual seats), alongside second-half 2025 launches including Curitiba\u2013Rio de Janeiro\/Gale\u00e3o (14 weekly frequencies) and Foz do Igua\u00e7u\u2013Bras\u00edlia (seven weekly flights).<\/p>\n\n\n\n<h2 class=\"wp-block-heading\">Fleet Deployment and New Market Entry<\/h2>\n\n\n\n<p>The gradual delivery of the Embraer E195-E2 fleet will bring increased operational flexibility to LATAM\u2019s network, enabling the airline to combine capacity additions with entry into secondary regional markets.<\/p>\n\n\n\n<p>During the initial phase of E2-operated flights, the route network will be structured as follows:<\/p>\n\n\n\n<ul class=\"wp-block-list\">\n<li><strong>From S\u00e3o Paulo\/Guarulhos:<\/strong> New service will launch to Rondon\u00f3polis, Ji-Paran\u00e1, Cabo Frio, and Maca\u00e9. Concurrently, capacity will be expanded to Palmas, Uberl\u00e2ndia, Cascavel, and Uberaba.<\/li>\n\n\n\n<li><strong>From Brasilia:<\/strong> A new direct connection to Ribeir\u00e3o Preto will be added.<\/li>\n\n\n\n<li><strong>From Curitiba:<\/strong> Nonstop flights will be introduced to Londrina and Cuiab\u00e1, alongside frequency increases on existing routes to Rio de Janeiro\/Gale\u00e3o and Porto Alegre.<\/li>\n<\/ul>\n\n\n\n<p>With technical infrastructure primed across all three operational bases, LATAM aims to align fleet arrivals with the MRO capabilities required to uphold dispatch reliability, safety, and operational efficiency across its Brazilian domestic network.<\/p>\n\n\n\n<h2 class=\"wp-block-heading\" id=\"related-topics\">Related Topics<\/h2>\n\n\n\n\t\t\t<div class=\"wp-block-uagb-post-grid uagb-post-grid  uagb-post__image-position-top uagb-post__image-enabled uagb-block-9e302684     uagb-post__items uagb-post__columns-2 is-grid uagb-post__columns-tablet-2 uagb-post__columns-mobile-1 uagb-post__equal-height\" data-total=\"555\" style=\"\">\n\n\t\t\t\t\t\t\t\t\t\t\t\t<article class=\"uagb-post__inner-wrap\">\t\t\t\t\t\t\t\t<div class='uagb-post__image'>\n\t\t\t\t\t\t\t\t\t<a href=\"https:\/\/aviacionaldia.com\/en\/2026\/09\/ryanair-trims-passenger-targets-and-warns-of-fuel-cost-impact-in-europe.html\" target=\"_self\" rel=\"bookmark noopener noreferrer\" class='uagb-image-ratio-inherit'><img decoding=\"async\" width=\"800\" height=\"400\" src=\"https:\/\/aviacionaldia.com\/wp-content\/uploads\/2021\/07\/Ryanair-B737-800.jpg\" class=\"attachment-large size-large\" alt=\"\" srcset=\"https:\/\/aviacionaldia.com\/wp-content\/uploads\/2021\/07\/Ryanair-B737-800.jpg 800w, https:\/\/aviacionaldia.com\/wp-content\/uploads\/2021\/07\/Ryanair-B737-800-300x150.jpg 300w, https:\/\/aviacionaldia.com\/wp-content\/uploads\/2021\/07\/Ryanair-B737-800-768x384.jpg 768w, https:\/\/aviacionaldia.com\/wp-content\/uploads\/2021\/07\/Ryanair-B737-800-380x190.jpg 380w\" sizes=\"(max-width: 800px) 100vw, 800px\" \/>\t\t\t\t\t<\/a>\n\t\t\t\t\t\t\t<\/div>\n\t\t\t\t\t\t<h4 class=\"uagb-post__title uagb-post__text\">\n\t\t\t\t<a href=\"https:\/\/aviacionaldia.com\/en\/2026\/09\/ryanair-trims-passenger-targets-and-warns-of-fuel-cost-impact-in-europe.html\" target=\"_self\" rel=\"bookmark noopener noreferrer\">Ryanair Trims Passenger Targets and Warns of Fuel Cost Impact in Europe<\/a>\n\t\t\t<\/h4>\n\t\t\t\t\t\t<div class='uagb-post__text uagb-post-grid-byline'>\n\t\t\t\t\t\t\t<\/div>\n\t\t\t\t\t\t<div class=\"uagb-post__text uagb-post__cta wp-block-button\">\n\t\t\t\t<a class=\"wp-block-button__link uagb-text-link\" style=\"\" href=\"https:\/\/aviacionaldia.com\/en\/2026\/09\/ryanair-trims-passenger-targets-and-warns-of-fuel-cost-impact-in-europe.html\" target=\"_self\" rel=\"bookmark noopener noreferrer\">Read More<\/a>\n\t\t\t<\/div>\n\t\t\t\n\t\t\t\t\t\t\t\t\t<\/article>\n\t\t\t\t\t\t\t\t\t\t\t\t\t\t\t\t<article class=\"uagb-post__inner-wrap\">\t\t\t\t\t\t\t\t<div class='uagb-post__image'>\n\t\t\t\t\t\t\t\t\t<a href=\"https:\/\/aviacionaldia.com\/en\/2026\/09\/espacio-iberia-airlines-immersive-experience-returns-to-madrid-featuring-flight-simulators-gastronomy-and-ai-technology.html\" target=\"_self\" rel=\"bookmark noopener noreferrer\" class='uagb-image-ratio-inherit'><img decoding=\"async\" width=\"800\" height=\"400\" src=\"https:\/\/aviacionaldia.com\/wp-content\/uploads\/2026\/09\/Espacio-Iberia-Madrid-2026.webp\" class=\"attachment-large size-large\" alt=\"\" srcset=\"https:\/\/aviacionaldia.com\/wp-content\/uploads\/2026\/09\/Espacio-Iberia-Madrid-2026.webp 800w, https:\/\/aviacionaldia.com\/wp-content\/uploads\/2026\/09\/Espacio-Iberia-Madrid-2026-300x150.webp 300w, https:\/\/aviacionaldia.com\/wp-content\/uploads\/2026\/09\/Espacio-Iberia-Madrid-2026-768x384.webp 768w, https:\/\/aviacionaldia.com\/wp-content\/uploads\/2026\/09\/Espacio-Iberia-Madrid-2026-380x190.webp 380w\" sizes=\"(max-width: 800px) 100vw, 800px\" \/>\t\t\t\t\t<\/a>\n\t\t\t\t\t\t\t<\/div>\n\t\t\t\t\t\t<h4 class=\"uagb-post__title uagb-post__text\">\n\t\t\t\t<a href=\"https:\/\/aviacionaldia.com\/en\/2026\/09\/espacio-iberia-airlines-immersive-experience-returns-to-madrid-featuring-flight-simulators-gastronomy-and-ai-technology.html\" target=\"_self\" rel=\"bookmark noopener noreferrer\">Espacio Iberia: Airline&#8217;s Immersive Experience Returns to Madrid Featuring Flight Simulators, Gastronomy, and AI Technology<\/a>\n\t\t\t<\/h4>\n\t\t\t\t\t\t<div class='uagb-post__text uagb-post-grid-byline'>\n\t\t\t\t\t\t\t<\/div>\n\t\t\t\t\t\t<div class=\"uagb-post__text uagb-post__cta wp-block-button\">\n\t\t\t\t<a class=\"wp-block-button__link uagb-text-link\" style=\"\" href=\"https:\/\/aviacionaldia.com\/en\/2026\/09\/espacio-iberia-airlines-immersive-experience-returns-to-madrid-featuring-flight-simulators-gastronomy-and-ai-technology.html\" target=\"_self\" rel=\"bookmark noopener noreferrer\">Read More<\/a>\n\t\t\t<\/div>\n\t\t\t\n\t\t\t\t\t\t\t\t\t<\/article>\n\t\t\t\t\t\t\t\t\t\t\t\t\t\t\t\t<article class=\"uagb-post__inner-wrap\">\t\t\t\t\t\t\t\t<div class='uagb-post__image'>\n\t\t\t\t\t\t\t\t\t<a href=\"https:\/\/aviacionaldia.com\/en\/2026\/09\/air-france-unveils-its-new-vip-lounge-at-frankfurt-airport.html\" target=\"_self\" rel=\"bookmark noopener noreferrer\" class='uagb-image-ratio-inherit'><img decoding=\"async\" width=\"800\" height=\"400\" src=\"https:\/\/aviacionaldia.com\/wp-content\/uploads\/2026\/09\/Air-France-nueva-sala-VIP-en-el-aeropuerto-de-Frankfurt.webp\" class=\"attachment-large size-large\" alt=\"\" srcset=\"https:\/\/aviacionaldia.com\/wp-content\/uploads\/2026\/09\/Air-France-nueva-sala-VIP-en-el-aeropuerto-de-Frankfurt.webp 800w, https:\/\/aviacionaldia.com\/wp-content\/uploads\/2026\/09\/Air-France-nueva-sala-VIP-en-el-aeropuerto-de-Frankfurt-300x150.webp 300w, https:\/\/aviacionaldia.com\/wp-content\/uploads\/2026\/09\/Air-France-nueva-sala-VIP-en-el-aeropuerto-de-Frankfurt-768x384.webp 768w, https:\/\/aviacionaldia.com\/wp-content\/uploads\/2026\/09\/Air-France-nueva-sala-VIP-en-el-aeropuerto-de-Frankfurt-380x190.webp 380w\" sizes=\"(max-width: 800px) 100vw, 800px\" \/>\t\t\t\t\t<\/a>\n\t\t\t\t\t\t\t<\/div>\n\t\t\t\t\t\t<h4 class=\"uagb-post__title uagb-post__text\">\n\t\t\t\t<a href=\"https:\/\/aviacionaldia.com\/en\/2026\/09\/air-france-unveils-its-new-vip-lounge-at-frankfurt-airport.html\" target=\"_self\" rel=\"bookmark noopener noreferrer\">Air France Unveils Its New VIP Lounge at Frankfurt Airport<\/a>\n\t\t\t<\/h4>\n\t\t\t\t\t\t<div class='uagb-post__text uagb-post-grid-byline'>\n\t\t\t\t\t\t\t<\/div>\n\t\t\t\t\t\t<div class=\"uagb-post__text uagb-post__cta wp-block-button\">\n\t\t\t\t<a class=\"wp-block-button__link uagb-text-link\" style=\"\" href=\"https:\/\/aviacionaldia.com\/en\/2026\/09\/air-france-unveils-its-new-vip-lounge-at-frankfurt-airport.html\" target=\"_self\" rel=\"bookmark noopener noreferrer\">Read More<\/a>\n\t\t\t<\/div>\n\t\t\t\n\t\t\t\t\t\t\t\t\t<\/article>\n\t\t\t\t\t\t\t\t\t\t\t\t\t\t\t\t<article class=\"uagb-post__inner-wrap\">\t\t\t\t\t\t\t\t<div class='uagb-post__image'>\n\t\t\t\t\t\t\t\t\t<a href=\"https:\/\/aviacionaldia.com\/en\/2026\/09\/sas-completes-fleet-wide-starlink-installation-on-airbus-a320neo-in-record-time.html\" target=\"_self\" rel=\"bookmark noopener noreferrer\" class='uagb-image-ratio-inherit'><img decoding=\"async\" width=\"800\" height=\"400\" src=\"https:\/\/aviacionaldia.com\/wp-content\/uploads\/2025\/05\/SAS-Airbus-a320.webp\" class=\"attachment-large size-large\" alt=\"\" srcset=\"https:\/\/aviacionaldia.com\/wp-content\/uploads\/2025\/05\/SAS-Airbus-a320.webp 800w, https:\/\/aviacionaldia.com\/wp-content\/uploads\/2025\/05\/SAS-Airbus-a320-300x150.webp 300w, https:\/\/aviacionaldia.com\/wp-content\/uploads\/2025\/05\/SAS-Airbus-a320-768x384.webp 768w, https:\/\/aviacionaldia.com\/wp-content\/uploads\/2025\/05\/SAS-Airbus-a320-380x190.webp 380w\" sizes=\"(max-width: 800px) 100vw, 800px\" \/>\t\t\t\t\t<\/a>\n\t\t\t\t\t\t\t<\/div>\n\t\t\t\t\t\t<h4 class=\"uagb-post__title uagb-post__text\">\n\t\t\t\t<a href=\"https:\/\/aviacionaldia.com\/en\/2026\/09\/sas-completes-fleet-wide-starlink-installation-on-airbus-a320neo-in-record-time.html\" target=\"_self\" rel=\"bookmark noopener noreferrer\">SAS Completes Fleet-Wide Starlink Installation on Airbus A320neo in Record Time<\/a>\n\t\t\t<\/h4>\n\t\t\t\t\t\t<div class='uagb-post__text uagb-post-grid-byline'>\n\t\t\t\t\t\t\t<\/div>\n\t\t\t\t\t\t<div class=\"uagb-post__text uagb-post__cta wp-block-button\">\n\t\t\t\t<a class=\"wp-block-button__link uagb-text-link\" style=\"\" href=\"https:\/\/aviacionaldia.com\/en\/2026\/09\/sas-completes-fleet-wide-starlink-installation-on-airbus-a320neo-in-record-time.html\" target=\"_self\" rel=\"bookmark noopener noreferrer\">Read More<\/a>\n\t\t\t<\/div>\n\t\t\t\n\t\t\t\t\t\t\t\t\t<\/article>\n\t\t\t\t\t\t\t\t\t\t\t<\/div>\n\t\t\t","protected":false},"excerpt":{"rendered":"LATAM Airlines Brazil is deploying a specialized technical support network ahead of the arrival of its new fleet&hellip;\n","protected":false},"author":4316,"featured_media":188781,"comment_status":"open","ping_status":"closed","sticky":false,"template":"","format":"standard","meta":{"_uag_custom_page_level_css":"","footnotes":""},"categories":[1],"tags":[222,230,306,199],"class_list":{"0":"post-191641","1":"post","2":"type-post","3":"status-publish","4":"format-standard","5":"has-post-thumbnail","7":"category-airlines","8":"tag-aircraft","9":"tag-airline","10":"tag-brazil","11":"tag-latam-airlines-2"},"uagb_featured_image_src":{"full":["https:\/\/aviacionaldia.com\/wp-content\/uploads\/2026\/06\/Latam-Airlines-Embraer-E195-E2.webp",800,400,false],"thumbnail":["https:\/\/aviacionaldia.com\/wp-content\/uploads\/2026\/06\/Latam-Airlines-Embraer-E195-E2-150x150.webp",150,150,true],"medium":["https:\/\/aviacionaldia.com\/wp-content\/uploads\/2026\/06\/Latam-Airlines-Embraer-E195-E2-300x150.webp",300,150,true],"medium_large":["https:\/\/aviacionaldia.com\/wp-content\/uploads\/2026\/06\/Latam-Airlines-Embraer-E195-E2-768x384.webp",768,384,true],"large":["https:\/\/aviacionaldia.com\/wp-content\/uploads\/2026\/06\/Latam-Airlines-Embraer-E195-E2.webp",800,400,false],"1536x1536":["https:\/\/aviacionaldia.com\/wp-content\/uploads\/2026\/06\/Latam-Airlines-Embraer-E195-E2.webp",800,400,false],"2048x2048":["https:\/\/aviacionaldia.com\/wp-content\/uploads\/2026\/06\/Latam-Airlines-Embraer-E195-E2.webp",800,400,false],"pk-small":["https:\/\/aviacionaldia.com\/wp-content\/uploads\/2026\/06\/Latam-Airlines-Embraer-E195-E2-80x80.webp",80,80,true],"pk-thumbnail":["https:\/\/aviacionaldia.com\/wp-content\/uploads\/2026\/06\/Latam-Airlines-Embraer-E195-E2-300x225.webp",300,225,true],"csco-small":["https:\/\/aviacionaldia.com\/wp-content\/uploads\/2026\/06\/Latam-Airlines-Embraer-E195-E2-80x80.webp",80,80,true],"csco-intermediate":["https:\/\/aviacionaldia.com\/wp-content\/uploads\/2026\/06\/Latam-Airlines-Embraer-E195-E2-200x140.webp",200,140,true],"csco-thumbnail":["https:\/\/aviacionaldia.com\/wp-content\/uploads\/2026\/06\/Latam-Airlines-Embraer-E195-E2-380x220.webp",380,220,true],"csco-thumbnail-alternative":["https:\/\/aviacionaldia.com\/wp-content\/uploads\/2026\/06\/Latam-Airlines-Embraer-E195-E2-300x180.webp",300,180,true],"csco-thumbnail-uncropped":["https:\/\/aviacionaldia.com\/wp-content\/uploads\/2026\/06\/Latam-Airlines-Embraer-E195-E2-380x190.webp",380,190,true],"csco-medium":["https:\/\/aviacionaldia.com\/wp-content\/uploads\/2026\/06\/Latam-Airlines-Embraer-E195-E2.webp",800,400,false],"csco-medium-alternative":["https:\/\/aviacionaldia.com\/wp-content\/uploads\/2026\/06\/Latam-Airlines-Embraer-E195-E2-560x336.webp",560,336,true],"csco-medium-uncropped":["https:\/\/aviacionaldia.com\/wp-content\/uploads\/2026\/06\/Latam-Airlines-Embraer-E195-E2.webp",800,400,false],"csco-large":["https:\/\/aviacionaldia.com\/wp-content\/uploads\/2026\/06\/Latam-Airlines-Embraer-E195-E2.webp",800,400,false],"csco-large-uncropped":["https:\/\/aviacionaldia.com\/wp-content\/uploads\/2026\/06\/Latam-Airlines-Embraer-E195-E2.webp",800,400,false],"csco-extra-large":["https:\/\/aviacionaldia.com\/wp-content\/uploads\/2026\/06\/Latam-Airlines-Embraer-E195-E2.webp",800,400,false]},"uagb_author_info":{"display_name":"Redacci\u00f3n - Aviaci\u00f3n al D\u00eda","author_link":"https:\/\/aviacionaldia.com\/en\/author\/aad"},"uagb_comment_info":0,"uagb_excerpt":"LATAM Airlines Brazil is deploying a specialized technical support network ahead of the arrival of its new fleet&hellip;","amp_enabled":true,"_links":{"self":[{"href":"https:\/\/aviacionaldia.com\/en\/wp-json\/wp\/v2\/posts\/191641","targetHints":{"allow":["GET"]}}],"collection":[{"href":"https:\/\/aviacionaldia.com\/en\/wp-json\/wp\/v2\/posts"}],"about":[{"href":"https:\/\/aviacionaldia.com\/en\/wp-json\/wp\/v2\/types\/post"}],"author":[{"embeddable":true,"href":"https:\/\/aviacionaldia.com\/en\/wp-json\/wp\/v2\/users\/4316"}],"replies":[{"embeddable":true,"href":"https:\/\/aviacionaldia.com\/en\/wp-json\/wp\/v2\/comments?post=191641"}],"version-history":[{"count":1,"href":"https:\/\/aviacionaldia.com\/en\/wp-json\/wp\/v2\/posts\/191641\/revisions"}],"predecessor-version":[{"id":191642,"href":"https:\/\/aviacionaldia.com\/en\/wp-json\/wp\/v2\/posts\/191641\/revisions\/191642"}],"wp:featuredmedia":[{"embeddable":true,"href":"https:\/\/aviacionaldia.com\/en\/wp-json\/wp\/v2\/media\/188781"}],"wp:attachment":[{"href":"https:\/\/aviacionaldia.com\/en\/wp-json\/wp\/v2\/media?parent=191641"}],"wp:term":[{"taxonomy":"category","embeddable":true,"href":"https:\/\/aviacionaldia.com\/en\/wp-json\/wp\/v2\/categories?post=191641"},{"taxonomy":"post_tag","embeddable":true,"href":"https:\/\/aviacionaldia.com\/en\/wp-json\/wp\/v2\/tags?post=191641"}],"curies":[{"name":"wp","href":"https:\/\/api.w.org\/{rel}","templated":true}]}}