{"id":191677,"date":"2026-09-03T12:00:31","date_gmt":"2026-09-03T12:00:31","guid":{"rendered":"https:\/\/aviacionaldia.com\/?p=191677"},"modified":"2026-09-04T11:26:01","modified_gmt":"2026-09-04T11:26:01","slug":"fly91-places-landmark-order-for-40-atr-72-600-aircraft","status":"publish","type":"post","link":"https:\/\/aviacionaldia.com\/en\/2026\/09\/fly91-places-landmark-order-for-40-atr-72-600-aircraft.html","title":{"rendered":"FLY91 Places Landmark Order for 40 ATR 72-600 Aircraft"},"content":{"rendered":"\n<p>Indian regional carrier <strong>FLY91 <\/strong>announced Thursday the purchase of 40 <strong>ATR 72-600 <\/strong>aircraft in a deal valued at approximately $1 billion. This agreement represents ATR&#8217;s largest firm order in nearly a decade and the largest order ever placed by a purely regional airline in the manufacturer&#8217;s history.<\/p>\n\n\n\n<p>Deliveries of the new aircraft are scheduled to take place between 2027 and 2032. With this transaction, ATR&#8217;s order backlog for 2026 rises to 54 aircraft\u2014a figure that exceeds the company&#8217;s total net orders for all of 2025, with more than three months remaining in the year.<\/p>\n\n\n\n<h2 class=\"wp-block-heading\">From 6 to 60 Aircraft: FLY91\u2019s Expansion Plan<\/h2>\n\n\n\n<p>Less than three years after launching operations, FLY91 plans to expand its fleet from six aircraft to a total of 60 over the next five years. This growth reflects the airline&#8217;s confidence in the potential of the Indian market and ATR\u2019s commitment to regional aviation as a primary driver to connect the next generation of passengers.<\/p>\n\n\n\n<p><strong><em>\u2192 <a href=\"https:\/\/aviacionaldia.com\/en\/2026\/07\/atr-evaluates-atr-72-600-modifications-to-conquer-us-market-and-compete-with-regional-jets.html\">ATR Evaluates ATR 72-600 Modifications to Conquer US Market and Compete with Regional Jets<\/a><\/em><\/strong><\/p>\n\n\n\n<h3 class=\"wp-block-heading\">Key Role of the ATR 72-600 on Short-Haul Routes<\/h3>\n\n\n\n<p>India&#8217;s aviation market demands aircraft capable of delivering affordable air transport on short regional routes while maintaining high levels of efficiency and reliability. In an environment where fare prices are critical and fuel accounts for a substantial portion of operating costs, the ATR 72-600 enables:<\/p>\n\n\n\n<ul class=\"wp-block-list\">\n<li><strong>Operational Efficiency:<\/strong> Cost-effective operations on short regional sectors.<\/li>\n\n\n\n<li><strong>Sustainable Development:<\/strong> Direct connectivity between Tier-2 and Tier-3 cities.<\/li>\n\n\n\n<li><strong>Social Inclusion:<\/strong> Air travel access for millions of citizens.<\/li>\n<\/ul>\n\n\n\n<h2 class=\"wp-block-heading\">Strategic Vision<\/h2>\n\n\n\n<p>The impact of this deal extends beyond the airline, directly aligning with Indian government initiatives such as the <em>Ude Desh ka Aam Nagrik<\/em> (UDAN) scheme.<\/p>\n\n\n\n<p>&#8220;Regional connectivity is a vital pillar of India&#8217;s aviation growth story, and linking smaller towns to major economic hubs remains a national priority,&#8221; said Kinjarapu Ram Mohan Naidu, Union Minister of Civil Aviation.<\/p>\n\n\n\n<p>Harsha Raghavan, Chairman of FLY91 and Managing Partner at lead investor Convergent Finance, highlighted that the 40-aircraft order marks an operational milestone in scaling the company\u2019s vision as a key catalyst for economic growth.<\/p>\n\n\n\n<p>Nathalie Tarnaud Laude, Chief Executive Officer (CEO) of ATR, emphasized that the aircraft type delivers unmatched economics, efficiency, and reliability, allowing the airline to offer affordable fares to connect millions of passengers.<\/p>\n\n\n\n<h2 class=\"wp-block-heading\">Potential of the Indian Aviation Market<\/h2>\n\n\n\n<p>According to data from the ATR Mobility Monitor, approximately 4.6 billion intercity trips are made annually in India, with only about 3% taking to the skies.<\/p>\n\n\n\n<p>This gap highlights a major opportunity for regional air transport. With the projected expansion of connectivity, this order will extend the benefits of air travel to as many as 35 million additional passengers who previously did not consider flying a viable option.<\/p>\n\n\n\n<h2 class=\"wp-block-heading\" id=\"related-topics\">Related Topics<\/h2>\n\n\n\n\t\t\t<div class=\"wp-block-uagb-post-grid uagb-post-grid  uagb-post__image-position-top uagb-post__image-enabled uagb-block-9e302684     uagb-post__items uagb-post__columns-2 is-grid uagb-post__columns-tablet-2 uagb-post__columns-mobile-1 uagb-post__equal-height\" data-total=\"216\" style=\"\">\n\n\t\t\t\t\t\t\t\t\t\t\t\t<article class=\"uagb-post__inner-wrap\">\t\t\t\t\t\t\t\t<div class='uagb-post__image'>\n\t\t\t\t\t\t\t\t\t<a href=\"https:\/\/aviacionaldia.com\/en\/2026\/09\/airbus-forced-to-slow-a330neo-deliveries-after-finding-tool-inside-aircrafts-horizontal-stabilizer.html\" target=\"_self\" rel=\"bookmark noopener noreferrer\" class='uagb-image-ratio-inherit'><img decoding=\"async\" width=\"800\" height=\"400\" src=\"https:\/\/aviacionaldia.com\/wp-content\/uploads\/2026\/09\/Airbus-A330neo.webp\" class=\"attachment-large size-large\" alt=\"\" srcset=\"https:\/\/aviacionaldia.com\/wp-content\/uploads\/2026\/09\/Airbus-A330neo.webp 800w, https:\/\/aviacionaldia.com\/wp-content\/uploads\/2026\/09\/Airbus-A330neo-300x150.webp 300w, https:\/\/aviacionaldia.com\/wp-content\/uploads\/2026\/09\/Airbus-A330neo-768x384.webp 768w, https:\/\/aviacionaldia.com\/wp-content\/uploads\/2026\/09\/Airbus-A330neo-380x190.webp 380w\" sizes=\"(max-width: 800px) 100vw, 800px\" \/>\t\t\t\t\t<\/a>\n\t\t\t\t\t\t\t<\/div>\n\t\t\t\t\t\t<h4 class=\"uagb-post__title uagb-post__text\">\n\t\t\t\t<a href=\"https:\/\/aviacionaldia.com\/en\/2026\/09\/airbus-forced-to-slow-a330neo-deliveries-after-finding-tool-inside-aircrafts-horizontal-stabilizer.html\" target=\"_self\" rel=\"bookmark noopener noreferrer\">Airbus Forced to Slow A330neo Deliveries After Finding Tool Inside Aircraft\u2019s Horizontal Stabilizer<\/a>\n\t\t\t<\/h4>\n\t\t\t\t\t\t<div class='uagb-post__text uagb-post-grid-byline'>\n\t\t\t\t\t\t\t<\/div>\n\t\t\t\t\t\t<div class=\"uagb-post__text uagb-post__cta wp-block-button\">\n\t\t\t\t<a class=\"wp-block-button__link uagb-text-link\" style=\"\" href=\"https:\/\/aviacionaldia.com\/en\/2026\/09\/airbus-forced-to-slow-a330neo-deliveries-after-finding-tool-inside-aircrafts-horizontal-stabilizer.html\" target=\"_self\" rel=\"bookmark noopener noreferrer\">Read More<\/a>\n\t\t\t<\/div>\n\t\t\t\n\t\t\t\t\t\t\t\t\t<\/article>\n\t\t\t\t\t\t\t\t\t\t\t\t\t\t\t\t<article class=\"uagb-post__inner-wrap\">\t\t\t\t\t\t\t\t<div class='uagb-post__image'>\n\t\t\t\t\t\t\t\t\t<a href=\"https:\/\/aviacionaldia.com\/en\/2026\/08\/airbus-workers-in-spain-launch-indefinite-strike.html\" target=\"_self\" rel=\"bookmark noopener noreferrer\" class='uagb-image-ratio-inherit'><img decoding=\"async\" width=\"800\" height=\"400\" src=\"https:\/\/aviacionaldia.com\/wp-content\/uploads\/2023\/07\/Airbus.jpg\" class=\"attachment-large size-large\" alt=\"\" srcset=\"https:\/\/aviacionaldia.com\/wp-content\/uploads\/2023\/07\/Airbus.jpg 800w, https:\/\/aviacionaldia.com\/wp-content\/uploads\/2023\/07\/Airbus-300x150.jpg 300w, https:\/\/aviacionaldia.com\/wp-content\/uploads\/2023\/07\/Airbus-768x384.jpg 768w, https:\/\/aviacionaldia.com\/wp-content\/uploads\/2023\/07\/Airbus-380x190.jpg 380w\" sizes=\"(max-width: 800px) 100vw, 800px\" \/>\t\t\t\t\t<\/a>\n\t\t\t\t\t\t\t<\/div>\n\t\t\t\t\t\t<h4 class=\"uagb-post__title uagb-post__text\">\n\t\t\t\t<a href=\"https:\/\/aviacionaldia.com\/en\/2026\/08\/airbus-workers-in-spain-launch-indefinite-strike.html\" target=\"_self\" rel=\"bookmark noopener noreferrer\">Airbus Workers in Spain Launch Indefinite Strike<\/a>\n\t\t\t<\/h4>\n\t\t\t\t\t\t<div class='uagb-post__text uagb-post-grid-byline'>\n\t\t\t\t\t\t\t<\/div>\n\t\t\t\t\t\t<div class=\"uagb-post__text uagb-post__cta wp-block-button\">\n\t\t\t\t<a class=\"wp-block-button__link uagb-text-link\" style=\"\" href=\"https:\/\/aviacionaldia.com\/en\/2026\/08\/airbus-workers-in-spain-launch-indefinite-strike.html\" target=\"_self\" rel=\"bookmark noopener noreferrer\">Read More<\/a>\n\t\t\t<\/div>\n\t\t\t\n\t\t\t\t\t\t\t\t\t<\/article>\n\t\t\t\t\t\t\t\t\t\t\t\t\t\t\t\t<article class=\"uagb-post__inner-wrap\">\t\t\t\t\t\t\t\t<div class='uagb-post__image'>\n\t\t\t\t\t\t\t\t\t<a href=\"https:\/\/aviacionaldia.com\/en\/2026\/08\/airbus-targets-september-for-a350f-maiden-flight.html\" target=\"_self\" rel=\"bookmark noopener noreferrer\" class='uagb-image-ratio-inherit'><img decoding=\"async\" width=\"800\" height=\"400\" src=\"https:\/\/aviacionaldia.com\/wp-content\/uploads\/2023\/11\/Airbus-A350F.jpg\" class=\"attachment-large size-large\" alt=\"\" srcset=\"https:\/\/aviacionaldia.com\/wp-content\/uploads\/2023\/11\/Airbus-A350F.jpg 800w, https:\/\/aviacionaldia.com\/wp-content\/uploads\/2023\/11\/Airbus-A350F-300x150.jpg 300w, https:\/\/aviacionaldia.com\/wp-content\/uploads\/2023\/11\/Airbus-A350F-768x384.jpg 768w, https:\/\/aviacionaldia.com\/wp-content\/uploads\/2023\/11\/Airbus-A350F-380x190.jpg 380w\" sizes=\"(max-width: 800px) 100vw, 800px\" \/>\t\t\t\t\t<\/a>\n\t\t\t\t\t\t\t<\/div>\n\t\t\t\t\t\t<h4 class=\"uagb-post__title uagb-post__text\">\n\t\t\t\t<a href=\"https:\/\/aviacionaldia.com\/en\/2026\/08\/airbus-targets-september-for-a350f-maiden-flight.html\" target=\"_self\" rel=\"bookmark noopener noreferrer\">Airbus Targets September for A350F Maiden Flight<\/a>\n\t\t\t<\/h4>\n\t\t\t\t\t\t<div class='uagb-post__text uagb-post-grid-byline'>\n\t\t\t\t\t\t\t<\/div>\n\t\t\t\t\t\t<div class=\"uagb-post__text uagb-post__cta wp-block-button\">\n\t\t\t\t<a class=\"wp-block-button__link uagb-text-link\" style=\"\" href=\"https:\/\/aviacionaldia.com\/en\/2026\/08\/airbus-targets-september-for-a350f-maiden-flight.html\" target=\"_self\" rel=\"bookmark noopener noreferrer\">Read More<\/a>\n\t\t\t<\/div>\n\t\t\t\n\t\t\t\t\t\t\t\t\t<\/article>\n\t\t\t\t\t\t\t\t\t\t\t\t\t\t\t\t<article class=\"uagb-post__inner-wrap\">\t\t\t\t\t\t\t\t<div class='uagb-post__image'>\n\t\t\t\t\t\t\t\t\t<a href=\"https:\/\/aviacionaldia.com\/en\/2026\/08\/airbus-preliminary-report-multiple-hydraulic-failure-led-to-air-india-a320-altitude-drop.html\" target=\"_self\" rel=\"bookmark noopener noreferrer\" class='uagb-image-ratio-inherit'><img decoding=\"async\" width=\"800\" height=\"400\" src=\"https:\/\/aviacionaldia.com\/wp-content\/uploads\/2026\/03\/Air-India-Airbus-A320.webp\" class=\"attachment-large size-large\" alt=\"\" srcset=\"https:\/\/aviacionaldia.com\/wp-content\/uploads\/2026\/03\/Air-India-Airbus-A320.webp 800w, https:\/\/aviacionaldia.com\/wp-content\/uploads\/2026\/03\/Air-India-Airbus-A320-300x150.webp 300w, https:\/\/aviacionaldia.com\/wp-content\/uploads\/2026\/03\/Air-India-Airbus-A320-768x384.webp 768w, https:\/\/aviacionaldia.com\/wp-content\/uploads\/2026\/03\/Air-India-Airbus-A320-380x190.webp 380w\" sizes=\"(max-width: 800px) 100vw, 800px\" \/>\t\t\t\t\t<\/a>\n\t\t\t\t\t\t\t<\/div>\n\t\t\t\t\t\t<h4 class=\"uagb-post__title uagb-post__text\">\n\t\t\t\t<a href=\"https:\/\/aviacionaldia.com\/en\/2026\/08\/airbus-preliminary-report-multiple-hydraulic-failure-led-to-air-india-a320-altitude-drop.html\" target=\"_self\" rel=\"bookmark noopener noreferrer\">Airbus Preliminary Report: Multiple Hydraulic Failure Led to Air India A320 Altitude Drop<\/a>\n\t\t\t<\/h4>\n\t\t\t\t\t\t<div class='uagb-post__text uagb-post-grid-byline'>\n\t\t\t\t\t\t\t<\/div>\n\t\t\t\t\t\t<div class=\"uagb-post__text uagb-post__cta wp-block-button\">\n\t\t\t\t<a class=\"wp-block-button__link uagb-text-link\" style=\"\" href=\"https:\/\/aviacionaldia.com\/en\/2026\/08\/airbus-preliminary-report-multiple-hydraulic-failure-led-to-air-india-a320-altitude-drop.html\" target=\"_self\" rel=\"bookmark noopener noreferrer\">Read More<\/a>\n\t\t\t<\/div>\n\t\t\t\n\t\t\t\t\t\t\t\t\t<\/article>\n\t\t\t\t\t\t\t\t\t\t\t<\/div>\n\t\t\t","protected":false},"excerpt":{"rendered":"Indian regional carrier FLY91 announced Thursday the purchase of 40 ATR 72-600 aircraft in a deal valued at&hellip;\n","protected":false},"author":4316,"featured_media":191649,"comment_status":"open","ping_status":"closed","sticky":false,"template":"","format":"standard","meta":{"_uag_custom_page_level_css":"","footnotes":""},"categories":[1],"tags":[222,230,465,428,1231],"class_list":{"0":"post-191677","1":"post","2":"type-post","3":"status-publish","4":"format-standard","5":"has-post-thumbnail","7":"category-airlines","8":"tag-aircraft","9":"tag-airline","10":"tag-asia-2","11":"tag-atr-2","12":"tag-fly91"},"uagb_featured_image_src":{"full":["https:\/\/aviacionaldia.com\/wp-content\/uploads\/2026\/09\/FLY91-ATR-72-600.webp",800,400,false],"thumbnail":["https:\/\/aviacionaldia.com\/wp-content\/uploads\/2026\/09\/FLY91-ATR-72-600-150x150.webp",150,150,true],"medium":["https:\/\/aviacionaldia.com\/wp-content\/uploads\/2026\/09\/FLY91-ATR-72-600-300x150.webp",300,150,true],"medium_large":["https:\/\/aviacionaldia.com\/wp-content\/uploads\/2026\/09\/FLY91-ATR-72-600-768x384.webp",768,384,true],"large":["https:\/\/aviacionaldia.com\/wp-content\/uploads\/2026\/09\/FLY91-ATR-72-600.webp",800,400,false],"1536x1536":["https:\/\/aviacionaldia.com\/wp-content\/uploads\/2026\/09\/FLY91-ATR-72-600.webp",800,400,false],"2048x2048":["https:\/\/aviacionaldia.com\/wp-content\/uploads\/2026\/09\/FLY91-ATR-72-600.webp",800,400,false],"pk-small":["https:\/\/aviacionaldia.com\/wp-content\/uploads\/2026\/09\/FLY91-ATR-72-600-80x80.webp",80,80,true],"pk-thumbnail":["https:\/\/aviacionaldia.com\/wp-content\/uploads\/2026\/09\/FLY91-ATR-72-600-300x225.webp",300,225,true],"csco-small":["https:\/\/aviacionaldia.com\/wp-content\/uploads\/2026\/09\/FLY91-ATR-72-600-80x80.webp",80,80,true],"csco-intermediate":["https:\/\/aviacionaldia.com\/wp-content\/uploads\/2026\/09\/FLY91-ATR-72-600-200x140.webp",200,140,true],"csco-thumbnail":["https:\/\/aviacionaldia.com\/wp-content\/uploads\/2026\/09\/FLY91-ATR-72-600-380x220.webp",380,220,true],"csco-thumbnail-alternative":["https:\/\/aviacionaldia.com\/wp-content\/uploads\/2026\/09\/FLY91-ATR-72-600-300x180.webp",300,180,true],"csco-thumbnail-uncropped":["https:\/\/aviacionaldia.com\/wp-content\/uploads\/2026\/09\/FLY91-ATR-72-600-380x190.webp",380,190,true],"csco-medium":["https:\/\/aviacionaldia.com\/wp-content\/uploads\/2026\/09\/FLY91-ATR-72-600.webp",800,400,false],"csco-medium-alternative":["https:\/\/aviacionaldia.com\/wp-content\/uploads\/2026\/09\/FLY91-ATR-72-600-560x336.webp",560,336,true],"csco-medium-uncropped":["https:\/\/aviacionaldia.com\/wp-content\/uploads\/2026\/09\/FLY91-ATR-72-600.webp",800,400,false],"csco-large":["https:\/\/aviacionaldia.com\/wp-content\/uploads\/2026\/09\/FLY91-ATR-72-600.webp",800,400,false],"csco-large-uncropped":["https:\/\/aviacionaldia.com\/wp-content\/uploads\/2026\/09\/FLY91-ATR-72-600.webp",800,400,false],"csco-extra-large":["https:\/\/aviacionaldia.com\/wp-content\/uploads\/2026\/09\/FLY91-ATR-72-600.webp",800,400,false]},"uagb_author_info":{"display_name":"Redacci\u00f3n - Aviaci\u00f3n al D\u00eda","author_link":"https:\/\/aviacionaldia.com\/en\/author\/aad"},"uagb_comment_info":0,"uagb_excerpt":"Indian regional carrier FLY91 announced Thursday the purchase of 40 ATR 72-600 aircraft in a deal valued at&hellip;","amp_enabled":true,"_links":{"self":[{"href":"https:\/\/aviacionaldia.com\/en\/wp-json\/wp\/v2\/posts\/191677","targetHints":{"allow":["GET"]}}],"collection":[{"href":"https:\/\/aviacionaldia.com\/en\/wp-json\/wp\/v2\/posts"}],"about":[{"href":"https:\/\/aviacionaldia.com\/en\/wp-json\/wp\/v2\/types\/post"}],"author":[{"embeddable":true,"href":"https:\/\/aviacionaldia.com\/en\/wp-json\/wp\/v2\/users\/4316"}],"replies":[{"embeddable":true,"href":"https:\/\/aviacionaldia.com\/en\/wp-json\/wp\/v2\/comments?post=191677"}],"version-history":[{"count":1,"href":"https:\/\/aviacionaldia.com\/en\/wp-json\/wp\/v2\/posts\/191677\/revisions"}],"predecessor-version":[{"id":191678,"href":"https:\/\/aviacionaldia.com\/en\/wp-json\/wp\/v2\/posts\/191677\/revisions\/191678"}],"wp:featuredmedia":[{"embeddable":true,"href":"https:\/\/aviacionaldia.com\/en\/wp-json\/wp\/v2\/media\/191649"}],"wp:attachment":[{"href":"https:\/\/aviacionaldia.com\/en\/wp-json\/wp\/v2\/media?parent=191677"}],"wp:term":[{"taxonomy":"category","embeddable":true,"href":"https:\/\/aviacionaldia.com\/en\/wp-json\/wp\/v2\/categories?post=191677"},{"taxonomy":"post_tag","embeddable":true,"href":"https:\/\/aviacionaldia.com\/en\/wp-json\/wp\/v2\/tags?post=191677"}],"curies":[{"name":"wp","href":"https:\/\/api.w.org\/{rel}","templated":true}]}}