{"id":191681,"date":"2026-09-03T13:00:10","date_gmt":"2026-09-03T13:00:10","guid":{"rendered":"https:\/\/aviacionaldia.com\/?p=191681"},"modified":"2026-09-04T11:38:40","modified_gmt":"2026-09-04T11:38:40","slug":"wingo-to-resume-flights-to-caracas-maintaining-three-direct-routes-between-colombia-and-venezuela","status":"publish","type":"post","link":"https:\/\/aviacionaldia.com\/en\/2026\/09\/wingo-to-resume-flights-to-caracas-maintaining-three-direct-routes-between-colombia-and-venezuela.html","title":{"rendered":"Wingo to Resume Flights to Caracas, Maintaining Three Direct Routes Between Colombia and Venezuela"},"content":{"rendered":"\n<p>Low-cost carrier <strong>Wingo<\/strong> has announced the resumption of its operations to Sim\u00f3n Bol\u00edvar International Airport in Maiquet\u00eda, serving Caracas, starting September 7, 2026.<\/p>\n\n\n\n<p>The operational schedule to Venezuela\u2019s primary gateway will be structured as follows:<\/p>\n\n\n\n<ul class=\"wp-block-list\">\n<li><strong>Bogota \u2013 Caracas:<\/strong> Resuming operations with seven weekly frequencies, equivalent to one daily flight.<\/li>\n\n\n\n<li><strong>Medellin \u2013 Caracas:<\/strong> Operating with three weekly frequencies.<\/li>\n<\/ul>\n\n\n\n<p>This reactivation at Venezuela\u2019s main airport adds to the airline\u2019s ongoing service between El Dorado International Airport in Bogota and Arturo Michelena International Airport in Valencia. The Bogota\u2013Valencia route, launched on July 3, 2026, will continue operating with three weekly frequencies, having served as Wingo&#8217;s primary connectivity option while flights to Maiquet\u00eda were suspended.<\/p>\n\n\n\n<h2 class=\"wp-block-heading\">Network Consolidation and Available Capacity<\/h2>\n\n\n\n<p>With the restoration of these schedules, Wingo\u2019s transborder network between both nations will consist of three point-to-point routes: Bogota\u2013Caracas, Medellin\u2013Caracas, and Bogota\u2013Valencia.<\/p>\n\n\n\n<p>Combined, the offer will reach 13 weekly frequencies, representing nearly 80,000 round-trip seats between September 7 and the end of 2026.<\/p>\n\n\n\n<p><strong><em>\u2192 <a href=\"https:\/\/aviacionaldia.com\/en\/2026\/08\/wingo-strengthens-caribbean-connectivity-with-new-direct-route-between-bogota-and-puerto-plata.html\">Wingo Strengthens Caribbean Connectivity with New Direct Route Between Bogot\u00e1 and Puerto Plata<\/a><\/em><\/strong><\/p>\n\n\n\n<p>&#8220;Wingo has maintained a sustained presence in air connectivity between Colombia and Venezuela, and our commitment to this market remains long-term. During the suspension of operations in Maiquet\u00eda, we maintained our footprint via Valencia. Now that conditions allow us to resume flights to Caracas, we expect to progressively rebuild our operation while offering direct, affordable, and reliable alternatives for passengers traveling between both countries,&#8221; stated Jorge Jim\u00e9nez, Vice President of Commercial and Planning at Wingo.<\/p>\n\n\n\n<h2 class=\"wp-block-heading\">Fares and Ticketing<\/h2>\n\n\n\n<p>Tickets for all three routes are available for purchase across the airline&#8217;s direct sales channels, including its website and mobile app. One-way promotional fares start at:<\/p>\n\n\n\n<ul class=\"wp-block-list\">\n<li><strong>Bogota \u2013 Caracas:<\/strong> From USD 118<\/li>\n\n\n\n<li><strong>Medellin \u2013 Caracas:<\/strong> From USD 156<\/li>\n\n\n\n<li><strong>Bogota \u2013 Valencia:<\/strong> From USD 117<\/li>\n<\/ul>\n\n\n\n<p><em>(All fares are subject to availability and specific fare class terms and conditions).<\/em><\/p>\n\n\n\n<h2 class=\"wp-block-heading\" id=\"related-topics\">Related Topics<\/h2>\n\n\n\n\t\t\t<div class=\"wp-block-uagb-post-grid uagb-post-grid  uagb-post__image-position-top uagb-post__image-enabled uagb-block-9e302684     uagb-post__items uagb-post__columns-2 is-grid uagb-post__columns-tablet-2 uagb-post__columns-mobile-1 uagb-post__equal-height\" data-total=\"499\" style=\"\">\n\n\t\t\t\t\t\t\t\t\t\t\t\t<article class=\"uagb-post__inner-wrap\">\t\t\t\t\t\t\t\t<div class='uagb-post__image'>\n\t\t\t\t\t\t\t\t\t<a href=\"https:\/\/aviacionaldia.com\/en\/2026\/09\/boeing-pays-3-1-million-faa-fine-over-multiple-safety-violations.html\" target=\"_self\" rel=\"bookmark noopener noreferrer\" class='uagb-image-ratio-inherit'><img decoding=\"async\" width=\"800\" height=\"400\" src=\"https:\/\/aviacionaldia.com\/wp-content\/uploads\/2024\/01\/Alaska-Airlines-Incidente.jpg\" class=\"attachment-large size-large\" alt=\"\" srcset=\"https:\/\/aviacionaldia.com\/wp-content\/uploads\/2024\/01\/Alaska-Airlines-Incidente.jpg 800w, https:\/\/aviacionaldia.com\/wp-content\/uploads\/2024\/01\/Alaska-Airlines-Incidente-300x150.jpg 300w, https:\/\/aviacionaldia.com\/wp-content\/uploads\/2024\/01\/Alaska-Airlines-Incidente-768x384.jpg 768w, https:\/\/aviacionaldia.com\/wp-content\/uploads\/2024\/01\/Alaska-Airlines-Incidente-380x190.jpg 380w\" sizes=\"(max-width: 800px) 100vw, 800px\" \/>\t\t\t\t\t<\/a>\n\t\t\t\t\t\t\t<\/div>\n\t\t\t\t\t\t<h4 class=\"uagb-post__title uagb-post__text\">\n\t\t\t\t<a href=\"https:\/\/aviacionaldia.com\/en\/2026\/09\/boeing-pays-3-1-million-faa-fine-over-multiple-safety-violations.html\" target=\"_self\" rel=\"bookmark noopener noreferrer\">Boeing Pays $3.1 Million FAA Fine over Multiple Safety Violations<\/a>\n\t\t\t<\/h4>\n\t\t\t\t\t\t<div class='uagb-post__text uagb-post-grid-byline'>\n\t\t\t\t\t\t\t<\/div>\n\t\t\t\t\t\t<div class=\"uagb-post__text uagb-post__cta wp-block-button\">\n\t\t\t\t<a class=\"wp-block-button__link uagb-text-link\" style=\"\" href=\"https:\/\/aviacionaldia.com\/en\/2026\/09\/boeing-pays-3-1-million-faa-fine-over-multiple-safety-violations.html\" target=\"_self\" rel=\"bookmark noopener noreferrer\">Read More<\/a>\n\t\t\t<\/div>\n\t\t\t\n\t\t\t\t\t\t\t\t\t<\/article>\n\t\t\t\t\t\t\t\t\t\t\t\t\t\t\t\t<article class=\"uagb-post__inner-wrap\">\t\t\t\t\t\t\t\t<div class='uagb-post__image'>\n\t\t\t\t\t\t\t\t\t<a href=\"https:\/\/aviacionaldia.com\/en\/2026\/09\/american-airlines-unveils-first-reconfigured-boeing-777-300er-featuring-new-flagship-suite.html\" target=\"_self\" rel=\"bookmark noopener noreferrer\" class='uagb-image-ratio-inherit'><img decoding=\"async\" width=\"800\" height=\"400\" src=\"https:\/\/aviacionaldia.com\/wp-content\/uploads\/2026\/09\/American-Airlines-Flagship-Suite.webp\" class=\"attachment-large size-large\" alt=\"\" srcset=\"https:\/\/aviacionaldia.com\/wp-content\/uploads\/2026\/09\/American-Airlines-Flagship-Suite.webp 800w, https:\/\/aviacionaldia.com\/wp-content\/uploads\/2026\/09\/American-Airlines-Flagship-Suite-300x150.webp 300w, https:\/\/aviacionaldia.com\/wp-content\/uploads\/2026\/09\/American-Airlines-Flagship-Suite-768x384.webp 768w, https:\/\/aviacionaldia.com\/wp-content\/uploads\/2026\/09\/American-Airlines-Flagship-Suite-380x190.webp 380w\" sizes=\"(max-width: 800px) 100vw, 800px\" \/>\t\t\t\t\t<\/a>\n\t\t\t\t\t\t\t<\/div>\n\t\t\t\t\t\t<h4 class=\"uagb-post__title uagb-post__text\">\n\t\t\t\t<a href=\"https:\/\/aviacionaldia.com\/en\/2026\/09\/american-airlines-unveils-first-reconfigured-boeing-777-300er-featuring-new-flagship-suite.html\" target=\"_self\" rel=\"bookmark noopener noreferrer\">American Airlines Unveils First Reconfigured Boeing 777-300ER Featuring New Flagship Suite<\/a>\n\t\t\t<\/h4>\n\t\t\t\t\t\t<div class='uagb-post__text uagb-post-grid-byline'>\n\t\t\t\t\t\t\t<\/div>\n\t\t\t\t\t\t<div class=\"uagb-post__text uagb-post__cta wp-block-button\">\n\t\t\t\t<a class=\"wp-block-button__link uagb-text-link\" style=\"\" href=\"https:\/\/aviacionaldia.com\/en\/2026\/09\/american-airlines-unveils-first-reconfigured-boeing-777-300er-featuring-new-flagship-suite.html\" target=\"_self\" rel=\"bookmark noopener noreferrer\">Read More<\/a>\n\t\t\t<\/div>\n\t\t\t\n\t\t\t\t\t\t\t\t\t<\/article>\n\t\t\t\t\t\t\t\t\t\t\t\t\t\t\t\t<article class=\"uagb-post__inner-wrap\">\t\t\t\t\t\t\t\t<div class='uagb-post__image'>\n\t\t\t\t\t\t\t\t\t<a href=\"https:\/\/aviacionaldia.com\/en\/2026\/09\/southwest-reveals-plans-for-its-first-lounge-network-in-partnership-with-chase.html\" target=\"_self\" rel=\"bookmark noopener noreferrer\" class='uagb-image-ratio-inherit'><img decoding=\"async\" width=\"800\" height=\"400\" src=\"https:\/\/aviacionaldia.com\/wp-content\/uploads\/2026\/09\/Southwest-Salas-VIP.webp\" class=\"attachment-large size-large\" alt=\"\" srcset=\"https:\/\/aviacionaldia.com\/wp-content\/uploads\/2026\/09\/Southwest-Salas-VIP.webp 800w, https:\/\/aviacionaldia.com\/wp-content\/uploads\/2026\/09\/Southwest-Salas-VIP-300x150.webp 300w, https:\/\/aviacionaldia.com\/wp-content\/uploads\/2026\/09\/Southwest-Salas-VIP-768x384.webp 768w, https:\/\/aviacionaldia.com\/wp-content\/uploads\/2026\/09\/Southwest-Salas-VIP-380x190.webp 380w\" sizes=\"(max-width: 800px) 100vw, 800px\" \/>\t\t\t\t\t<\/a>\n\t\t\t\t\t\t\t<\/div>\n\t\t\t\t\t\t<h4 class=\"uagb-post__title uagb-post__text\">\n\t\t\t\t<a href=\"https:\/\/aviacionaldia.com\/en\/2026\/09\/southwest-reveals-plans-for-its-first-lounge-network-in-partnership-with-chase.html\" target=\"_self\" rel=\"bookmark noopener noreferrer\">Southwest Reveals Plans for Its First Lounge Network in Partnership with Chase<\/a>\n\t\t\t<\/h4>\n\t\t\t\t\t\t<div class='uagb-post__text uagb-post-grid-byline'>\n\t\t\t\t\t\t\t<\/div>\n\t\t\t\t\t\t<div class=\"uagb-post__text uagb-post__cta wp-block-button\">\n\t\t\t\t<a class=\"wp-block-button__link uagb-text-link\" style=\"\" href=\"https:\/\/aviacionaldia.com\/en\/2026\/09\/southwest-reveals-plans-for-its-first-lounge-network-in-partnership-with-chase.html\" target=\"_self\" rel=\"bookmark noopener noreferrer\">Read More<\/a>\n\t\t\t<\/div>\n\t\t\t\n\t\t\t\t\t\t\t\t\t<\/article>\n\t\t\t\t\t\t\t\t\t\t\t\t\t\t\t\t<article class=\"uagb-post__inner-wrap\">\t\t\t\t\t\t\t\t<div class='uagb-post__image'>\n\t\t\t\t\t\t\t\t\t<a href=\"https:\/\/aviacionaldia.com\/en\/2026\/09\/united-begins-gate-delivery-testing-for-food-and-essential-items-at-newark-airport.html\" target=\"_self\" rel=\"bookmark noopener noreferrer\" class='uagb-image-ratio-inherit'><img decoding=\"async\" width=\"800\" height=\"400\" src=\"https:\/\/aviacionaldia.com\/wp-content\/uploads\/2026\/09\/United-Airlines-Entregas-en-Puerta-de-Embarque.webp\" class=\"attachment-large size-large\" alt=\"\" srcset=\"https:\/\/aviacionaldia.com\/wp-content\/uploads\/2026\/09\/United-Airlines-Entregas-en-Puerta-de-Embarque.webp 800w, https:\/\/aviacionaldia.com\/wp-content\/uploads\/2026\/09\/United-Airlines-Entregas-en-Puerta-de-Embarque-300x150.webp 300w, https:\/\/aviacionaldia.com\/wp-content\/uploads\/2026\/09\/United-Airlines-Entregas-en-Puerta-de-Embarque-768x384.webp 768w, https:\/\/aviacionaldia.com\/wp-content\/uploads\/2026\/09\/United-Airlines-Entregas-en-Puerta-de-Embarque-380x190.webp 380w\" sizes=\"(max-width: 800px) 100vw, 800px\" \/>\t\t\t\t\t<\/a>\n\t\t\t\t\t\t\t<\/div>\n\t\t\t\t\t\t<h4 class=\"uagb-post__title uagb-post__text\">\n\t\t\t\t<a href=\"https:\/\/aviacionaldia.com\/en\/2026\/09\/united-begins-gate-delivery-testing-for-food-and-essential-items-at-newark-airport.html\" target=\"_self\" rel=\"bookmark noopener noreferrer\">United Begins Gate Delivery Testing for Food and Essential Items at Newark Airport<\/a>\n\t\t\t<\/h4>\n\t\t\t\t\t\t<div class='uagb-post__text uagb-post-grid-byline'>\n\t\t\t\t\t\t\t<\/div>\n\t\t\t\t\t\t<div class=\"uagb-post__text uagb-post__cta wp-block-button\">\n\t\t\t\t<a class=\"wp-block-button__link uagb-text-link\" style=\"\" href=\"https:\/\/aviacionaldia.com\/en\/2026\/09\/united-begins-gate-delivery-testing-for-food-and-essential-items-at-newark-airport.html\" target=\"_self\" rel=\"bookmark noopener noreferrer\">Read More<\/a>\n\t\t\t<\/div>\n\t\t\t\n\t\t\t\t\t\t\t\t\t<\/article>\n\t\t\t\t\t\t\t\t\t\t\t<\/div>\n\t\t\t","protected":false},"excerpt":{"rendered":"Low-cost carrier Wingo has announced the resumption of its operations to Sim\u00f3n Bol\u00edvar International Airport in Maiquet\u00eda, serving&hellip;\n","protected":false},"author":4316,"featured_media":191300,"comment_status":"open","ping_status":"closed","sticky":false,"template":"","format":"standard","meta":{"_uag_custom_page_level_css":"","footnotes":""},"categories":[1],"tags":[230,196,198,278,612],"class_list":{"0":"post-191681","1":"post","2":"type-post","3":"status-publish","4":"format-standard","5":"has-post-thumbnail","7":"category-airlines","8":"tag-airline","9":"tag-colombia-2","10":"tag-flights","11":"tag-venezuela-2","12":"tag-wingo-2"},"uagb_featured_image_src":{"full":["https:\/\/aviacionaldia.com\/wp-content\/uploads\/2026\/08\/Wingo-B737-800.webp",800,400,false],"thumbnail":["https:\/\/aviacionaldia.com\/wp-content\/uploads\/2026\/08\/Wingo-B737-800-150x150.webp",150,150,true],"medium":["https:\/\/aviacionaldia.com\/wp-content\/uploads\/2026\/08\/Wingo-B737-800-300x150.webp",300,150,true],"medium_large":["https:\/\/aviacionaldia.com\/wp-content\/uploads\/2026\/08\/Wingo-B737-800-768x384.webp",768,384,true],"large":["https:\/\/aviacionaldia.com\/wp-content\/uploads\/2026\/08\/Wingo-B737-800.webp",800,400,false],"1536x1536":["https:\/\/aviacionaldia.com\/wp-content\/uploads\/2026\/08\/Wingo-B737-800.webp",800,400,false],"2048x2048":["https:\/\/aviacionaldia.com\/wp-content\/uploads\/2026\/08\/Wingo-B737-800.webp",800,400,false],"pk-small":["https:\/\/aviacionaldia.com\/wp-content\/uploads\/2026\/08\/Wingo-B737-800-80x80.webp",80,80,true],"pk-thumbnail":["https:\/\/aviacionaldia.com\/wp-content\/uploads\/2026\/08\/Wingo-B737-800-300x225.webp",300,225,true],"csco-small":["https:\/\/aviacionaldia.com\/wp-content\/uploads\/2026\/08\/Wingo-B737-800-80x80.webp",80,80,true],"csco-intermediate":["https:\/\/aviacionaldia.com\/wp-content\/uploads\/2026\/08\/Wingo-B737-800-200x140.webp",200,140,true],"csco-thumbnail":["https:\/\/aviacionaldia.com\/wp-content\/uploads\/2026\/08\/Wingo-B737-800-380x220.webp",380,220,true],"csco-thumbnail-alternative":["https:\/\/aviacionaldia.com\/wp-content\/uploads\/2026\/08\/Wingo-B737-800-300x180.webp",300,180,true],"csco-thumbnail-uncropped":["https:\/\/aviacionaldia.com\/wp-content\/uploads\/2026\/08\/Wingo-B737-800-380x190.webp",380,190,true],"csco-medium":["https:\/\/aviacionaldia.com\/wp-content\/uploads\/2026\/08\/Wingo-B737-800.webp",800,400,false],"csco-medium-alternative":["https:\/\/aviacionaldia.com\/wp-content\/uploads\/2026\/08\/Wingo-B737-800-560x336.webp",560,336,true],"csco-medium-uncropped":["https:\/\/aviacionaldia.com\/wp-content\/uploads\/2026\/08\/Wingo-B737-800.webp",800,400,false],"csco-large":["https:\/\/aviacionaldia.com\/wp-content\/uploads\/2026\/08\/Wingo-B737-800.webp",800,400,false],"csco-large-uncropped":["https:\/\/aviacionaldia.com\/wp-content\/uploads\/2026\/08\/Wingo-B737-800.webp",800,400,false],"csco-extra-large":["https:\/\/aviacionaldia.com\/wp-content\/uploads\/2026\/08\/Wingo-B737-800.webp",800,400,false]},"uagb_author_info":{"display_name":"Redacci\u00f3n - Aviaci\u00f3n al D\u00eda","author_link":"https:\/\/aviacionaldia.com\/en\/author\/aad"},"uagb_comment_info":0,"uagb_excerpt":"Low-cost carrier Wingo has announced the resumption of its operations to Sim\u00f3n Bol\u00edvar International Airport in Maiquet\u00eda, serving&hellip;","amp_enabled":true,"_links":{"self":[{"href":"https:\/\/aviacionaldia.com\/en\/wp-json\/wp\/v2\/posts\/191681","targetHints":{"allow":["GET"]}}],"collection":[{"href":"https:\/\/aviacionaldia.com\/en\/wp-json\/wp\/v2\/posts"}],"about":[{"href":"https:\/\/aviacionaldia.com\/en\/wp-json\/wp\/v2\/types\/post"}],"author":[{"embeddable":true,"href":"https:\/\/aviacionaldia.com\/en\/wp-json\/wp\/v2\/users\/4316"}],"replies":[{"embeddable":true,"href":"https:\/\/aviacionaldia.com\/en\/wp-json\/wp\/v2\/comments?post=191681"}],"version-history":[{"count":1,"href":"https:\/\/aviacionaldia.com\/en\/wp-json\/wp\/v2\/posts\/191681\/revisions"}],"predecessor-version":[{"id":191682,"href":"https:\/\/aviacionaldia.com\/en\/wp-json\/wp\/v2\/posts\/191681\/revisions\/191682"}],"wp:featuredmedia":[{"embeddable":true,"href":"https:\/\/aviacionaldia.com\/en\/wp-json\/wp\/v2\/media\/191300"}],"wp:attachment":[{"href":"https:\/\/aviacionaldia.com\/en\/wp-json\/wp\/v2\/media?parent=191681"}],"wp:term":[{"taxonomy":"category","embeddable":true,"href":"https:\/\/aviacionaldia.com\/en\/wp-json\/wp\/v2\/categories?post=191681"},{"taxonomy":"post_tag","embeddable":true,"href":"https:\/\/aviacionaldia.com\/en\/wp-json\/wp\/v2\/tags?post=191681"}],"curies":[{"name":"wp","href":"https:\/\/api.w.org\/{rel}","templated":true}]}}