{"id":191683,"date":"2026-09-03T13:30:33","date_gmt":"2026-09-03T13:30:33","guid":{"rendered":"https:\/\/aviacionaldia.com\/?p=191683"},"modified":"2026-09-04T11:45:43","modified_gmt":"2026-09-04T11:45:43","slug":"air-canada-announces-new-international-routes-and-destinations-for-summer-2027","status":"publish","type":"post","link":"https:\/\/aviacionaldia.com\/en\/2026\/09\/air-canada-announces-new-international-routes-and-destinations-for-summer-2027.html","title":{"rendered":"Air Canada Announces New International Routes and Destinations for Summer 2027"},"content":{"rendered":"\n<p><strong>Air Canada <\/strong>has announced an ambitious global expansion plan that will add five new international destinations and seven additional routes, driven by the arrival of its Airbus A321XLRs and widebody aircraft.<\/p>\n\n\n\n<h2 class=\"wp-block-heading\">&#8220;New Frontiers&#8221; Strategy and Economic Impact on Canada<\/h2>\n\n\n\n<p>As part of its corporate strategy titled <em>New Frontiers<\/em>, Air Canada aims to position the North American nation as a pivotal hub for international passenger flows across Asia, Europe, and the Americas.<\/p>\n\n\n\n<p>For the summer 2027 season, the carrier projects operating over 125 international routes, offering up to 169,000 weekly seats across more than 85 destinations in the Transatlantic, Transpacific, Mexico, the Caribbean, Central America, and South America. This schedule represents an increase of over 8% in Available Seat Miles (ASMs) compared to summer 2026.<\/p>\n\n\n\n<p>According to company estimates, this operational expansion will generate more than 1,500 additional direct jobs by 2028 and boost the airline&#8217;s contribution to Canada&#8217;s Gross Domestic Product (GDP) by over $7 billion annually.<\/p>\n\n\n\n<p><strong><em>\u2192 <a href=\"https:\/\/aviacionaldia.com\/en\/2026\/08\/air-canada-sells-25-stake-in-aeroplan-loyalty-program-for-2-5-billion.html\">Air Canada Sells 25% Stake in Aeroplan Loyalty Program for $2.5 Billion<\/a><\/em><\/strong><\/p>\n\n\n\n<p>Furthermore, corporate management indicated that the gradual induction of new aircraft will enable further route network announcements and detailed operational updates regarding its Boeing 787-10 fleet in the coming months.<\/p>\n\n\n\n<h2 class=\"wp-block-heading\">Hub-by-Hub Expansion<\/h2>\n\n\n\n<p>The network expansion will be strategically distributed across the carrier&#8217;s three primary hubs:<\/p>\n\n\n\n<h3 class=\"wp-block-heading\">Vancouver Transpacific Hub<\/h3>\n\n\n\n<ul class=\"wp-block-list\">\n<li><strong>Guangzhou, China:<\/strong> Launch of year-round service from Vancouver International Airport. Air Canada becomes the sole North American carrier flying to this commercial and industrial hub in the Pearl River Delta. Operations will be carried out with the Boeing 787 Dreamliner fleet, featuring Air Canada Signature Class, Premium Economy, and Economy cabins. With this addition, the airline will operate up to 24 weekly frequencies to mainland China (Beijing, Shanghai, and Guangzhou).<\/li>\n<\/ul>\n\n\n\n<h3 class=\"wp-block-heading\">Toronto Global Hub<\/h3>\n\n\n\n<ul class=\"wp-block-list\">\n<li><strong>Oslo, Norway:<\/strong> Nonstop service positioning Air Canada as the only North American airline offering direct flights to Norway. The route will be operated with the new Airbus A321XLR fleet in a two-cabin configuration, featuring lie-flat seats in Air Canada Signature Class.<\/li>\n\n\n\n<li><strong>Shannon, Ireland:<\/strong> The carrier&#8217;s second Irish destination, complementing existing operations to Dublin. Also operated using Airbus A321XLR aircraft.<\/li>\n\n\n\n<li><strong>Nice, France:<\/strong> Direct connection operated with the Airbus A330-300 fleet, joining the existing Montreal\u2013Nice route to offer a combined daily frequency to the French Riviera.<\/li>\n\n\n\n<li><strong>Network Adjustments:<\/strong> Return of the London Heathrow <em>Daytripper<\/em> service, an increase to daily flights to Shanghai, and the conversion of the Guatemala City route to year-round operation starting in December.<\/li>\n<\/ul>\n\n\n\n<h3 class=\"wp-block-heading\">Montreal Transatlantic Hub<\/h3>\n\n\n\n<ul class=\"wp-block-list\">\n<li><strong>Basel, Switzerland:<\/strong> Air Canada will be the only Canadian carrier offering a lie-flat business class product to this financial and pharmaceutical center. With this addition, the airline becomes the sole North American carrier serving Switzerland&#8217;s top three cities (Zurich, Geneva, and Basel). The route will be operated with the Airbus A321XLR.<\/li>\n\n\n\n<li><strong>Dubrovnik, Croatia:<\/strong> A premium-leisure focused service operated with Boeing 787 Dreamliner aircraft.<\/li>\n\n\n\n<li><strong>Schedule Extensions:<\/strong> Routes from Montreal to Tenerife, Lima, and Guatemala City will transition to year-round operations.<\/li>\n<\/ul>\n\n\n\n<blockquote class=\"wp-block-quote is-layout-flow wp-block-quote-is-layout-flow\"><\/blockquote>\n\n\n\n<p>&#8220;Summer 2027 marks the most extensive intercontinental expansion in Air Canada&#8217;s history, strengthening our position as the second-largest North American carrier by international destinations served. [\u2026] Each of our five new destinations and schedule enhancements supports trade and tourism while unlocking new opportunities.&#8221;<br><strong>\u2014 <em>Mark Galardo, Executive Vice President, Chief Commercial Officer, and President of Cargo at Air Canada.<\/em><\/strong><\/p>\n\n\n\n<p>The entry into service of the Airbus A321XLR allows Air Canada to enter secondary, lower-density transatlantic markets with efficient unit costs and a competitive premium product, while optimizing its widebody fleet (Boeing 787 Dreamliners and Airbus A330-300s) for high-demand, long-haul trunk routes across Asia and Europe.<\/p>\n\n\n\n<h2 class=\"wp-block-heading\" id=\"related-topics\">Related Topics<\/h2>\n\n\n\n\t\t\t<div class=\"wp-block-uagb-post-grid uagb-post-grid  uagb-post__image-position-top uagb-post__image-enabled uagb-block-9e302684     uagb-post__items uagb-post__columns-2 is-grid uagb-post__columns-tablet-2 uagb-post__columns-mobile-1 uagb-post__equal-height\" data-total=\"223\" style=\"\">\n\n\t\t\t\t\t\t\t\t\t\t\t\t<article class=\"uagb-post__inner-wrap\">\t\t\t\t\t\t\t\t<div class='uagb-post__image'>\n\t\t\t\t\t\t\t\t\t<a href=\"https:\/\/aviacionaldia.com\/en\/2026\/09\/united-begins-gate-delivery-testing-for-food-and-essential-items-at-newark-airport.html\" target=\"_self\" rel=\"bookmark noopener noreferrer\" class='uagb-image-ratio-inherit'><img decoding=\"async\" width=\"800\" height=\"400\" src=\"https:\/\/aviacionaldia.com\/wp-content\/uploads\/2026\/09\/United-Airlines-Entregas-en-Puerta-de-Embarque.webp\" class=\"attachment-large size-large\" alt=\"\" srcset=\"https:\/\/aviacionaldia.com\/wp-content\/uploads\/2026\/09\/United-Airlines-Entregas-en-Puerta-de-Embarque.webp 800w, https:\/\/aviacionaldia.com\/wp-content\/uploads\/2026\/09\/United-Airlines-Entregas-en-Puerta-de-Embarque-300x150.webp 300w, https:\/\/aviacionaldia.com\/wp-content\/uploads\/2026\/09\/United-Airlines-Entregas-en-Puerta-de-Embarque-768x384.webp 768w, https:\/\/aviacionaldia.com\/wp-content\/uploads\/2026\/09\/United-Airlines-Entregas-en-Puerta-de-Embarque-380x190.webp 380w\" sizes=\"(max-width: 800px) 100vw, 800px\" \/>\t\t\t\t\t<\/a>\n\t\t\t\t\t\t\t<\/div>\n\t\t\t\t\t\t<h4 class=\"uagb-post__title uagb-post__text\">\n\t\t\t\t<a href=\"https:\/\/aviacionaldia.com\/en\/2026\/09\/united-begins-gate-delivery-testing-for-food-and-essential-items-at-newark-airport.html\" target=\"_self\" rel=\"bookmark noopener noreferrer\">United Begins Gate Delivery Testing for Food and Essential Items at Newark Airport<\/a>\n\t\t\t<\/h4>\n\t\t\t\t\t\t<div class='uagb-post__text uagb-post-grid-byline'>\n\t\t\t\t\t\t\t<\/div>\n\t\t\t\t\t\t<div class=\"uagb-post__text uagb-post__cta wp-block-button\">\n\t\t\t\t<a class=\"wp-block-button__link uagb-text-link\" style=\"\" href=\"https:\/\/aviacionaldia.com\/en\/2026\/09\/united-begins-gate-delivery-testing-for-food-and-essential-items-at-newark-airport.html\" target=\"_self\" rel=\"bookmark noopener noreferrer\">Read More<\/a>\n\t\t\t<\/div>\n\t\t\t\n\t\t\t\t\t\t\t\t\t<\/article>\n\t\t\t\t\t\t\t\t\t\t\t\t\t\t\t\t<article class=\"uagb-post__inner-wrap\">\t\t\t\t\t\t\t\t<div class='uagb-post__image'>\n\t\t\t\t\t\t\t\t\t<a href=\"https:\/\/aviacionaldia.com\/en\/2026\/09\/venezuela-maiquetia-airport-resumes-commercial-operations-via-temporary-terminals.html\" target=\"_self\" rel=\"bookmark noopener noreferrer\" class='uagb-image-ratio-inherit'><img decoding=\"async\" width=\"800\" height=\"400\" src=\"https:\/\/aviacionaldia.com\/wp-content\/uploads\/2026\/09\/Aeropuerto-de-Maiquetia-Terminales-temporales.webp\" class=\"attachment-large size-large\" alt=\"\" srcset=\"https:\/\/aviacionaldia.com\/wp-content\/uploads\/2026\/09\/Aeropuerto-de-Maiquetia-Terminales-temporales.webp 800w, https:\/\/aviacionaldia.com\/wp-content\/uploads\/2026\/09\/Aeropuerto-de-Maiquetia-Terminales-temporales-300x150.webp 300w, https:\/\/aviacionaldia.com\/wp-content\/uploads\/2026\/09\/Aeropuerto-de-Maiquetia-Terminales-temporales-768x384.webp 768w, https:\/\/aviacionaldia.com\/wp-content\/uploads\/2026\/09\/Aeropuerto-de-Maiquetia-Terminales-temporales-380x190.webp 380w\" sizes=\"(max-width: 800px) 100vw, 800px\" \/>\t\t\t\t\t<\/a>\n\t\t\t\t\t\t\t<\/div>\n\t\t\t\t\t\t<h4 class=\"uagb-post__title uagb-post__text\">\n\t\t\t\t<a href=\"https:\/\/aviacionaldia.com\/en\/2026\/09\/venezuela-maiquetia-airport-resumes-commercial-operations-via-temporary-terminals.html\" target=\"_self\" rel=\"bookmark noopener noreferrer\">Venezuela: Maiquet\u00eda Airport Resumes Commercial Operations via Temporary Terminals<\/a>\n\t\t\t<\/h4>\n\t\t\t\t\t\t<div class='uagb-post__text uagb-post-grid-byline'>\n\t\t\t\t\t\t\t<\/div>\n\t\t\t\t\t\t<div class=\"uagb-post__text uagb-post__cta wp-block-button\">\n\t\t\t\t<a class=\"wp-block-button__link uagb-text-link\" style=\"\" href=\"https:\/\/aviacionaldia.com\/en\/2026\/09\/venezuela-maiquetia-airport-resumes-commercial-operations-via-temporary-terminals.html\" target=\"_self\" rel=\"bookmark noopener noreferrer\">Read More<\/a>\n\t\t\t<\/div>\n\t\t\t\n\t\t\t\t\t\t\t\t\t<\/article>\n\t\t\t\t\t\t\t\t\t\t\t\t\t\t\t\t<article class=\"uagb-post__inner-wrap\">\t\t\t\t\t\t\t\t<div class='uagb-post__image'>\n\t\t\t\t\t\t\t\t\t<a href=\"https:\/\/aviacionaldia.com\/en\/2026\/08\/global-passenger-demand-rises-0-2-in-july-driven-by-europe-and-latin-america.html\" target=\"_self\" rel=\"bookmark noopener noreferrer\" class='uagb-image-ratio-inherit'><img decoding=\"async\" width=\"800\" height=\"400\" src=\"https:\/\/aviacionaldia.com\/wp-content\/uploads\/2022\/01\/aeropuerto-pasajeros.jpg\" class=\"attachment-large size-large\" alt=\"\" srcset=\"https:\/\/aviacionaldia.com\/wp-content\/uploads\/2022\/01\/aeropuerto-pasajeros.jpg 800w, https:\/\/aviacionaldia.com\/wp-content\/uploads\/2022\/01\/aeropuerto-pasajeros-300x150.jpg 300w, https:\/\/aviacionaldia.com\/wp-content\/uploads\/2022\/01\/aeropuerto-pasajeros-768x384.jpg 768w, https:\/\/aviacionaldia.com\/wp-content\/uploads\/2022\/01\/aeropuerto-pasajeros-380x190.jpg 380w\" sizes=\"(max-width: 800px) 100vw, 800px\" \/>\t\t\t\t\t<\/a>\n\t\t\t\t\t\t\t<\/div>\n\t\t\t\t\t\t<h4 class=\"uagb-post__title uagb-post__text\">\n\t\t\t\t<a href=\"https:\/\/aviacionaldia.com\/en\/2026\/08\/global-passenger-demand-rises-0-2-in-july-driven-by-europe-and-latin-america.html\" target=\"_self\" rel=\"bookmark noopener noreferrer\">Global Passenger Demand Rises 0.2% in July Driven by Europe and Latin America<\/a>\n\t\t\t<\/h4>\n\t\t\t\t\t\t<div class='uagb-post__text uagb-post-grid-byline'>\n\t\t\t\t\t\t\t<\/div>\n\t\t\t\t\t\t<div class=\"uagb-post__text uagb-post__cta wp-block-button\">\n\t\t\t\t<a class=\"wp-block-button__link uagb-text-link\" style=\"\" href=\"https:\/\/aviacionaldia.com\/en\/2026\/08\/global-passenger-demand-rises-0-2-in-july-driven-by-europe-and-latin-america.html\" target=\"_self\" rel=\"bookmark noopener noreferrer\">Read More<\/a>\n\t\t\t<\/div>\n\t\t\t\n\t\t\t\t\t\t\t\t\t<\/article>\n\t\t\t\t\t\t\t\t\t\t\t\t\t\t\t\t<article class=\"uagb-post__inner-wrap\">\t\t\t\t\t\t\t\t<div class='uagb-post__image'>\n\t\t\t\t\t\t\t\t\t<a href=\"https:\/\/aviacionaldia.com\/en\/2026\/08\/investigation-reveals-two-controllers-left-posts-prior-to-air-canada-aircraft-and-fire-truck-collision-at-laguardia.html\" target=\"_self\" rel=\"bookmark noopener noreferrer\" class='uagb-image-ratio-inherit'><img decoding=\"async\" width=\"800\" height=\"400\" src=\"https:\/\/aviacionaldia.com\/wp-content\/uploads\/2026\/03\/Accidente-de-avion-de-Air-Canada-Express-en-LaGuardia.webp\" class=\"attachment-large size-large\" alt=\"\" srcset=\"https:\/\/aviacionaldia.com\/wp-content\/uploads\/2026\/03\/Accidente-de-avion-de-Air-Canada-Express-en-LaGuardia.webp 800w, https:\/\/aviacionaldia.com\/wp-content\/uploads\/2026\/03\/Accidente-de-avion-de-Air-Canada-Express-en-LaGuardia-300x150.webp 300w, https:\/\/aviacionaldia.com\/wp-content\/uploads\/2026\/03\/Accidente-de-avion-de-Air-Canada-Express-en-LaGuardia-768x384.webp 768w, https:\/\/aviacionaldia.com\/wp-content\/uploads\/2026\/03\/Accidente-de-avion-de-Air-Canada-Express-en-LaGuardia-380x190.webp 380w\" sizes=\"(max-width: 800px) 100vw, 800px\" \/>\t\t\t\t\t<\/a>\n\t\t\t\t\t\t\t<\/div>\n\t\t\t\t\t\t<h4 class=\"uagb-post__title uagb-post__text\">\n\t\t\t\t<a href=\"https:\/\/aviacionaldia.com\/en\/2026\/08\/investigation-reveals-two-controllers-left-posts-prior-to-air-canada-aircraft-and-fire-truck-collision-at-laguardia.html\" target=\"_self\" rel=\"bookmark noopener noreferrer\">Investigation Reveals Two Controllers Left Posts Prior to Air Canada Aircraft and Fire Truck Collision at LaGuardia<\/a>\n\t\t\t<\/h4>\n\t\t\t\t\t\t<div class='uagb-post__text uagb-post-grid-byline'>\n\t\t\t\t\t\t\t<\/div>\n\t\t\t\t\t\t<div class=\"uagb-post__text uagb-post__cta wp-block-button\">\n\t\t\t\t<a class=\"wp-block-button__link uagb-text-link\" style=\"\" href=\"https:\/\/aviacionaldia.com\/en\/2026\/08\/investigation-reveals-two-controllers-left-posts-prior-to-air-canada-aircraft-and-fire-truck-collision-at-laguardia.html\" target=\"_self\" rel=\"bookmark noopener noreferrer\">Read More<\/a>\n\t\t\t<\/div>\n\t\t\t\n\t\t\t\t\t\t\t\t\t<\/article>\n\t\t\t\t\t\t\t\t\t\t\t<\/div>\n\t\t\t","protected":false},"excerpt":{"rendered":"Air Canada has announced an ambitious global expansion plan that will add five new international destinations and seven&hellip;\n","protected":false},"author":4316,"featured_media":113138,"comment_status":"open","ping_status":"closed","sticky":false,"template":"","format":"standard","meta":{"_uag_custom_page_level_css":"","footnotes":""},"categories":[1],"tags":[489,230,246,198],"class_list":{"0":"post-191683","1":"post","2":"type-post","3":"status-publish","4":"format-standard","5":"has-post-thumbnail","7":"category-airlines","8":"tag-air-canada-2","9":"tag-airline","10":"tag-canada","11":"tag-flights"},"uagb_featured_image_src":{"full":["https:\/\/aviacionaldia.com\/wp-content\/uploads\/2021\/07\/Air-Canada-B787-9.jpg",800,400,false],"thumbnail":["https:\/\/aviacionaldia.com\/wp-content\/uploads\/2021\/07\/Air-Canada-B787-9-150x150.jpg",150,150,true],"medium":["https:\/\/aviacionaldia.com\/wp-content\/uploads\/2021\/07\/Air-Canada-B787-9-300x150.jpg",300,150,true],"medium_large":["https:\/\/aviacionaldia.com\/wp-content\/uploads\/2021\/07\/Air-Canada-B787-9-768x384.jpg",768,384,true],"large":["https:\/\/aviacionaldia.com\/wp-content\/uploads\/2021\/07\/Air-Canada-B787-9.jpg",800,400,false],"1536x1536":["https:\/\/aviacionaldia.com\/wp-content\/uploads\/2021\/07\/Air-Canada-B787-9.jpg",800,400,false],"2048x2048":["https:\/\/aviacionaldia.com\/wp-content\/uploads\/2021\/07\/Air-Canada-B787-9.jpg",800,400,false],"pk-small":["https:\/\/aviacionaldia.com\/wp-content\/uploads\/2021\/07\/Air-Canada-B787-9.jpg",80,40,false],"pk-thumbnail":["https:\/\/aviacionaldia.com\/wp-content\/uploads\/2021\/07\/Air-Canada-B787-9.jpg",300,150,false],"csco-small":["https:\/\/aviacionaldia.com\/wp-content\/uploads\/2021\/07\/Air-Canada-B787-9-80x80.jpg",80,80,true],"csco-intermediate":["https:\/\/aviacionaldia.com\/wp-content\/uploads\/2021\/07\/Air-Canada-B787-9-200x140.jpg",200,140,true],"csco-thumbnail":["https:\/\/aviacionaldia.com\/wp-content\/uploads\/2021\/07\/Air-Canada-B787-9-380x220.jpg",380,220,true],"csco-thumbnail-alternative":["https:\/\/aviacionaldia.com\/wp-content\/uploads\/2021\/07\/Air-Canada-B787-9-300x180.jpg",300,180,true],"csco-thumbnail-uncropped":["https:\/\/aviacionaldia.com\/wp-content\/uploads\/2021\/07\/Air-Canada-B787-9-380x190.jpg",380,190,true],"csco-medium":["https:\/\/aviacionaldia.com\/wp-content\/uploads\/2021\/07\/Air-Canada-B787-9.jpg",800,400,false],"csco-medium-alternative":["https:\/\/aviacionaldia.com\/wp-content\/uploads\/2021\/07\/Air-Canada-B787-9-560x336.jpg",560,336,true],"csco-medium-uncropped":["https:\/\/aviacionaldia.com\/wp-content\/uploads\/2021\/07\/Air-Canada-B787-9.jpg",800,400,false],"csco-large":["https:\/\/aviacionaldia.com\/wp-content\/uploads\/2021\/07\/Air-Canada-B787-9.jpg",800,400,false],"csco-large-uncropped":["https:\/\/aviacionaldia.com\/wp-content\/uploads\/2021\/07\/Air-Canada-B787-9.jpg",800,400,false],"csco-extra-large":["https:\/\/aviacionaldia.com\/wp-content\/uploads\/2021\/07\/Air-Canada-B787-9.jpg",800,400,false]},"uagb_author_info":{"display_name":"Redacci\u00f3n - Aviaci\u00f3n al D\u00eda","author_link":"https:\/\/aviacionaldia.com\/en\/author\/aad"},"uagb_comment_info":0,"uagb_excerpt":"Air Canada has announced an ambitious global expansion plan that will add five new international destinations and seven&hellip;","amp_enabled":true,"_links":{"self":[{"href":"https:\/\/aviacionaldia.com\/en\/wp-json\/wp\/v2\/posts\/191683","targetHints":{"allow":["GET"]}}],"collection":[{"href":"https:\/\/aviacionaldia.com\/en\/wp-json\/wp\/v2\/posts"}],"about":[{"href":"https:\/\/aviacionaldia.com\/en\/wp-json\/wp\/v2\/types\/post"}],"author":[{"embeddable":true,"href":"https:\/\/aviacionaldia.com\/en\/wp-json\/wp\/v2\/users\/4316"}],"replies":[{"embeddable":true,"href":"https:\/\/aviacionaldia.com\/en\/wp-json\/wp\/v2\/comments?post=191683"}],"version-history":[{"count":1,"href":"https:\/\/aviacionaldia.com\/en\/wp-json\/wp\/v2\/posts\/191683\/revisions"}],"predecessor-version":[{"id":191684,"href":"https:\/\/aviacionaldia.com\/en\/wp-json\/wp\/v2\/posts\/191683\/revisions\/191684"}],"wp:featuredmedia":[{"embeddable":true,"href":"https:\/\/aviacionaldia.com\/en\/wp-json\/wp\/v2\/media\/113138"}],"wp:attachment":[{"href":"https:\/\/aviacionaldia.com\/en\/wp-json\/wp\/v2\/media?parent=191683"}],"wp:term":[{"taxonomy":"category","embeddable":true,"href":"https:\/\/aviacionaldia.com\/en\/wp-json\/wp\/v2\/categories?post=191683"},{"taxonomy":"post_tag","embeddable":true,"href":"https:\/\/aviacionaldia.com\/en\/wp-json\/wp\/v2\/tags?post=191683"}],"curies":[{"name":"wp","href":"https:\/\/api.w.org\/{rel}","templated":true}]}}