{"id":191687,"date":"2026-09-03T14:30:11","date_gmt":"2026-09-03T14:30:11","guid":{"rendered":"https:\/\/aviacionaldia.com\/?p=191687"},"modified":"2026-09-04T11:54:39","modified_gmt":"2026-09-04T11:54:39","slug":"boeing-pays-3-1-million-faa-fine-over-multiple-safety-violations","status":"publish","type":"post","link":"https:\/\/aviacionaldia.com\/en\/2026\/09\/boeing-pays-3-1-million-faa-fine-over-multiple-safety-violations.html","title":{"rendered":"Boeing Pays $3.1 Million FAA Fine over Multiple Safety Violations"},"content":{"rendered":"\n<p><strong>Boeing <\/strong>has remitted a $3.1 million financial penalty imposed by the U.S. Federal Aviation Administration (FAA). The enforcement action stems from a series of safety regulation violations and interference with aircraft certification processes, including actions linked to the 2024 Alaska Airlines 737 MAX 9 in-flight emergency.<\/p>\n\n\n\n<h2 class=\"wp-block-heading\">Penalty Details and Identified Non-Conformities<\/h2>\n\n\n\n<p>The FAA confirmed that the total penalty amount\u2014originally issued in September 2025\u2014was formally paid by the company in January of this year, a detail that had not been previously made public. The manufacturer itself confirmed the payment was completed.<\/p>\n\n\n\n<p><strong><em>\u2192 <a href=\"https:\/\/aviacionaldia.com\/en\/2026\/08\/faa-mandates-inspections-for-select-boeing-787s-over-potential-structural-defects.html\">FAA Mandates Inspections for Select Boeing 787s Over Potential Structural Defects<\/a><\/em><\/strong><\/p>\n\n\n\n<p>Among the key findings reported by the U.S. aviation authority:<\/p>\n\n\n\n<ul class=\"wp-block-list\">\n<li><strong>Interference with Inspector Independence:<\/strong> It was determined that a company employee pressured a colleague, who was performing duties on behalf of the regulator, to sign off on a 737 MAX to meet delivery schedules, despite the worker having determined the aircraft failed to meet regulatory standards.<\/li>\n\n\n\n<li><strong>Submission of Non-Conforming Aircraft:<\/strong> The manufacturer submitted two aircraft to the regulatory authority for approval that were not in airworthy condition.<\/li>\n\n\n\n<li><strong>Systemic Quality Failures:<\/strong> Audits conducted between September 2023 and February 2024 revealed hundreds of quality management system violations at the 737 assembly plant in Renton, Washington, as well as at fuselage supplier Spirit AeroSystems&#8217; facility in Wichita, Kansas.<\/li>\n<\/ul>\n\n\n\n<h2 class=\"wp-block-heading\">Production Impact and Political Fallout<\/h2>\n\n\n\n<p>The Alaska Airlines incident, caused by four missing key bolts on a 737 MAX 9, severely damaged the manufacturer&#8217;s reputation. The event led to the temporary grounding of the MAX 9 fleet and a regulatory cap limiting production to 38 aircraft per month, a restriction that was lifted in October 2025.<\/p>\n\n\n\n<p>Subsequently, in July, the regulatory agency reauthorized the airframer to issue airworthiness certificates for all 737 MAX and 787 models, following months of safety reviews and data demonstrating consistent manufacturing quality.<\/p>\n\n\n\n<h2 class=\"wp-block-heading\" id=\"related-topics\">Related Topics<\/h2>\n\n\n\n\t\t\t<div class=\"wp-block-uagb-post-grid uagb-post-grid  uagb-post__image-position-top uagb-post__image-enabled uagb-block-9e302684     uagb-post__items uagb-post__columns-2 is-grid uagb-post__columns-tablet-2 uagb-post__columns-mobile-1 uagb-post__equal-height\" data-total=\"555\" style=\"\">\n\n\t\t\t\t\t\t\t\t\t\t\t\t<article class=\"uagb-post__inner-wrap\">\t\t\t\t\t\t\t\t<div class='uagb-post__image'>\n\t\t\t\t\t\t\t\t\t<a href=\"https:\/\/aviacionaldia.com\/en\/2026\/09\/ryanair-trims-passenger-targets-and-warns-of-fuel-cost-impact-in-europe.html\" target=\"_self\" rel=\"bookmark noopener noreferrer\" class='uagb-image-ratio-inherit'><img decoding=\"async\" width=\"800\" height=\"400\" src=\"https:\/\/aviacionaldia.com\/wp-content\/uploads\/2021\/07\/Ryanair-B737-800.jpg\" class=\"attachment-large size-large\" alt=\"\" srcset=\"https:\/\/aviacionaldia.com\/wp-content\/uploads\/2021\/07\/Ryanair-B737-800.jpg 800w, https:\/\/aviacionaldia.com\/wp-content\/uploads\/2021\/07\/Ryanair-B737-800-300x150.jpg 300w, https:\/\/aviacionaldia.com\/wp-content\/uploads\/2021\/07\/Ryanair-B737-800-768x384.jpg 768w, https:\/\/aviacionaldia.com\/wp-content\/uploads\/2021\/07\/Ryanair-B737-800-380x190.jpg 380w\" sizes=\"(max-width: 800px) 100vw, 800px\" \/>\t\t\t\t\t<\/a>\n\t\t\t\t\t\t\t<\/div>\n\t\t\t\t\t\t<h4 class=\"uagb-post__title uagb-post__text\">\n\t\t\t\t<a href=\"https:\/\/aviacionaldia.com\/en\/2026\/09\/ryanair-trims-passenger-targets-and-warns-of-fuel-cost-impact-in-europe.html\" target=\"_self\" rel=\"bookmark noopener noreferrer\">Ryanair Trims Passenger Targets and Warns of Fuel Cost Impact in Europe<\/a>\n\t\t\t<\/h4>\n\t\t\t\t\t\t<div class='uagb-post__text uagb-post-grid-byline'>\n\t\t\t\t\t\t\t<\/div>\n\t\t\t\t\t\t<div class=\"uagb-post__text uagb-post__cta wp-block-button\">\n\t\t\t\t<a class=\"wp-block-button__link uagb-text-link\" style=\"\" href=\"https:\/\/aviacionaldia.com\/en\/2026\/09\/ryanair-trims-passenger-targets-and-warns-of-fuel-cost-impact-in-europe.html\" target=\"_self\" rel=\"bookmark noopener noreferrer\">Read More<\/a>\n\t\t\t<\/div>\n\t\t\t\n\t\t\t\t\t\t\t\t\t<\/article>\n\t\t\t\t\t\t\t\t\t\t\t\t\t\t\t\t<article class=\"uagb-post__inner-wrap\">\t\t\t\t\t\t\t\t<div class='uagb-post__image'>\n\t\t\t\t\t\t\t\t\t<a href=\"https:\/\/aviacionaldia.com\/en\/2026\/09\/espacio-iberia-airlines-immersive-experience-returns-to-madrid-featuring-flight-simulators-gastronomy-and-ai-technology.html\" target=\"_self\" rel=\"bookmark noopener noreferrer\" class='uagb-image-ratio-inherit'><img decoding=\"async\" width=\"800\" height=\"400\" src=\"https:\/\/aviacionaldia.com\/wp-content\/uploads\/2026\/09\/Espacio-Iberia-Madrid-2026.webp\" class=\"attachment-large size-large\" alt=\"\" srcset=\"https:\/\/aviacionaldia.com\/wp-content\/uploads\/2026\/09\/Espacio-Iberia-Madrid-2026.webp 800w, https:\/\/aviacionaldia.com\/wp-content\/uploads\/2026\/09\/Espacio-Iberia-Madrid-2026-300x150.webp 300w, https:\/\/aviacionaldia.com\/wp-content\/uploads\/2026\/09\/Espacio-Iberia-Madrid-2026-768x384.webp 768w, https:\/\/aviacionaldia.com\/wp-content\/uploads\/2026\/09\/Espacio-Iberia-Madrid-2026-380x190.webp 380w\" sizes=\"(max-width: 800px) 100vw, 800px\" \/>\t\t\t\t\t<\/a>\n\t\t\t\t\t\t\t<\/div>\n\t\t\t\t\t\t<h4 class=\"uagb-post__title uagb-post__text\">\n\t\t\t\t<a href=\"https:\/\/aviacionaldia.com\/en\/2026\/09\/espacio-iberia-airlines-immersive-experience-returns-to-madrid-featuring-flight-simulators-gastronomy-and-ai-technology.html\" target=\"_self\" rel=\"bookmark noopener noreferrer\">Espacio Iberia: Airline&#8217;s Immersive Experience Returns to Madrid Featuring Flight Simulators, Gastronomy, and AI Technology<\/a>\n\t\t\t<\/h4>\n\t\t\t\t\t\t<div class='uagb-post__text uagb-post-grid-byline'>\n\t\t\t\t\t\t\t<\/div>\n\t\t\t\t\t\t<div class=\"uagb-post__text uagb-post__cta wp-block-button\">\n\t\t\t\t<a class=\"wp-block-button__link uagb-text-link\" style=\"\" href=\"https:\/\/aviacionaldia.com\/en\/2026\/09\/espacio-iberia-airlines-immersive-experience-returns-to-madrid-featuring-flight-simulators-gastronomy-and-ai-technology.html\" target=\"_self\" rel=\"bookmark noopener noreferrer\">Read More<\/a>\n\t\t\t<\/div>\n\t\t\t\n\t\t\t\t\t\t\t\t\t<\/article>\n\t\t\t\t\t\t\t\t\t\t\t\t\t\t\t\t<article class=\"uagb-post__inner-wrap\">\t\t\t\t\t\t\t\t<div class='uagb-post__image'>\n\t\t\t\t\t\t\t\t\t<a href=\"https:\/\/aviacionaldia.com\/en\/2026\/09\/air-france-unveils-its-new-vip-lounge-at-frankfurt-airport.html\" target=\"_self\" rel=\"bookmark noopener noreferrer\" class='uagb-image-ratio-inherit'><img decoding=\"async\" width=\"800\" height=\"400\" src=\"https:\/\/aviacionaldia.com\/wp-content\/uploads\/2026\/09\/Air-France-nueva-sala-VIP-en-el-aeropuerto-de-Frankfurt.webp\" class=\"attachment-large size-large\" alt=\"\" srcset=\"https:\/\/aviacionaldia.com\/wp-content\/uploads\/2026\/09\/Air-France-nueva-sala-VIP-en-el-aeropuerto-de-Frankfurt.webp 800w, https:\/\/aviacionaldia.com\/wp-content\/uploads\/2026\/09\/Air-France-nueva-sala-VIP-en-el-aeropuerto-de-Frankfurt-300x150.webp 300w, https:\/\/aviacionaldia.com\/wp-content\/uploads\/2026\/09\/Air-France-nueva-sala-VIP-en-el-aeropuerto-de-Frankfurt-768x384.webp 768w, https:\/\/aviacionaldia.com\/wp-content\/uploads\/2026\/09\/Air-France-nueva-sala-VIP-en-el-aeropuerto-de-Frankfurt-380x190.webp 380w\" sizes=\"(max-width: 800px) 100vw, 800px\" \/>\t\t\t\t\t<\/a>\n\t\t\t\t\t\t\t<\/div>\n\t\t\t\t\t\t<h4 class=\"uagb-post__title uagb-post__text\">\n\t\t\t\t<a href=\"https:\/\/aviacionaldia.com\/en\/2026\/09\/air-france-unveils-its-new-vip-lounge-at-frankfurt-airport.html\" target=\"_self\" rel=\"bookmark noopener noreferrer\">Air France Unveils Its New VIP Lounge at Frankfurt Airport<\/a>\n\t\t\t<\/h4>\n\t\t\t\t\t\t<div class='uagb-post__text uagb-post-grid-byline'>\n\t\t\t\t\t\t\t<\/div>\n\t\t\t\t\t\t<div class=\"uagb-post__text uagb-post__cta wp-block-button\">\n\t\t\t\t<a class=\"wp-block-button__link uagb-text-link\" style=\"\" href=\"https:\/\/aviacionaldia.com\/en\/2026\/09\/air-france-unveils-its-new-vip-lounge-at-frankfurt-airport.html\" target=\"_self\" rel=\"bookmark noopener noreferrer\">Read More<\/a>\n\t\t\t<\/div>\n\t\t\t\n\t\t\t\t\t\t\t\t\t<\/article>\n\t\t\t\t\t\t\t\t\t\t\t\t\t\t\t\t<article class=\"uagb-post__inner-wrap\">\t\t\t\t\t\t\t\t<div class='uagb-post__image'>\n\t\t\t\t\t\t\t\t\t<a href=\"https:\/\/aviacionaldia.com\/en\/2026\/09\/sas-completes-fleet-wide-starlink-installation-on-airbus-a320neo-in-record-time.html\" target=\"_self\" rel=\"bookmark noopener noreferrer\" class='uagb-image-ratio-inherit'><img decoding=\"async\" width=\"800\" height=\"400\" src=\"https:\/\/aviacionaldia.com\/wp-content\/uploads\/2025\/05\/SAS-Airbus-a320.webp\" class=\"attachment-large size-large\" alt=\"\" srcset=\"https:\/\/aviacionaldia.com\/wp-content\/uploads\/2025\/05\/SAS-Airbus-a320.webp 800w, https:\/\/aviacionaldia.com\/wp-content\/uploads\/2025\/05\/SAS-Airbus-a320-300x150.webp 300w, https:\/\/aviacionaldia.com\/wp-content\/uploads\/2025\/05\/SAS-Airbus-a320-768x384.webp 768w, https:\/\/aviacionaldia.com\/wp-content\/uploads\/2025\/05\/SAS-Airbus-a320-380x190.webp 380w\" sizes=\"(max-width: 800px) 100vw, 800px\" \/>\t\t\t\t\t<\/a>\n\t\t\t\t\t\t\t<\/div>\n\t\t\t\t\t\t<h4 class=\"uagb-post__title uagb-post__text\">\n\t\t\t\t<a href=\"https:\/\/aviacionaldia.com\/en\/2026\/09\/sas-completes-fleet-wide-starlink-installation-on-airbus-a320neo-in-record-time.html\" target=\"_self\" rel=\"bookmark noopener noreferrer\">SAS Completes Fleet-Wide Starlink Installation on Airbus A320neo in Record Time<\/a>\n\t\t\t<\/h4>\n\t\t\t\t\t\t<div class='uagb-post__text uagb-post-grid-byline'>\n\t\t\t\t\t\t\t<\/div>\n\t\t\t\t\t\t<div class=\"uagb-post__text uagb-post__cta wp-block-button\">\n\t\t\t\t<a class=\"wp-block-button__link uagb-text-link\" style=\"\" href=\"https:\/\/aviacionaldia.com\/en\/2026\/09\/sas-completes-fleet-wide-starlink-installation-on-airbus-a320neo-in-record-time.html\" target=\"_self\" rel=\"bookmark noopener noreferrer\">Read More<\/a>\n\t\t\t<\/div>\n\t\t\t\n\t\t\t\t\t\t\t\t\t<\/article>\n\t\t\t\t\t\t\t\t\t\t\t<\/div>\n\t\t\t","protected":false},"excerpt":{"rendered":"Boeing has remitted a $3.1 million financial penalty imposed by the U.S. Federal Aviation Administration (FAA). The enforcement&hellip;\n","protected":false},"author":4316,"featured_media":146771,"comment_status":"open","ping_status":"closed","sticky":false,"template":"","format":"standard","meta":{"_uag_custom_page_level_css":"","footnotes":""},"categories":[190],"tags":[220,451,221],"class_list":{"0":"post-191687","1":"post","2":"type-post","3":"status-publish","4":"format-standard","5":"has-post-thumbnail","7":"category-the-industry","8":"tag-boeing-2","9":"tag-faa-2","10":"tag-usa"},"uagb_featured_image_src":{"full":["https:\/\/aviacionaldia.com\/wp-content\/uploads\/2024\/01\/Alaska-Airlines-Incidente.jpg",800,400,false],"thumbnail":["https:\/\/aviacionaldia.com\/wp-content\/uploads\/2024\/01\/Alaska-Airlines-Incidente-150x150.jpg",150,150,true],"medium":["https:\/\/aviacionaldia.com\/wp-content\/uploads\/2024\/01\/Alaska-Airlines-Incidente-300x150.jpg",300,150,true],"medium_large":["https:\/\/aviacionaldia.com\/wp-content\/uploads\/2024\/01\/Alaska-Airlines-Incidente-768x384.jpg",768,384,true],"large":["https:\/\/aviacionaldia.com\/wp-content\/uploads\/2024\/01\/Alaska-Airlines-Incidente.jpg",800,400,false],"1536x1536":["https:\/\/aviacionaldia.com\/wp-content\/uploads\/2024\/01\/Alaska-Airlines-Incidente.jpg",800,400,false],"2048x2048":["https:\/\/aviacionaldia.com\/wp-content\/uploads\/2024\/01\/Alaska-Airlines-Incidente.jpg",800,400,false],"pk-small":["https:\/\/aviacionaldia.com\/wp-content\/uploads\/2024\/01\/Alaska-Airlines-Incidente.jpg",80,40,false],"pk-thumbnail":["https:\/\/aviacionaldia.com\/wp-content\/uploads\/2024\/01\/Alaska-Airlines-Incidente.jpg",300,150,false],"csco-small":["https:\/\/aviacionaldia.com\/wp-content\/uploads\/2024\/01\/Alaska-Airlines-Incidente-80x80.jpg",80,80,true],"csco-intermediate":["https:\/\/aviacionaldia.com\/wp-content\/uploads\/2024\/01\/Alaska-Airlines-Incidente-200x140.jpg",200,140,true],"csco-thumbnail":["https:\/\/aviacionaldia.com\/wp-content\/uploads\/2024\/01\/Alaska-Airlines-Incidente-380x220.jpg",380,220,true],"csco-thumbnail-alternative":["https:\/\/aviacionaldia.com\/wp-content\/uploads\/2024\/01\/Alaska-Airlines-Incidente-300x180.jpg",300,180,true],"csco-thumbnail-uncropped":["https:\/\/aviacionaldia.com\/wp-content\/uploads\/2024\/01\/Alaska-Airlines-Incidente-380x190.jpg",380,190,true],"csco-medium":["https:\/\/aviacionaldia.com\/wp-content\/uploads\/2024\/01\/Alaska-Airlines-Incidente.jpg",800,400,false],"csco-medium-alternative":["https:\/\/aviacionaldia.com\/wp-content\/uploads\/2024\/01\/Alaska-Airlines-Incidente-560x336.jpg",560,336,true],"csco-medium-uncropped":["https:\/\/aviacionaldia.com\/wp-content\/uploads\/2024\/01\/Alaska-Airlines-Incidente.jpg",800,400,false],"csco-large":["https:\/\/aviacionaldia.com\/wp-content\/uploads\/2024\/01\/Alaska-Airlines-Incidente.jpg",800,400,false],"csco-large-uncropped":["https:\/\/aviacionaldia.com\/wp-content\/uploads\/2024\/01\/Alaska-Airlines-Incidente.jpg",800,400,false],"csco-extra-large":["https:\/\/aviacionaldia.com\/wp-content\/uploads\/2024\/01\/Alaska-Airlines-Incidente.jpg",800,400,false]},"uagb_author_info":{"display_name":"Redacci\u00f3n - Aviaci\u00f3n al D\u00eda","author_link":"https:\/\/aviacionaldia.com\/en\/author\/aad"},"uagb_comment_info":0,"uagb_excerpt":"Boeing has remitted a $3.1 million financial penalty imposed by the U.S. Federal Aviation Administration (FAA). The enforcement&hellip;","amp_enabled":true,"_links":{"self":[{"href":"https:\/\/aviacionaldia.com\/en\/wp-json\/wp\/v2\/posts\/191687","targetHints":{"allow":["GET"]}}],"collection":[{"href":"https:\/\/aviacionaldia.com\/en\/wp-json\/wp\/v2\/posts"}],"about":[{"href":"https:\/\/aviacionaldia.com\/en\/wp-json\/wp\/v2\/types\/post"}],"author":[{"embeddable":true,"href":"https:\/\/aviacionaldia.com\/en\/wp-json\/wp\/v2\/users\/4316"}],"replies":[{"embeddable":true,"href":"https:\/\/aviacionaldia.com\/en\/wp-json\/wp\/v2\/comments?post=191687"}],"version-history":[{"count":1,"href":"https:\/\/aviacionaldia.com\/en\/wp-json\/wp\/v2\/posts\/191687\/revisions"}],"predecessor-version":[{"id":191688,"href":"https:\/\/aviacionaldia.com\/en\/wp-json\/wp\/v2\/posts\/191687\/revisions\/191688"}],"wp:featuredmedia":[{"embeddable":true,"href":"https:\/\/aviacionaldia.com\/en\/wp-json\/wp\/v2\/media\/146771"}],"wp:attachment":[{"href":"https:\/\/aviacionaldia.com\/en\/wp-json\/wp\/v2\/media?parent=191687"}],"wp:term":[{"taxonomy":"category","embeddable":true,"href":"https:\/\/aviacionaldia.com\/en\/wp-json\/wp\/v2\/categories?post=191687"},{"taxonomy":"post_tag","embeddable":true,"href":"https:\/\/aviacionaldia.com\/en\/wp-json\/wp\/v2\/tags?post=191687"}],"curies":[{"name":"wp","href":"https:\/\/api.w.org\/{rel}","templated":true}]}}