{"id":191689,"date":"2026-09-03T15:00:46","date_gmt":"2026-09-03T15:00:46","guid":{"rendered":"https:\/\/aviacionaldia.com\/?p=191689"},"modified":"2026-09-04T12:00:08","modified_gmt":"2026-09-04T12:00:08","slug":"airbus-forced-to-slow-a330neo-deliveries-after-finding-tool-inside-aircrafts-horizontal-stabilizer","status":"publish","type":"post","link":"https:\/\/aviacionaldia.com\/en\/2026\/09\/airbus-forced-to-slow-a330neo-deliveries-after-finding-tool-inside-aircrafts-horizontal-stabilizer.html","title":{"rendered":"Airbus Forced to Slow A330neo Deliveries After Finding Tool Inside Aircraft\u2019s Horizontal Stabilizer"},"content":{"rendered":"\n<p>European planemaker <strong>Airbus<\/strong> was forced to slow down deliveries of its <strong>A330neo<\/strong> model over the summer after discovering a loose tool in the tail section of an aircraft during production. The event temporarily disrupted delivery flows for the widebody jet while safety inspections were conducted across the entire assembly line.<\/p>\n\n\n\n<h2 class=\"wp-block-heading\">An Isolated Quality Issue Detected During Pre-Delivery Inspection<\/h2>\n\n\n\n<p>The incident came to light during a pre-delivery inspection when a tool was identified inside the aircraft&#8217;s structure. Specifically, the finding occurred within the horizontal stabilizer\u2014the component responsible for controlling the aircraft\u2019s pitch attitude.<\/p>\n\n\n\n<p>In a statement issued via email, the company confirmed the situation:<\/p>\n\n\n\n<p>&#8220;We confirm that we recently identified an isolated quality issue on an A330 horizontal tailplane. This led us to inspect A330s in the production process, slowing monthly deliveries over the summer. The root cause has been identified and A330 deliveries have resumed.&#8221;<\/p>\n\n\n\n<p>Although production of the horizontal stabilizer takes place at Airbus facilities in Spain, the company did not specify the exact location of the aircraft when the object was left or discovered. Additionally, a source familiar with the matter clarified that this incident is unrelated to the recent wave of strikes recorded across the Spanish plants.<\/p>\n\n\n\n<p><strong><em>\u2192 <a href=\"https:\/\/aviacionaldia.com\/en\/2026\/08\/qantas-to-advance-airbus-a380-fleet-retirement-to-mid-2028.html\">Qantas to Advance Airbus A380 Fleet Retirement to Mid-2028<\/a><\/em><\/strong><\/p>\n\n\n\n<h2 class=\"wp-block-heading\">Impact on Summer Delivery Figures<\/h2>\n\n\n\n<p>The verification and inspection process completely halted commercial delivery flows for the model through mid-summer:<\/p>\n\n\n\n<ul class=\"wp-block-list\">\n<li><strong>June:<\/strong> 0 A330 deliveries.<\/li>\n\n\n\n<li><strong>July:<\/strong> 0 A330 deliveries.<\/li>\n\n\n\n<li><strong>August:<\/strong> Projected delivery of a single A330.<\/li>\n<\/ul>\n\n\n\n<h2 class=\"wp-block-heading\">Risk of Foreign Object Damage in the Aerospace Industry<\/h2>\n\n\n\n<p>The discovery falls under the category of Foreign Object Damage (FOD)\u2014a technical concept encompassing tools, rags, or other items left unintentionally in improper locations during manufacturing or maintenance phases.<\/p>\n\n\n\n<p>To mitigate these risks, the aviation industry has implemented advanced monitoring technologies:<\/p>\n\n\n\n<ul class=\"wp-block-list\">\n<li>Radio-Frequency Identification (RFID).<\/li>\n\n\n\n<li>Internet-connected tools for real-time inventory tracking and control.<\/li>\n<\/ul>\n\n\n\n<p>The operational safety risk posed by these events was recently highlighted by the Australian Transport Safety Bureau (ATSB) in a report on a maintenance failure involving an in-service aircraft, warning that the presence of FOD can severely compromise the safe operation of an aircraft.<\/p>\n\n\n\n<h2 class=\"wp-block-heading\">Normalization of Operations<\/h2>\n\n\n\n<p>After identifying the root cause of the issue and completing the required inspections on assembly-line aircraft, Airbus confirmed that deliveries for the A330 family have formally resumed, putting an end to the logistical disruption.<\/p>\n\n\n\n<h2 class=\"wp-block-heading\" id=\"related-topics\">Related Topics<\/h2>\n\n\n\n\t\t\t<div class=\"wp-block-uagb-post-grid uagb-post-grid  uagb-post__image-position-top uagb-post__image-enabled uagb-block-9e302684     uagb-post__items uagb-post__columns-2 is-grid uagb-post__columns-tablet-2 uagb-post__columns-mobile-1 uagb-post__equal-height\" data-total=\"214\" style=\"\">\n\n\t\t\t\t\t\t\t\t\t\t\t\t<article class=\"uagb-post__inner-wrap\">\t\t\t\t\t\t\t\t<div class='uagb-post__image'>\n\t\t\t\t\t\t\t\t\t<a href=\"https:\/\/aviacionaldia.com\/en\/2026\/09\/boeing-pays-3-1-million-faa-fine-over-multiple-safety-violations.html\" target=\"_self\" rel=\"bookmark noopener noreferrer\" class='uagb-image-ratio-inherit'><img decoding=\"async\" width=\"800\" height=\"400\" src=\"https:\/\/aviacionaldia.com\/wp-content\/uploads\/2024\/01\/Alaska-Airlines-Incidente.jpg\" class=\"attachment-large size-large\" alt=\"\" srcset=\"https:\/\/aviacionaldia.com\/wp-content\/uploads\/2024\/01\/Alaska-Airlines-Incidente.jpg 800w, https:\/\/aviacionaldia.com\/wp-content\/uploads\/2024\/01\/Alaska-Airlines-Incidente-300x150.jpg 300w, https:\/\/aviacionaldia.com\/wp-content\/uploads\/2024\/01\/Alaska-Airlines-Incidente-768x384.jpg 768w, https:\/\/aviacionaldia.com\/wp-content\/uploads\/2024\/01\/Alaska-Airlines-Incidente-380x190.jpg 380w\" sizes=\"(max-width: 800px) 100vw, 800px\" \/>\t\t\t\t\t<\/a>\n\t\t\t\t\t\t\t<\/div>\n\t\t\t\t\t\t<h4 class=\"uagb-post__title uagb-post__text\">\n\t\t\t\t<a href=\"https:\/\/aviacionaldia.com\/en\/2026\/09\/boeing-pays-3-1-million-faa-fine-over-multiple-safety-violations.html\" target=\"_self\" rel=\"bookmark noopener noreferrer\">Boeing Pays $3.1 Million FAA Fine over Multiple Safety Violations<\/a>\n\t\t\t<\/h4>\n\t\t\t\t\t\t<div class='uagb-post__text uagb-post-grid-byline'>\n\t\t\t\t\t\t\t<\/div>\n\t\t\t\t\t\t<div class=\"uagb-post__text uagb-post__cta wp-block-button\">\n\t\t\t\t<a class=\"wp-block-button__link uagb-text-link\" style=\"\" href=\"https:\/\/aviacionaldia.com\/en\/2026\/09\/boeing-pays-3-1-million-faa-fine-over-multiple-safety-violations.html\" target=\"_self\" rel=\"bookmark noopener noreferrer\">Read More<\/a>\n\t\t\t<\/div>\n\t\t\t\n\t\t\t\t\t\t\t\t\t<\/article>\n\t\t\t\t\t\t\t\t\t\t\t\t\t\t\t\t<article class=\"uagb-post__inner-wrap\">\t\t\t\t\t\t\t\t<div class='uagb-post__image'>\n\t\t\t\t\t\t\t\t\t<a href=\"https:\/\/aviacionaldia.com\/en\/2026\/08\/faa-mandates-inspections-for-select-boeing-787s-over-potential-structural-defects.html\" target=\"_self\" rel=\"bookmark noopener noreferrer\" class='uagb-image-ratio-inherit'><img decoding=\"async\" width=\"800\" height=\"400\" src=\"https:\/\/aviacionaldia.com\/wp-content\/uploads\/2025\/04\/Boeing-787.webp\" class=\"attachment-large size-large\" alt=\"\" srcset=\"https:\/\/aviacionaldia.com\/wp-content\/uploads\/2025\/04\/Boeing-787.webp 800w, https:\/\/aviacionaldia.com\/wp-content\/uploads\/2025\/04\/Boeing-787-300x150.webp 300w, https:\/\/aviacionaldia.com\/wp-content\/uploads\/2025\/04\/Boeing-787-768x384.webp 768w, https:\/\/aviacionaldia.com\/wp-content\/uploads\/2025\/04\/Boeing-787-380x190.webp 380w\" sizes=\"(max-width: 800px) 100vw, 800px\" \/>\t\t\t\t\t<\/a>\n\t\t\t\t\t\t\t<\/div>\n\t\t\t\t\t\t<h4 class=\"uagb-post__title uagb-post__text\">\n\t\t\t\t<a href=\"https:\/\/aviacionaldia.com\/en\/2026\/08\/faa-mandates-inspections-for-select-boeing-787s-over-potential-structural-defects.html\" target=\"_self\" rel=\"bookmark noopener noreferrer\">FAA Mandates Inspections for Select Boeing 787s Over Potential Structural Defects<\/a>\n\t\t\t<\/h4>\n\t\t\t\t\t\t<div class='uagb-post__text uagb-post-grid-byline'>\n\t\t\t\t\t\t\t<\/div>\n\t\t\t\t\t\t<div class=\"uagb-post__text uagb-post__cta wp-block-button\">\n\t\t\t\t<a class=\"wp-block-button__link uagb-text-link\" style=\"\" href=\"https:\/\/aviacionaldia.com\/en\/2026\/08\/faa-mandates-inspections-for-select-boeing-787s-over-potential-structural-defects.html\" target=\"_self\" rel=\"bookmark noopener noreferrer\">Read More<\/a>\n\t\t\t<\/div>\n\t\t\t\n\t\t\t\t\t\t\t\t\t<\/article>\n\t\t\t\t\t\t\t\t\t\t\t\t\t\t\t\t<article class=\"uagb-post__inner-wrap\">\t\t\t\t\t\t\t\t<div class='uagb-post__image'>\n\t\t\t\t\t\t\t\t\t<a href=\"https:\/\/aviacionaldia.com\/en\/2026\/08\/boeing-delivers-53-jets-in-july-down-11-from-june.html\" target=\"_self\" rel=\"bookmark noopener noreferrer\" class='uagb-image-ratio-inherit'><img decoding=\"async\" width=\"800\" height=\"400\" src=\"https:\/\/aviacionaldia.com\/wp-content\/uploads\/2024\/12\/Boeing-777-factory.jpg\" class=\"attachment-large size-large\" alt=\"\" srcset=\"https:\/\/aviacionaldia.com\/wp-content\/uploads\/2024\/12\/Boeing-777-factory.jpg 800w, https:\/\/aviacionaldia.com\/wp-content\/uploads\/2024\/12\/Boeing-777-factory-300x150.jpg 300w, https:\/\/aviacionaldia.com\/wp-content\/uploads\/2024\/12\/Boeing-777-factory-768x384.jpg 768w, https:\/\/aviacionaldia.com\/wp-content\/uploads\/2024\/12\/Boeing-777-factory-380x190.jpg 380w\" sizes=\"(max-width: 800px) 100vw, 800px\" \/>\t\t\t\t\t<\/a>\n\t\t\t\t\t\t\t<\/div>\n\t\t\t\t\t\t<h4 class=\"uagb-post__title uagb-post__text\">\n\t\t\t\t<a href=\"https:\/\/aviacionaldia.com\/en\/2026\/08\/boeing-delivers-53-jets-in-july-down-11-from-june.html\" target=\"_self\" rel=\"bookmark noopener noreferrer\">Boeing Delivers 53 Jets in July, Down 11 From June<\/a>\n\t\t\t<\/h4>\n\t\t\t\t\t\t<div class='uagb-post__text uagb-post-grid-byline'>\n\t\t\t\t\t\t\t<\/div>\n\t\t\t\t\t\t<div class=\"uagb-post__text uagb-post__cta wp-block-button\">\n\t\t\t\t<a class=\"wp-block-button__link uagb-text-link\" style=\"\" href=\"https:\/\/aviacionaldia.com\/en\/2026\/08\/boeing-delivers-53-jets-in-july-down-11-from-june.html\" target=\"_self\" rel=\"bookmark noopener noreferrer\">Read More<\/a>\n\t\t\t<\/div>\n\t\t\t\n\t\t\t\t\t\t\t\t\t<\/article>\n\t\t\t\t\t\t\t\t\t\t\t\t\t\t\t\t<article class=\"uagb-post__inner-wrap\">\t\t\t\t\t\t\t\t<div class='uagb-post__image'>\n\t\t\t\t\t\t\t\t\t<a href=\"https:\/\/aviacionaldia.com\/en\/2026\/08\/faa-orders-inspection-of-hundreds-of-boeing-737-max-aircraft-over-potential-fuselage-cracking.html\" target=\"_self\" rel=\"bookmark noopener noreferrer\" class='uagb-image-ratio-inherit'><img decoding=\"async\" width=\"800\" height=\"400\" src=\"https:\/\/aviacionaldia.com\/wp-content\/uploads\/2025\/05\/Boeing-737-MAX-Factory.webp\" class=\"attachment-large size-large\" alt=\"\" srcset=\"https:\/\/aviacionaldia.com\/wp-content\/uploads\/2025\/05\/Boeing-737-MAX-Factory.webp 800w, https:\/\/aviacionaldia.com\/wp-content\/uploads\/2025\/05\/Boeing-737-MAX-Factory-300x150.webp 300w, https:\/\/aviacionaldia.com\/wp-content\/uploads\/2025\/05\/Boeing-737-MAX-Factory-768x384.webp 768w, https:\/\/aviacionaldia.com\/wp-content\/uploads\/2025\/05\/Boeing-737-MAX-Factory-380x190.webp 380w\" sizes=\"(max-width: 800px) 100vw, 800px\" \/>\t\t\t\t\t<\/a>\n\t\t\t\t\t\t\t<\/div>\n\t\t\t\t\t\t<h4 class=\"uagb-post__title uagb-post__text\">\n\t\t\t\t<a href=\"https:\/\/aviacionaldia.com\/en\/2026\/08\/faa-orders-inspection-of-hundreds-of-boeing-737-max-aircraft-over-potential-fuselage-cracking.html\" target=\"_self\" rel=\"bookmark noopener noreferrer\">FAA Orders Inspection of Hundreds of Boeing 737 MAX Aircraft Over Potential Fuselage Cracking<\/a>\n\t\t\t<\/h4>\n\t\t\t\t\t\t<div class='uagb-post__text uagb-post-grid-byline'>\n\t\t\t\t\t\t\t<\/div>\n\t\t\t\t\t\t<div class=\"uagb-post__text uagb-post__cta wp-block-button\">\n\t\t\t\t<a class=\"wp-block-button__link uagb-text-link\" style=\"\" href=\"https:\/\/aviacionaldia.com\/en\/2026\/08\/faa-orders-inspection-of-hundreds-of-boeing-737-max-aircraft-over-potential-fuselage-cracking.html\" target=\"_self\" rel=\"bookmark noopener noreferrer\">Read More<\/a>\n\t\t\t<\/div>\n\t\t\t\n\t\t\t\t\t\t\t\t\t<\/article>\n\t\t\t\t\t\t\t\t\t\t\t<\/div>\n\t\t\t","protected":false},"excerpt":{"rendered":"European planemaker Airbus was forced to slow down deliveries of its A330neo model over the summer after discovering&hellip;\n","protected":false},"author":4316,"featured_media":191673,"comment_status":"open","ping_status":"closed","sticky":false,"template":"","format":"standard","meta":{"_uag_custom_page_level_css":"","footnotes":""},"categories":[190],"tags":[217,222],"class_list":{"0":"post-191689","1":"post","2":"type-post","3":"status-publish","4":"format-standard","5":"has-post-thumbnail","7":"category-the-industry","8":"tag-airbus-2","9":"tag-aircraft"},"uagb_featured_image_src":{"full":["https:\/\/aviacionaldia.com\/wp-content\/uploads\/2026\/09\/Airbus-A330neo.webp",800,400,false],"thumbnail":["https:\/\/aviacionaldia.com\/wp-content\/uploads\/2026\/09\/Airbus-A330neo-150x150.webp",150,150,true],"medium":["https:\/\/aviacionaldia.com\/wp-content\/uploads\/2026\/09\/Airbus-A330neo-300x150.webp",300,150,true],"medium_large":["https:\/\/aviacionaldia.com\/wp-content\/uploads\/2026\/09\/Airbus-A330neo-768x384.webp",768,384,true],"large":["https:\/\/aviacionaldia.com\/wp-content\/uploads\/2026\/09\/Airbus-A330neo.webp",800,400,false],"1536x1536":["https:\/\/aviacionaldia.com\/wp-content\/uploads\/2026\/09\/Airbus-A330neo.webp",800,400,false],"2048x2048":["https:\/\/aviacionaldia.com\/wp-content\/uploads\/2026\/09\/Airbus-A330neo.webp",800,400,false],"pk-small":["https:\/\/aviacionaldia.com\/wp-content\/uploads\/2026\/09\/Airbus-A330neo-80x80.webp",80,80,true],"pk-thumbnail":["https:\/\/aviacionaldia.com\/wp-content\/uploads\/2026\/09\/Airbus-A330neo-300x225.webp",300,225,true],"csco-small":["https:\/\/aviacionaldia.com\/wp-content\/uploads\/2026\/09\/Airbus-A330neo-80x80.webp",80,80,true],"csco-intermediate":["https:\/\/aviacionaldia.com\/wp-content\/uploads\/2026\/09\/Airbus-A330neo-200x140.webp",200,140,true],"csco-thumbnail":["https:\/\/aviacionaldia.com\/wp-content\/uploads\/2026\/09\/Airbus-A330neo-380x220.webp",380,220,true],"csco-thumbnail-alternative":["https:\/\/aviacionaldia.com\/wp-content\/uploads\/2026\/09\/Airbus-A330neo-300x180.webp",300,180,true],"csco-thumbnail-uncropped":["https:\/\/aviacionaldia.com\/wp-content\/uploads\/2026\/09\/Airbus-A330neo-380x190.webp",380,190,true],"csco-medium":["https:\/\/aviacionaldia.com\/wp-content\/uploads\/2026\/09\/Airbus-A330neo.webp",800,400,false],"csco-medium-alternative":["https:\/\/aviacionaldia.com\/wp-content\/uploads\/2026\/09\/Airbus-A330neo-560x336.webp",560,336,true],"csco-medium-uncropped":["https:\/\/aviacionaldia.com\/wp-content\/uploads\/2026\/09\/Airbus-A330neo.webp",800,400,false],"csco-large":["https:\/\/aviacionaldia.com\/wp-content\/uploads\/2026\/09\/Airbus-A330neo.webp",800,400,false],"csco-large-uncropped":["https:\/\/aviacionaldia.com\/wp-content\/uploads\/2026\/09\/Airbus-A330neo.webp",800,400,false],"csco-extra-large":["https:\/\/aviacionaldia.com\/wp-content\/uploads\/2026\/09\/Airbus-A330neo.webp",800,400,false]},"uagb_author_info":{"display_name":"Redacci\u00f3n - Aviaci\u00f3n al D\u00eda","author_link":"https:\/\/aviacionaldia.com\/en\/author\/aad"},"uagb_comment_info":0,"uagb_excerpt":"European planemaker Airbus was forced to slow down deliveries of its A330neo model over the summer after discovering&hellip;","amp_enabled":true,"_links":{"self":[{"href":"https:\/\/aviacionaldia.com\/en\/wp-json\/wp\/v2\/posts\/191689","targetHints":{"allow":["GET"]}}],"collection":[{"href":"https:\/\/aviacionaldia.com\/en\/wp-json\/wp\/v2\/posts"}],"about":[{"href":"https:\/\/aviacionaldia.com\/en\/wp-json\/wp\/v2\/types\/post"}],"author":[{"embeddable":true,"href":"https:\/\/aviacionaldia.com\/en\/wp-json\/wp\/v2\/users\/4316"}],"replies":[{"embeddable":true,"href":"https:\/\/aviacionaldia.com\/en\/wp-json\/wp\/v2\/comments?post=191689"}],"version-history":[{"count":1,"href":"https:\/\/aviacionaldia.com\/en\/wp-json\/wp\/v2\/posts\/191689\/revisions"}],"predecessor-version":[{"id":191690,"href":"https:\/\/aviacionaldia.com\/en\/wp-json\/wp\/v2\/posts\/191689\/revisions\/191690"}],"wp:featuredmedia":[{"embeddable":true,"href":"https:\/\/aviacionaldia.com\/en\/wp-json\/wp\/v2\/media\/191673"}],"wp:attachment":[{"href":"https:\/\/aviacionaldia.com\/en\/wp-json\/wp\/v2\/media?parent=191689"}],"wp:term":[{"taxonomy":"category","embeddable":true,"href":"https:\/\/aviacionaldia.com\/en\/wp-json\/wp\/v2\/categories?post=191689"},{"taxonomy":"post_tag","embeddable":true,"href":"https:\/\/aviacionaldia.com\/en\/wp-json\/wp\/v2\/tags?post=191689"}],"curies":[{"name":"wp","href":"https:\/\/api.w.org\/{rel}","templated":true}]}}