{"id":191709,"date":"2026-09-04T12:30:01","date_gmt":"2026-09-04T12:30:01","guid":{"rendered":"https:\/\/aviacionaldia.com\/?p=191709"},"modified":"2026-09-04T21:00:17","modified_gmt":"2026-09-04T21:00:17","slug":"ana-expands-regional-fleet-with-additional-order-for-eight-embraer-e190-e2s","status":"publish","type":"post","link":"https:\/\/aviacionaldia.com\/en\/2026\/09\/ana-expands-regional-fleet-with-additional-order-for-eight-embraer-e190-e2s.html","title":{"rendered":"ANA Expands Regional Fleet with Additional Order for Eight Embraer E190-E2s"},"content":{"rendered":"\n<p><strong>ANA Holdings <\/strong>and Brazilian manufacturer <strong>Embraer<\/strong> announced the signing of a firm contract for the purchase of eight E190-E2 aircraft. This agreement consolidates the aviation group&#8217;s prior decision announced on July 29, 2026.<\/p>\n\n\n\n<p>The new order builds upon the original purchase contract for 15 firm orders for the E190-E2, which was announced in 2025. With this addition:<\/p>\n\n\n\n<ul class=\"wp-block-list\">\n<li>ANA&#8217;s total firm orders for the E2 aircraft family rise to 23 units.<\/li>\n\n\n\n<li>ANA retains five additional options for E190-E2 acquisitions.<\/li>\n\n\n\n<li>Delivery of the first E2 aircraft for ANA is scheduled for 2028.<\/li>\n<\/ul>\n\n\n\n<p><strong><em>\u2192 <a href=\"https:\/\/aviacionaldia.com\/en\/2026\/09\/embraer-delivers-2000th-e-jet-solidifying-the-program-as-one-of-commercial-aviations-most-successful.html\">Embraer Delivers 2,000th E-Jet, Solidifying the Program as One of Commercial Aviation\u2019s Most Successful<\/a><\/em><\/strong><\/p>\n\n\n\n<h2 class=\"wp-block-heading\">Operational Impact, Efficiency, and Regional Connectivity<\/h2>\n\n\n\n<p>The introduction of these small narrowbody aircraft aims to accelerate the development of a sustainable regional aviation network in Japan, while enhancing the passenger experience and cost efficiency.<\/p>\n\n\n\n<p>Koji Shibata, President and Chief Executive Officer of ANA, highlighted that the transaction reflects confidence in Embraer&#8217;s technology to reduce both environmental impact and operating costs, alongside deepening the strategic partnership between both companies to elevate regional connectivity.<\/p>\n\n\n\n<p>Meanwhile, Arjan Meijer, President and CEO of Embraer Commercial Aviation, emphasized that the fuel efficiency and economics of the E190-E2 model will support route expansion across Japan with greater comfort and space for travelers.<\/p>\n\n\n\n<p>With the initial delivery slated for 2028, ANA will proceed with operational planning to integrate the E190-E2 fleet, strengthening connectivity across the Japanese archipelago and driving down its environmental footprint.<\/p>\n\n\n\n<h2 class=\"wp-block-heading\" id=\"related-topics\">Related Topics<\/h2>\n\n\n\n\t\t\t<div class=\"wp-block-uagb-post-grid uagb-post-grid  uagb-post__image-position-top uagb-post__image-enabled uagb-block-9e302684     uagb-post__items uagb-post__columns-2 is-grid uagb-post__columns-tablet-2 uagb-post__columns-mobile-1 uagb-post__equal-height\" data-total=\"214\" style=\"\">\n\n\t\t\t\t\t\t\t\t\t\t\t\t<article class=\"uagb-post__inner-wrap\">\t\t\t\t\t\t\t\t<div class='uagb-post__image'>\n\t\t\t\t\t\t\t\t\t<a href=\"https:\/\/aviacionaldia.com\/en\/2026\/09\/boeing-pays-3-1-million-faa-fine-over-multiple-safety-violations.html\" target=\"_self\" rel=\"bookmark noopener noreferrer\" class='uagb-image-ratio-inherit'><img decoding=\"async\" width=\"800\" height=\"400\" src=\"https:\/\/aviacionaldia.com\/wp-content\/uploads\/2024\/01\/Alaska-Airlines-Incidente.jpg\" class=\"attachment-large size-large\" alt=\"\" srcset=\"https:\/\/aviacionaldia.com\/wp-content\/uploads\/2024\/01\/Alaska-Airlines-Incidente.jpg 800w, https:\/\/aviacionaldia.com\/wp-content\/uploads\/2024\/01\/Alaska-Airlines-Incidente-300x150.jpg 300w, https:\/\/aviacionaldia.com\/wp-content\/uploads\/2024\/01\/Alaska-Airlines-Incidente-768x384.jpg 768w, https:\/\/aviacionaldia.com\/wp-content\/uploads\/2024\/01\/Alaska-Airlines-Incidente-380x190.jpg 380w\" sizes=\"(max-width: 800px) 100vw, 800px\" \/>\t\t\t\t\t<\/a>\n\t\t\t\t\t\t\t<\/div>\n\t\t\t\t\t\t<h4 class=\"uagb-post__title uagb-post__text\">\n\t\t\t\t<a href=\"https:\/\/aviacionaldia.com\/en\/2026\/09\/boeing-pays-3-1-million-faa-fine-over-multiple-safety-violations.html\" target=\"_self\" rel=\"bookmark noopener noreferrer\">Boeing Pays $3.1 Million FAA Fine over Multiple Safety Violations<\/a>\n\t\t\t<\/h4>\n\t\t\t\t\t\t<div class='uagb-post__text uagb-post-grid-byline'>\n\t\t\t\t\t\t\t<\/div>\n\t\t\t\t\t\t<div class=\"uagb-post__text uagb-post__cta wp-block-button\">\n\t\t\t\t<a class=\"wp-block-button__link uagb-text-link\" style=\"\" href=\"https:\/\/aviacionaldia.com\/en\/2026\/09\/boeing-pays-3-1-million-faa-fine-over-multiple-safety-violations.html\" target=\"_self\" rel=\"bookmark noopener noreferrer\">Read More<\/a>\n\t\t\t<\/div>\n\t\t\t\n\t\t\t\t\t\t\t\t\t<\/article>\n\t\t\t\t\t\t\t\t\t\t\t\t\t\t\t\t<article class=\"uagb-post__inner-wrap\">\t\t\t\t\t\t\t\t<div class='uagb-post__image'>\n\t\t\t\t\t\t\t\t\t<a href=\"https:\/\/aviacionaldia.com\/en\/2026\/08\/faa-mandates-inspections-for-select-boeing-787s-over-potential-structural-defects.html\" target=\"_self\" rel=\"bookmark noopener noreferrer\" class='uagb-image-ratio-inherit'><img decoding=\"async\" width=\"800\" height=\"400\" src=\"https:\/\/aviacionaldia.com\/wp-content\/uploads\/2025\/04\/Boeing-787.webp\" class=\"attachment-large size-large\" alt=\"\" srcset=\"https:\/\/aviacionaldia.com\/wp-content\/uploads\/2025\/04\/Boeing-787.webp 800w, https:\/\/aviacionaldia.com\/wp-content\/uploads\/2025\/04\/Boeing-787-300x150.webp 300w, https:\/\/aviacionaldia.com\/wp-content\/uploads\/2025\/04\/Boeing-787-768x384.webp 768w, https:\/\/aviacionaldia.com\/wp-content\/uploads\/2025\/04\/Boeing-787-380x190.webp 380w\" sizes=\"(max-width: 800px) 100vw, 800px\" \/>\t\t\t\t\t<\/a>\n\t\t\t\t\t\t\t<\/div>\n\t\t\t\t\t\t<h4 class=\"uagb-post__title uagb-post__text\">\n\t\t\t\t<a href=\"https:\/\/aviacionaldia.com\/en\/2026\/08\/faa-mandates-inspections-for-select-boeing-787s-over-potential-structural-defects.html\" target=\"_self\" rel=\"bookmark noopener noreferrer\">FAA Mandates Inspections for Select Boeing 787s Over Potential Structural Defects<\/a>\n\t\t\t<\/h4>\n\t\t\t\t\t\t<div class='uagb-post__text uagb-post-grid-byline'>\n\t\t\t\t\t\t\t<\/div>\n\t\t\t\t\t\t<div class=\"uagb-post__text uagb-post__cta wp-block-button\">\n\t\t\t\t<a class=\"wp-block-button__link uagb-text-link\" style=\"\" href=\"https:\/\/aviacionaldia.com\/en\/2026\/08\/faa-mandates-inspections-for-select-boeing-787s-over-potential-structural-defects.html\" target=\"_self\" rel=\"bookmark noopener noreferrer\">Read More<\/a>\n\t\t\t<\/div>\n\t\t\t\n\t\t\t\t\t\t\t\t\t<\/article>\n\t\t\t\t\t\t\t\t\t\t\t\t\t\t\t\t<article class=\"uagb-post__inner-wrap\">\t\t\t\t\t\t\t\t<div class='uagb-post__image'>\n\t\t\t\t\t\t\t\t\t<a href=\"https:\/\/aviacionaldia.com\/en\/2026\/08\/boeing-delivers-53-jets-in-july-down-11-from-june.html\" target=\"_self\" rel=\"bookmark noopener noreferrer\" class='uagb-image-ratio-inherit'><img decoding=\"async\" width=\"800\" height=\"400\" src=\"https:\/\/aviacionaldia.com\/wp-content\/uploads\/2024\/12\/Boeing-777-factory.jpg\" class=\"attachment-large size-large\" alt=\"\" srcset=\"https:\/\/aviacionaldia.com\/wp-content\/uploads\/2024\/12\/Boeing-777-factory.jpg 800w, https:\/\/aviacionaldia.com\/wp-content\/uploads\/2024\/12\/Boeing-777-factory-300x150.jpg 300w, https:\/\/aviacionaldia.com\/wp-content\/uploads\/2024\/12\/Boeing-777-factory-768x384.jpg 768w, https:\/\/aviacionaldia.com\/wp-content\/uploads\/2024\/12\/Boeing-777-factory-380x190.jpg 380w\" sizes=\"(max-width: 800px) 100vw, 800px\" \/>\t\t\t\t\t<\/a>\n\t\t\t\t\t\t\t<\/div>\n\t\t\t\t\t\t<h4 class=\"uagb-post__title uagb-post__text\">\n\t\t\t\t<a href=\"https:\/\/aviacionaldia.com\/en\/2026\/08\/boeing-delivers-53-jets-in-july-down-11-from-june.html\" target=\"_self\" rel=\"bookmark noopener noreferrer\">Boeing Delivers 53 Jets in July, Down 11 From June<\/a>\n\t\t\t<\/h4>\n\t\t\t\t\t\t<div class='uagb-post__text uagb-post-grid-byline'>\n\t\t\t\t\t\t\t<\/div>\n\t\t\t\t\t\t<div class=\"uagb-post__text uagb-post__cta wp-block-button\">\n\t\t\t\t<a class=\"wp-block-button__link uagb-text-link\" style=\"\" href=\"https:\/\/aviacionaldia.com\/en\/2026\/08\/boeing-delivers-53-jets-in-july-down-11-from-june.html\" target=\"_self\" rel=\"bookmark noopener noreferrer\">Read More<\/a>\n\t\t\t<\/div>\n\t\t\t\n\t\t\t\t\t\t\t\t\t<\/article>\n\t\t\t\t\t\t\t\t\t\t\t\t\t\t\t\t<article class=\"uagb-post__inner-wrap\">\t\t\t\t\t\t\t\t<div class='uagb-post__image'>\n\t\t\t\t\t\t\t\t\t<a href=\"https:\/\/aviacionaldia.com\/en\/2026\/08\/faa-orders-inspection-of-hundreds-of-boeing-737-max-aircraft-over-potential-fuselage-cracking.html\" target=\"_self\" rel=\"bookmark noopener noreferrer\" class='uagb-image-ratio-inherit'><img decoding=\"async\" width=\"800\" height=\"400\" src=\"https:\/\/aviacionaldia.com\/wp-content\/uploads\/2025\/05\/Boeing-737-MAX-Factory.webp\" class=\"attachment-large size-large\" alt=\"\" srcset=\"https:\/\/aviacionaldia.com\/wp-content\/uploads\/2025\/05\/Boeing-737-MAX-Factory.webp 800w, https:\/\/aviacionaldia.com\/wp-content\/uploads\/2025\/05\/Boeing-737-MAX-Factory-300x150.webp 300w, https:\/\/aviacionaldia.com\/wp-content\/uploads\/2025\/05\/Boeing-737-MAX-Factory-768x384.webp 768w, https:\/\/aviacionaldia.com\/wp-content\/uploads\/2025\/05\/Boeing-737-MAX-Factory-380x190.webp 380w\" sizes=\"(max-width: 800px) 100vw, 800px\" \/>\t\t\t\t\t<\/a>\n\t\t\t\t\t\t\t<\/div>\n\t\t\t\t\t\t<h4 class=\"uagb-post__title uagb-post__text\">\n\t\t\t\t<a href=\"https:\/\/aviacionaldia.com\/en\/2026\/08\/faa-orders-inspection-of-hundreds-of-boeing-737-max-aircraft-over-potential-fuselage-cracking.html\" target=\"_self\" rel=\"bookmark noopener noreferrer\">FAA Orders Inspection of Hundreds of Boeing 737 MAX Aircraft Over Potential Fuselage Cracking<\/a>\n\t\t\t<\/h4>\n\t\t\t\t\t\t<div class='uagb-post__text uagb-post-grid-byline'>\n\t\t\t\t\t\t\t<\/div>\n\t\t\t\t\t\t<div class=\"uagb-post__text uagb-post__cta wp-block-button\">\n\t\t\t\t<a class=\"wp-block-button__link uagb-text-link\" style=\"\" href=\"https:\/\/aviacionaldia.com\/en\/2026\/08\/faa-orders-inspection-of-hundreds-of-boeing-737-max-aircraft-over-potential-fuselage-cracking.html\" target=\"_self\" rel=\"bookmark noopener noreferrer\">Read More<\/a>\n\t\t\t<\/div>\n\t\t\t\n\t\t\t\t\t\t\t\t\t<\/article>\n\t\t\t\t\t\t\t\t\t\t\t<\/div>\n\t\t\t","protected":false},"excerpt":{"rendered":"ANA Holdings and Brazilian manufacturer Embraer announced the signing of a firm contract for the purchase of eight&hellip;\n","protected":false},"author":4316,"featured_media":171900,"comment_status":"open","ping_status":"closed","sticky":false,"template":"","format":"standard","meta":{"_uag_custom_page_level_css":"","footnotes":""},"categories":[1],"tags":[222,230,559,465,378],"class_list":{"0":"post-191709","1":"post","2":"type-post","3":"status-publish","4":"format-standard","5":"has-post-thumbnail","7":"category-airlines","8":"tag-aircraft","9":"tag-airline","10":"tag-ana-2","11":"tag-asia-2","12":"tag-embraer-2"},"uagb_featured_image_src":{"full":["https:\/\/aviacionaldia.com\/wp-content\/uploads\/2025\/02\/ANA-Embraer-E190-E2.webp",800,400,false],"thumbnail":["https:\/\/aviacionaldia.com\/wp-content\/uploads\/2025\/02\/ANA-Embraer-E190-E2-150x150.webp",150,150,true],"medium":["https:\/\/aviacionaldia.com\/wp-content\/uploads\/2025\/02\/ANA-Embraer-E190-E2-300x150.webp",300,150,true],"medium_large":["https:\/\/aviacionaldia.com\/wp-content\/uploads\/2025\/02\/ANA-Embraer-E190-E2-768x384.webp",768,384,true],"large":["https:\/\/aviacionaldia.com\/wp-content\/uploads\/2025\/02\/ANA-Embraer-E190-E2.webp",800,400,false],"1536x1536":["https:\/\/aviacionaldia.com\/wp-content\/uploads\/2025\/02\/ANA-Embraer-E190-E2.webp",800,400,false],"2048x2048":["https:\/\/aviacionaldia.com\/wp-content\/uploads\/2025\/02\/ANA-Embraer-E190-E2.webp",800,400,false],"pk-small":["https:\/\/aviacionaldia.com\/wp-content\/uploads\/2025\/02\/ANA-Embraer-E190-E2.webp",80,40,false],"pk-thumbnail":["https:\/\/aviacionaldia.com\/wp-content\/uploads\/2025\/02\/ANA-Embraer-E190-E2.webp",300,150,false],"csco-small":["https:\/\/aviacionaldia.com\/wp-content\/uploads\/2025\/02\/ANA-Embraer-E190-E2-80x80.webp",80,80,true],"csco-intermediate":["https:\/\/aviacionaldia.com\/wp-content\/uploads\/2025\/02\/ANA-Embraer-E190-E2-200x140.webp",200,140,true],"csco-thumbnail":["https:\/\/aviacionaldia.com\/wp-content\/uploads\/2025\/02\/ANA-Embraer-E190-E2-380x220.webp",380,220,true],"csco-thumbnail-alternative":["https:\/\/aviacionaldia.com\/wp-content\/uploads\/2025\/02\/ANA-Embraer-E190-E2-300x180.webp",300,180,true],"csco-thumbnail-uncropped":["https:\/\/aviacionaldia.com\/wp-content\/uploads\/2025\/02\/ANA-Embraer-E190-E2-380x190.webp",380,190,true],"csco-medium":["https:\/\/aviacionaldia.com\/wp-content\/uploads\/2025\/02\/ANA-Embraer-E190-E2.webp",800,400,false],"csco-medium-alternative":["https:\/\/aviacionaldia.com\/wp-content\/uploads\/2025\/02\/ANA-Embraer-E190-E2-560x336.webp",560,336,true],"csco-medium-uncropped":["https:\/\/aviacionaldia.com\/wp-content\/uploads\/2025\/02\/ANA-Embraer-E190-E2.webp",800,400,false],"csco-large":["https:\/\/aviacionaldia.com\/wp-content\/uploads\/2025\/02\/ANA-Embraer-E190-E2.webp",800,400,false],"csco-large-uncropped":["https:\/\/aviacionaldia.com\/wp-content\/uploads\/2025\/02\/ANA-Embraer-E190-E2.webp",800,400,false],"csco-extra-large":["https:\/\/aviacionaldia.com\/wp-content\/uploads\/2025\/02\/ANA-Embraer-E190-E2.webp",800,400,false]},"uagb_author_info":{"display_name":"Redacci\u00f3n - Aviaci\u00f3n al D\u00eda","author_link":"https:\/\/aviacionaldia.com\/en\/author\/aad"},"uagb_comment_info":0,"uagb_excerpt":"ANA Holdings and Brazilian manufacturer Embraer announced the signing of a firm contract for the purchase of eight&hellip;","amp_enabled":true,"_links":{"self":[{"href":"https:\/\/aviacionaldia.com\/en\/wp-json\/wp\/v2\/posts\/191709","targetHints":{"allow":["GET"]}}],"collection":[{"href":"https:\/\/aviacionaldia.com\/en\/wp-json\/wp\/v2\/posts"}],"about":[{"href":"https:\/\/aviacionaldia.com\/en\/wp-json\/wp\/v2\/types\/post"}],"author":[{"embeddable":true,"href":"https:\/\/aviacionaldia.com\/en\/wp-json\/wp\/v2\/users\/4316"}],"replies":[{"embeddable":true,"href":"https:\/\/aviacionaldia.com\/en\/wp-json\/wp\/v2\/comments?post=191709"}],"version-history":[{"count":1,"href":"https:\/\/aviacionaldia.com\/en\/wp-json\/wp\/v2\/posts\/191709\/revisions"}],"predecessor-version":[{"id":191710,"href":"https:\/\/aviacionaldia.com\/en\/wp-json\/wp\/v2\/posts\/191709\/revisions\/191710"}],"wp:featuredmedia":[{"embeddable":true,"href":"https:\/\/aviacionaldia.com\/en\/wp-json\/wp\/v2\/media\/171900"}],"wp:attachment":[{"href":"https:\/\/aviacionaldia.com\/en\/wp-json\/wp\/v2\/media?parent=191709"}],"wp:term":[{"taxonomy":"category","embeddable":true,"href":"https:\/\/aviacionaldia.com\/en\/wp-json\/wp\/v2\/categories?post=191709"},{"taxonomy":"post_tag","embeddable":true,"href":"https:\/\/aviacionaldia.com\/en\/wp-json\/wp\/v2\/tags?post=191709"}],"curies":[{"name":"wp","href":"https:\/\/api.w.org\/{rel}","templated":true}]}}